{"id":10030,"date":"2021-06-09T16:00:00","date_gmt":"2021-06-09T15:00:00","guid":{"rendered":"https:\/\/mag.abracadaroom.com\/fr\/?p=10030"},"modified":"2021-07-27T08:24:21","modified_gmt":"2021-07-27T07:24:21","slug":"interview-de-la-proprietaire-des-toues-cabanees-du-lac","status":"publish","type":"post","link":"https:\/\/mag.abracadaroom.com\/fr\/interview-de-la-proprietaire-des-toues-cabanees-du-lac\/","title":{"rendered":"Interview de la propri\u00e9taire des Toues Caban\u00e9es du Lac"},"content":{"rendered":"\n<p>Cette semaine, nous accueillons la propri\u00e9taire des Toues Caban\u00e9es du Lac, Aude, qui vous propose de <a rel=\"noreferrer noopener\" href=\"https:\/\/www.abracadaroom.com\/fr\/recherche\/?dest-label=Toues+Caban\u00e9es+du+Lac&amp;nb_adults=2&amp;nb_children=0&amp;nb_infants=0&amp;destination_id=634&amp;destination_type=domain&amp;type_id=&amp;theme_id=&amp;checkin=&amp;checkout=&amp;lat=&amp;lng=&amp;radius=&amp;geolocation-label=&amp;order=\" target=\"_blank\">s\u00e9journer dans des bateaux sur le Lac de Serre-Pon\u00e7on<\/a> ! On vous laisse d\u00e9couvrir l&rsquo;interview\u2026<\/p>\n\n\n\n<h2 class=\"wp-block-heading\">Pourriez-vous vous pr\u00e9senter aux lecteurs d&rsquo;AbracadaRoom\u00a0?<\/h2>\n\n\n\n<p>Je m&rsquo;appelle Aude, je suis responsable marketing d&rsquo;un groupe familial fran\u00e7ais !<\/p>\n\n\n\n<h2 class=\"wp-block-heading\">Pouvez-vous d\u00e9crire votre domaine en quelques mots ?<\/h2>\n\n\n\n<div class=\"wp-block-media-text alignwide is-stacked-on-mobile\"><figure class=\"wp-block-media-text__media\"><img decoding=\"async\" loading=\"lazy\" width=\"1024\" height=\"683\" src=\"https:\/\/mag.abracadaroom.com\/fr\/wp-content\/uploads\/2021\/06\/zCp2zqneGHq363K7765sqHemjFyKGuMp8WfaWUok-1-1024x683.jpg\" alt=\"\" class=\"wp-image-10036 size-full\" srcset=\"https:\/\/mag.abracadaroom.com\/fr\/wp-content\/uploads\/2021\/06\/zCp2zqneGHq363K7765sqHemjFyKGuMp8WfaWUok-1-1024x683.jpg 1024w, https:\/\/mag.abracadaroom.com\/fr\/wp-content\/uploads\/2021\/06\/zCp2zqneGHq363K7765sqHemjFyKGuMp8WfaWUok-1-324x216.jpg 324w, https:\/\/mag.abracadaroom.com\/fr\/wp-content\/uploads\/2021\/06\/zCp2zqneGHq363K7765sqHemjFyKGuMp8WfaWUok-1-768x512.jpg 768w, https:\/\/mag.abracadaroom.com\/fr\/wp-content\/uploads\/2021\/06\/zCp2zqneGHq363K7765sqHemjFyKGuMp8WfaWUok-1-1536x1024.jpg 1536w, https:\/\/mag.abracadaroom.com\/fr\/wp-content\/uploads\/2021\/06\/zCp2zqneGHq363K7765sqHemjFyKGuMp8WfaWUok-1-2048x1365.jpg 2048w, https:\/\/mag.abracadaroom.com\/fr\/wp-content\/uploads\/2021\/06\/zCp2zqneGHq363K7765sqHemjFyKGuMp8WfaWUok-1-696x464.jpg 696w, https:\/\/mag.abracadaroom.com\/fr\/wp-content\/uploads\/2021\/06\/zCp2zqneGHq363K7765sqHemjFyKGuMp8WfaWUok-1-1068x712.jpg 1068w, https:\/\/mag.abracadaroom.com\/fr\/wp-content\/uploads\/2021\/06\/zCp2zqneGHq363K7765sqHemjFyKGuMp8WfaWUok-1-630x420.jpg 630w, https:\/\/mag.abracadaroom.com\/fr\/wp-content\/uploads\/2021\/06\/zCp2zqneGHq363K7765sqHemjFyKGuMp8WfaWUok-1-1920x1280.jpg 1920w\" sizes=\"(max-width: 1024px) 100vw, 1024px\" \/><\/figure><div class=\"wp-block-media-text__content\">\n<p>Les Toues Caban\u00e9es du Lac est un tout nouveau domaine au bord d&rsquo;un restaurant d&rsquo;\u00e9t\u00e9, dans une crique secr\u00e8te au bord du lac de Serre-Pon\u00e7on. Nous proposons 3 toues caban\u00e9es \/ bateaux \u00e9quip\u00e9s, fixe au mouillage. Nos bateaux sont made in France, adapt\u00e9s aux familles et peuvent accueillir les animaux.<\/p>\n<\/div><\/div>\n\n\n\n<h2 class=\"wp-block-heading\">Quels sont vos points forts, vos atouts (en termes d\u2019humain, activit\u00e9s, repas, \u00e9cologie, produits propos\u00e9s, nature, d\u00e9paysement, aventure, etc.) ?<\/h2>\n\n\n\n<p>Tout d&rsquo;abord, l&rsquo;environnement et la vue panoramique qu&rsquo;offre le Lac de Serre-Pon\u00e7on est \u00e0 couper le souffle ! Les vacanciers pourront profiter d&rsquo;un moment \u00e9vasion, hors du temps \u00e0 bord de nos toues caban\u00e9es. De plus, ce type d&rsquo;h\u00e9bergement est plut\u00f4t rare dans la r\u00e9gion : en optant pour nos h\u00e9bergements vous optez pour la nouveaut\u00e9 !<\/p>\n\n\n\n<h2 class=\"wp-block-heading\">Quelles activit\u00e9s peut-on retrouver sur votre domaine ?<\/h2>\n\n\n\n<p>Au vu de l&#8217;emplacement du domaine, vous pourrez profiter de nombreuses activit\u00e9s telles que : cano\u00eb, paddle, voile, sports nautiques, p\u00e9tanque, restauration, p\u00eache, randonn\u00e9e, ping-pong, d\u00e9tente, etc.<\/p>\n\n\n\n<h2 class=\"wp-block-heading\">Quels sont les bons plans aux alentours de votre domaine ?<\/h2>\n\n\n\n<div class=\"wp-block-media-text alignwide has-media-on-the-right is-stacked-on-mobile\"><figure class=\"wp-block-media-text__media\"><img decoding=\"async\" loading=\"lazy\" width=\"1024\" height=\"827\" src=\"https:\/\/mag.abracadaroom.com\/fr\/wp-content\/uploads\/2021\/06\/V82gMpSDu0gsjnMcIfg88LbDLR6TFckZ3cwS9z6w-1024x827.jpg\" alt=\"\" class=\"wp-image-10038 size-full\" srcset=\"https:\/\/mag.abracadaroom.com\/fr\/wp-content\/uploads\/2021\/06\/V82gMpSDu0gsjnMcIfg88LbDLR6TFckZ3cwS9z6w-1024x827.jpg 1024w, https:\/\/mag.abracadaroom.com\/fr\/wp-content\/uploads\/2021\/06\/V82gMpSDu0gsjnMcIfg88LbDLR6TFckZ3cwS9z6w-324x262.jpg 324w, https:\/\/mag.abracadaroom.com\/fr\/wp-content\/uploads\/2021\/06\/V82gMpSDu0gsjnMcIfg88LbDLR6TFckZ3cwS9z6w-768x620.jpg 768w, https:\/\/mag.abracadaroom.com\/fr\/wp-content\/uploads\/2021\/06\/V82gMpSDu0gsjnMcIfg88LbDLR6TFckZ3cwS9z6w-1536x1241.jpg 1536w, https:\/\/mag.abracadaroom.com\/fr\/wp-content\/uploads\/2021\/06\/V82gMpSDu0gsjnMcIfg88LbDLR6TFckZ3cwS9z6w-2048x1654.jpg 2048w, https:\/\/mag.abracadaroom.com\/fr\/wp-content\/uploads\/2021\/06\/V82gMpSDu0gsjnMcIfg88LbDLR6TFckZ3cwS9z6w-696x562.jpg 696w, https:\/\/mag.abracadaroom.com\/fr\/wp-content\/uploads\/2021\/06\/V82gMpSDu0gsjnMcIfg88LbDLR6TFckZ3cwS9z6w-1068x863.jpg 1068w, https:\/\/mag.abracadaroom.com\/fr\/wp-content\/uploads\/2021\/06\/V82gMpSDu0gsjnMcIfg88LbDLR6TFckZ3cwS9z6w-520x420.jpg 520w, https:\/\/mag.abracadaroom.com\/fr\/wp-content\/uploads\/2021\/06\/V82gMpSDu0gsjnMcIfg88LbDLR6TFckZ3cwS9z6w-1920x1551.jpg 1920w\" sizes=\"(max-width: 1024px) 100vw, 1024px\" \/><\/figure><div class=\"wp-block-media-text__content\">\n<p>Vous pourrez tout simplement partir \u00e0 la d\u00e9couverte des Hautes-Alpes, une r\u00e9gion 100% nature et m\u00e9connue, avec des paysages d\u00e9concertants, pour toute la famille :\u00a0vous aurez la possibilit\u00e9 de pratiquer toutes les activit\u00e9s autour du lac de Serre-Pon\u00e7on, de profiter des activit\u00e9s de montagne mais \u00e9galement des richesses culturelles de notre r\u00e9gion (abbaye de Boscodon, c\u0153ur historique d&rsquo;Embrun) !<\/p>\n<\/div><\/div>\n\n\n\n<p>Vous pourrez tout simplement partir \u00e0 la d\u00e9couverte des Hautes-Alpes, une r\u00e9gion 100% nature et m\u00e9connue, avec des paysages d\u00e9concertants, pour toute la famille :\u00a0vous aurez la possibilit\u00e9 de pratiquer toutes les activit\u00e9s autour du lac de Serre-Pon\u00e7on, de profiter des activit\u00e9s de montagne mais \u00e9galement des richesses culturelles de notre r\u00e9gion (abbaye de Boscodon, c\u0153ur historique d&rsquo;Embrun) !<\/p>\n\n\n\n<h2 class=\"wp-block-heading\">Laissez un message \u00e0 nos lecteurs :<\/h2>\n\n\n\n<p>Le lac de Serre-Pon\u00e7on est un lieu pr\u00e9serv\u00e9 et m\u00e9connu, \u00e0 d\u00e9couvrir cet \u00e9t\u00e9 sans h\u00e9sitation !<\/p>\n\n\n\n<div class=\"wp-block-buttons is-content-justification-center is-layout-flex wp-block-buttons-is-layout-flex\">\n<div class=\"wp-block-button\"><a class=\"wp-block-button__link has-white-color has-text-color has-background\" href=\"https:\/\/www.abracadaroom.com\/fr\/location-toues-cabanees-du-lac-2401\/\" style=\"background-color:#01aeb6\" target=\"_blank\" rel=\"noreferrer noopener\">D\u00e9couvrir les Toues Caban\u00e9es du Lac !<\/a><\/div>\n<\/div>\n","protected":false},"excerpt":{"rendered":"<p>Cette semaine, nous accueillons la propri\u00e9taire des Toues Caban\u00e9es du Lac, Aude, qui vous propose de s\u00e9journer dans des bateaux sur le Lac de Serre-Pon\u00e7on ! On vous laisse d\u00e9couvrir l&rsquo;interview\u2026 Pourriez-vous vous pr\u00e9senter aux lecteurs d&rsquo;AbracadaRoom\u00a0? Je m&rsquo;appelle Aude, je suis responsable marketing d&rsquo;un groupe familial fran\u00e7ais ! Pouvez-vous d\u00e9crire votre domaine en quelques [&hellip;]<\/p>\n","protected":false},"author":8,"featured_media":10034,"comment_status":"open","ping_status":"open","sticky":false,"template":"","format":"standard","meta":{"om_disable_all_campaigns":false,"_uf_show_specific_survey":0,"_uf_disable_surveys":false,"footnotes":""},"categories":[10],"tags":[],"yoast_head":"<!-- This site is optimized with the Yoast SEO plugin v21.8 - https:\/\/yoast.com\/wordpress\/plugins\/seo\/ -->\n<title>Interview de la propri\u00e9taire des Toues Caban\u00e9es du Lac<\/title>\n<meta name=\"robots\" content=\"index, follow, max-snippet:-1, max-image-preview:large, max-video-preview:-1\" \/>\n<link rel=\"canonical\" href=\"https:\/\/mag.abracadaroom.com\/fr\/interview-de-la-proprietaire-des-toues-cabanees-du-lac\/\" \/>\n<meta property=\"og:locale\" content=\"fr_FR\" \/>\n<meta property=\"og:type\" content=\"article\" \/>\n<meta property=\"og:title\" content=\"Interview de la propri\u00e9taire des Toues Caban\u00e9es du Lac\" \/>\n<meta property=\"og:description\" content=\"Cette semaine, nous accueillons la propri\u00e9taire des Toues Caban\u00e9es du Lac, Aude, qui vous propose de s\u00e9journer dans des bateaux sur le Lac de Serre-Pon\u00e7on ! On vous laisse d\u00e9couvrir l&rsquo;interview\u2026 Pourriez-vous vous pr\u00e9senter aux lecteurs d&rsquo;AbracadaRoom\u00a0? Je m&rsquo;appelle Aude, je suis responsable marketing d&rsquo;un groupe familial fran\u00e7ais ! Pouvez-vous d\u00e9crire votre domaine en quelques [&hellip;]\" \/>\n<meta property=\"og:url\" content=\"https:\/\/mag.abracadaroom.com\/fr\/interview-de-la-proprietaire-des-toues-cabanees-du-lac\/\" \/>\n<meta property=\"og:site_name\" content=\"Le blog du tourisme insolite\" \/>\n<meta property=\"article:publisher\" content=\"https:\/\/www.facebook.com\/abracadaroom\" \/>\n<meta property=\"article:published_time\" content=\"2021-06-09T15:00:00+00:00\" \/>\n<meta property=\"article:modified_time\" content=\"2021-07-27T07:24:21+00:00\" \/>\n<meta property=\"og:image\" content=\"https:\/\/mag.abracadaroom.com\/fr\/wp-content\/uploads\/2021\/06\/nEHDm13M4VC7R7ulJLEQMYOOWtxDam8Xx4Gnh2x2-scaled.jpg\" \/>\n\t<meta property=\"og:image:width\" content=\"2560\" \/>\n\t<meta property=\"og:image:height\" content=\"1703\" \/>\n\t<meta property=\"og:image:type\" content=\"image\/jpeg\" \/>\n<meta name=\"author\" content=\"Oumay\" \/>\n<meta name=\"twitter:card\" content=\"summary_large_image\" \/>\n<meta name=\"twitter:creator\" content=\"@abracadaroom\" \/>\n<meta name=\"twitter:site\" content=\"@abracadaroom\" \/>\n<meta name=\"twitter:label1\" content=\"\u00c9crit par\" \/>\n\t<meta name=\"twitter:data1\" content=\"Oumay\" \/>\n\t<meta name=\"twitter:label2\" content=\"Dur\u00e9e de lecture estim\u00e9e\" \/>\n\t<meta name=\"twitter:data2\" content=\"2 minutes\" \/>\n<script type=\"application\/ld+json\" class=\"yoast-schema-graph\">{\"@context\":\"https:\/\/schema.org\",\"@graph\":[{\"@type\":\"WebPage\",\"@id\":\"https:\/\/mag.abracadaroom.com\/fr\/interview-de-la-proprietaire-des-toues-cabanees-du-lac\/\",\"url\":\"https:\/\/mag.abracadaroom.com\/fr\/interview-de-la-proprietaire-des-toues-cabanees-du-lac\/\",\"name\":\"Interview de la propri\u00e9taire des Toues Caban\u00e9es du Lac\",\"isPartOf\":{\"@id\":\"https:\/\/mag.abracadaroom.com\/fr\/#website\"},\"datePublished\":\"2021-06-09T15:00:00+00:00\",\"dateModified\":\"2021-07-27T07:24:21+00:00\",\"author\":{\"@id\":\"https:\/\/mag.abracadaroom.com\/fr\/#\/schema\/person\/c12fff50dd61fb4dbce6819851805f9d\"},\"breadcrumb\":{\"@id\":\"https:\/\/mag.abracadaroom.com\/fr\/interview-de-la-proprietaire-des-toues-cabanees-du-lac\/#breadcrumb\"},\"inLanguage\":\"fr-FR\",\"potentialAction\":[{\"@type\":\"ReadAction\",\"target\":[\"https:\/\/mag.abracadaroom.com\/fr\/interview-de-la-proprietaire-des-toues-cabanees-du-lac\/\"]}]},{\"@type\":\"BreadcrumbList\",\"@id\":\"https:\/\/mag.abracadaroom.com\/fr\/interview-de-la-proprietaire-des-toues-cabanees-du-lac\/#breadcrumb\",\"itemListElement\":[{\"@type\":\"ListItem\",\"position\":1,\"name\":\"Home\",\"item\":\"https:\/\/mag.abracadaroom.com\/fr\/\"},{\"@type\":\"ListItem\",\"position\":2,\"name\":\"Interview de la propri\u00e9taire des Toues Caban\u00e9es du Lac\"}]},{\"@type\":\"WebSite\",\"@id\":\"https:\/\/mag.abracadaroom.com\/fr\/#website\",\"url\":\"https:\/\/mag.abracadaroom.com\/fr\/\",\"name\":\"Le blog du tourisme insolite\",\"description\":\"\",\"potentialAction\":[{\"@type\":\"SearchAction\",\"target\":{\"@type\":\"EntryPoint\",\"urlTemplate\":\"https:\/\/mag.abracadaroom.com\/fr\/?s={search_term_string}\"},\"query-input\":\"required name=search_term_string\"}],\"inLanguage\":\"fr-FR\"},{\"@type\":\"Person\",\"@id\":\"https:\/\/mag.abracadaroom.com\/fr\/#\/schema\/person\/c12fff50dd61fb4dbce6819851805f9d\",\"name\":\"Oumay\",\"image\":{\"@type\":\"ImageObject\",\"inLanguage\":\"fr-FR\",\"@id\":\"https:\/\/mag.abracadaroom.com\/fr\/#\/schema\/person\/image\/\",\"url\":\"https:\/\/secure.gravatar.com\/avatar\/14cf8522d67c8b18ca19bb5f27b1459f?s=96&d=mm&r=g\",\"contentUrl\":\"https:\/\/secure.gravatar.com\/avatar\/14cf8522d67c8b18ca19bb5f27b1459f?s=96&d=mm&r=g\",\"caption\":\"Oumay\"},\"url\":\"https:\/\/mag.abracadaroom.com\/fr\/author\/oumay\/\"}]}<\/script>\n<!-- \/ Yoast SEO plugin. -->","yoast_head_json":{"title":"Interview de la propri\u00e9taire des Toues Caban\u00e9es du Lac","robots":{"index":"index","follow":"follow","max-snippet":"max-snippet:-1","max-image-preview":"max-image-preview:large","max-video-preview":"max-video-preview:-1"},"canonical":"https:\/\/mag.abracadaroom.com\/fr\/interview-de-la-proprietaire-des-toues-cabanees-du-lac\/","og_locale":"fr_FR","og_type":"article","og_title":"Interview de la propri\u00e9taire des Toues Caban\u00e9es du Lac","og_description":"Cette semaine, nous accueillons la propri\u00e9taire des Toues Caban\u00e9es du Lac, Aude, qui vous propose de s\u00e9journer dans des bateaux sur le Lac de Serre-Pon\u00e7on ! On vous laisse d\u00e9couvrir l&rsquo;interview\u2026 Pourriez-vous vous pr\u00e9senter aux lecteurs d&rsquo;AbracadaRoom\u00a0? Je m&rsquo;appelle Aude, je suis responsable marketing d&rsquo;un groupe familial fran\u00e7ais ! Pouvez-vous d\u00e9crire votre domaine en quelques [&hellip;]","og_url":"https:\/\/mag.abracadaroom.com\/fr\/interview-de-la-proprietaire-des-toues-cabanees-du-lac\/","og_site_name":"Le blog du tourisme insolite","article_publisher":"https:\/\/www.facebook.com\/abracadaroom","article_published_time":"2021-06-09T15:00:00+00:00","article_modified_time":"2021-07-27T07:24:21+00:00","og_image":[{"width":2560,"height":1703,"url":"https:\/\/mag.abracadaroom.com\/fr\/wp-content\/uploads\/2021\/06\/nEHDm13M4VC7R7ulJLEQMYOOWtxDam8Xx4Gnh2x2-scaled.jpg","type":"image\/jpeg"}],"author":"Oumay","twitter_card":"summary_large_image","twitter_creator":"@abracadaroom","twitter_site":"@abracadaroom","twitter_misc":{"\u00c9crit par":"Oumay","Dur\u00e9e de lecture estim\u00e9e":"2 minutes"},"schema":{"@context":"https:\/\/schema.org","@graph":[{"@type":"WebPage","@id":"https:\/\/mag.abracadaroom.com\/fr\/interview-de-la-proprietaire-des-toues-cabanees-du-lac\/","url":"https:\/\/mag.abracadaroom.com\/fr\/interview-de-la-proprietaire-des-toues-cabanees-du-lac\/","name":"Interview de la propri\u00e9taire des Toues Caban\u00e9es du Lac","isPartOf":{"@id":"https:\/\/mag.abracadaroom.com\/fr\/#website"},"datePublished":"2021-06-09T15:00:00+00:00","dateModified":"2021-07-27T07:24:21+00:00","author":{"@id":"https:\/\/mag.abracadaroom.com\/fr\/#\/schema\/person\/c12fff50dd61fb4dbce6819851805f9d"},"breadcrumb":{"@id":"https:\/\/mag.abracadaroom.com\/fr\/interview-de-la-proprietaire-des-toues-cabanees-du-lac\/#breadcrumb"},"inLanguage":"fr-FR","potentialAction":[{"@type":"ReadAction","target":["https:\/\/mag.abracadaroom.com\/fr\/interview-de-la-proprietaire-des-toues-cabanees-du-lac\/"]}]},{"@type":"BreadcrumbList","@id":"https:\/\/mag.abracadaroom.com\/fr\/interview-de-la-proprietaire-des-toues-cabanees-du-lac\/#breadcrumb","itemListElement":[{"@type":"ListItem","position":1,"name":"Home","item":"https:\/\/mag.abracadaroom.com\/fr\/"},{"@type":"ListItem","position":2,"name":"Interview de la propri\u00e9taire des Toues Caban\u00e9es du Lac"}]},{"@type":"WebSite","@id":"https:\/\/mag.abracadaroom.com\/fr\/#website","url":"https:\/\/mag.abracadaroom.com\/fr\/","name":"Le blog du tourisme insolite","description":"","potentialAction":[{"@type":"SearchAction","target":{"@type":"EntryPoint","urlTemplate":"https:\/\/mag.abracadaroom.com\/fr\/?s={search_term_string}"},"query-input":"required name=search_term_string"}],"inLanguage":"fr-FR"},{"@type":"Person","@id":"https:\/\/mag.abracadaroom.com\/fr\/#\/schema\/person\/c12fff50dd61fb4dbce6819851805f9d","name":"Oumay","image":{"@type":"ImageObject","inLanguage":"fr-FR","@id":"https:\/\/mag.abracadaroom.com\/fr\/#\/schema\/person\/image\/","url":"https:\/\/secure.gravatar.com\/avatar\/14cf8522d67c8b18ca19bb5f27b1459f?s=96&d=mm&r=g","contentUrl":"https:\/\/secure.gravatar.com\/avatar\/14cf8522d67c8b18ca19bb5f27b1459f?s=96&d=mm&r=g","caption":"Oumay"},"url":"https:\/\/mag.abracadaroom.com\/fr\/author\/oumay\/"}]}},"_links":{"self":[{"href":"https:\/\/mag.abracadaroom.com\/fr\/wp-json\/wp\/v2\/posts\/10030"}],"collection":[{"href":"https:\/\/mag.abracadaroom.com\/fr\/wp-json\/wp\/v2\/posts"}],"about":[{"href":"https:\/\/mag.abracadaroom.com\/fr\/wp-json\/wp\/v2\/types\/post"}],"author":[{"embeddable":true,"href":"https:\/\/mag.abracadaroom.com\/fr\/wp-json\/wp\/v2\/users\/8"}],"replies":[{"embeddable":true,"href":"https:\/\/mag.abracadaroom.com\/fr\/wp-json\/wp\/v2\/comments?post=10030"}],"version-history":[{"count":6,"href":"https:\/\/mag.abracadaroom.com\/fr\/wp-json\/wp\/v2\/posts\/10030\/revisions"}],"predecessor-version":[{"id":10040,"href":"https:\/\/mag.abracadaroom.com\/fr\/wp-json\/wp\/v2\/posts\/10030\/revisions\/10040"}],"wp:featuredmedia":[{"embeddable":true,"href":"https:\/\/mag.abracadaroom.com\/fr\/wp-json\/wp\/v2\/media\/10034"}],"wp:attachment":[{"href":"https:\/\/mag.abracadaroom.com\/fr\/wp-json\/wp\/v2\/media?parent=10030"}],"wp:term":[{"taxonomy":"category","embeddable":true,"href":"https:\/\/mag.abracadaroom.com\/fr\/wp-json\/wp\/v2\/categories?post=10030"},{"taxonomy":"post_tag","embeddable":true,"href":"https:\/\/mag.abracadaroom.com\/fr\/wp-json\/wp\/v2\/tags?post=10030"}],"curies":[{"name":"wp","href":"https:\/\/api.w.org\/{rel}","templated":true}]}}