{"id":10156,"date":"2021-07-16T15:11:21","date_gmt":"2021-07-16T14:11:21","guid":{"rendered":"https:\/\/mag.abracadaroom.com\/fr\/?p=10156"},"modified":"2021-07-26T08:38:58","modified_gmt":"2021-07-26T07:38:58","slug":"interview-proprietaire-les-bulles-perchees-de-lartigue","status":"publish","type":"post","link":"https:\/\/mag.abracadaroom.com\/fr\/interview-proprietaire-les-bulles-perchees-de-lartigue\/","title":{"rendered":"Interview propri\u00e9taire : Les Bulles perch\u00e9es de Lartigue"},"content":{"rendered":"\n<p>Cette semaine, nous accueillons le propri\u00e9taire des Bulles Perch\u00e9es de Lartigue, Philippe, qui vous propose de s\u00e9journer dans une <a href=\"https:\/\/www.abracadaroom.com\/fr\/reservation-les-bulles-perchees-de-lartigue-bulles-bulles-perchees-de-lartigue-3280\/\" target=\"_blank\" rel=\"noreferrer noopener\">bulle avec spa privatif dans le Gers !<\/a> On vous laisse d\u00e9couvrir l&rsquo;interview\u2026<\/p>\n\n\n\n<h2 class=\"wp-block-heading\">Pourriez-vous vous pr\u00e9senter aux lecteurs d&rsquo;AbracadaRoom&nbsp;?<\/h2>\n\n\n\n<div class=\"wp-block-image\"><figure class=\"alignright size-large is-resized\"><img decoding=\"async\" loading=\"lazy\" src=\"https:\/\/mag.abracadaroom.com\/fr\/wp-content\/uploads\/2021\/07\/Rachelle-philippe.jpg\" alt=\"\" class=\"wp-image-10198\" width=\"351\" height=\"236\" srcset=\"https:\/\/mag.abracadaroom.com\/fr\/wp-content\/uploads\/2021\/07\/Rachelle-philippe.jpg 701w, https:\/\/mag.abracadaroom.com\/fr\/wp-content\/uploads\/2021\/07\/Rachelle-philippe-324x218.jpg 324w, https:\/\/mag.abracadaroom.com\/fr\/wp-content\/uploads\/2021\/07\/Rachelle-philippe-696x469.jpg 696w, https:\/\/mag.abracadaroom.com\/fr\/wp-content\/uploads\/2021\/07\/Rachelle-philippe-624x420.jpg 624w\" sizes=\"(max-width: 351px) 100vw, 351px\" \/><\/figure><\/div>\n\n\n\n<p>Ancien propri\u00e9taire d&rsquo;un restaurant camping, je suis familier de l&rsquo;h\u00e9bergement et de la restauration. J&rsquo;ai cr\u00e9\u00e9 des chambres d&rsquo;h\u00f4tes et h\u00e9bergements insolites, \u00ab\u00a0les Bulles Perch\u00e9es de Lartigue\u00a0\u00bb,&nbsp;pour une sorte de pr\u00e9-retraite.<\/p>\n\n\n\n<h2 class=\"wp-block-heading\">Pouvez-vous d\u00e9crire votre domaine en quelques mots ?<\/h2>\n\n\n\n<p>Nous sommes situ\u00e9s entre l&rsquo;Armagnac et le St mont au c\u0153ur de la nature et du bon vivre Gersois. Avec 2 chambres d&rsquo;h\u00f4te et une bulle perch\u00e9e nous gardons une taille humaine qui nous permet d&rsquo;\u00eatre tr\u00e8s disponibles pour nos h\u00f4tes. \u00c0 l\u2019\u00e9cart de tout regard sur une parcelle d&rsquo;un ha avec des ch\u00eanes centenaires nous offrons un cadre champ\u00eatre avec des prestations de qualit\u00e9s. (Piscine, spa, bain finlandais), table d&rsquo;h\u00f4tes.<\/p>\n\n\n\n<h2 class=\"wp-block-heading\">Quels sont vos points forts, vos atouts (en termes d\u2019humain, activit\u00e9s, repas, \u00e9cologie, produits propos\u00e9s, nature, d\u00e9paysement, aventure, etc.) ?<\/h2>\n\n\n\n<p>Nos 30 ans d&rsquo;exp\u00e9rience dans la restauration et l&rsquo;h\u00e9bergement nous permettent d&rsquo;apporter un c\u00f4t\u00e9 professionnel \u00e0 notre activit\u00e9. Notre table d&rsquo;h\u00f4tes vous fera voyager du Gers \u00e0 l&rsquo;orient avec du fait maison avec les produits de nos producteurs voisins. Notre animation \u00ab\u00a0les z&rsquo;ap\u00e8ros intelligents\u00a0\u00bb vous fera d\u00e9couvrir le vignoble de fa\u00e7on ludique et gustatif.<br>Simplicit\u00e9, calme, d\u00e9tente et plaisir, c&rsquo;est tout ce que vous retrouverez en venant s\u00e9journer chez nous.<br>Vous \u00eates bien ! Prolongez votre s\u00e9jour insolite avec une chambre d&rsquo;h\u00f4te et continuez de profiter de nos installations (piscine, spa, bain nordique, table d&rsquo;h\u00f4tes).<\/p>\n\n\n\n<h2 class=\"wp-block-heading\" style=\"font-size:29px\">Quelles activit\u00e9s pouvons-nous retrouver sur votre domaine ?<\/h2>\n\n\n\n<div class=\"wp-block-media-text alignwide is-stacked-on-mobile\"><figure class=\"wp-block-media-text__media\"><img decoding=\"async\" loading=\"lazy\" width=\"1024\" height=\"685\" src=\"https:\/\/mag.abracadaroom.com\/fr\/wp-content\/uploads\/2021\/07\/PDPdQtOog5RlMIi1CWQMTCEOz6wZDceQB1HhxKFU-1024x685.jpg\" alt=\"\" class=\"wp-image-10197 size-full\" srcset=\"https:\/\/mag.abracadaroom.com\/fr\/wp-content\/uploads\/2021\/07\/PDPdQtOog5RlMIi1CWQMTCEOz6wZDceQB1HhxKFU-1024x685.jpg 1024w, https:\/\/mag.abracadaroom.com\/fr\/wp-content\/uploads\/2021\/07\/PDPdQtOog5RlMIi1CWQMTCEOz6wZDceQB1HhxKFU-324x217.jpg 324w, https:\/\/mag.abracadaroom.com\/fr\/wp-content\/uploads\/2021\/07\/PDPdQtOog5RlMIi1CWQMTCEOz6wZDceQB1HhxKFU-768x514.jpg 768w, https:\/\/mag.abracadaroom.com\/fr\/wp-content\/uploads\/2021\/07\/PDPdQtOog5RlMIi1CWQMTCEOz6wZDceQB1HhxKFU-1536x1028.jpg 1536w, https:\/\/mag.abracadaroom.com\/fr\/wp-content\/uploads\/2021\/07\/PDPdQtOog5RlMIi1CWQMTCEOz6wZDceQB1HhxKFU-2048x1371.jpg 2048w, https:\/\/mag.abracadaroom.com\/fr\/wp-content\/uploads\/2021\/07\/PDPdQtOog5RlMIi1CWQMTCEOz6wZDceQB1HhxKFU-696x466.jpg 696w, https:\/\/mag.abracadaroom.com\/fr\/wp-content\/uploads\/2021\/07\/PDPdQtOog5RlMIi1CWQMTCEOz6wZDceQB1HhxKFU-1068x715.jpg 1068w, https:\/\/mag.abracadaroom.com\/fr\/wp-content\/uploads\/2021\/07\/PDPdQtOog5RlMIi1CWQMTCEOz6wZDceQB1HhxKFU-627x420.jpg 627w, https:\/\/mag.abracadaroom.com\/fr\/wp-content\/uploads\/2021\/07\/PDPdQtOog5RlMIi1CWQMTCEOz6wZDceQB1HhxKFU-1920x1285.jpg 1920w\" sizes=\"(max-width: 1024px) 100vw, 1024px\" \/><\/figure><div class=\"wp-block-media-text__content\">\n<p><strong><em>\u00ab\u00a0Les z&rsquo;ap\u00e9ros intelligents\u00a0\u00bb<\/em><\/strong><br>Ils ne le sont pas toujours (intelligents) les ap\u00e9ros. Mais juste avant le bon repas du soir nous vous proposons cette petite animation \u00e0 la fois ludique et gustative.<\/p>\n\n\n\n<p>Initiation \u00e0 la d\u00e9gustation, on l&rsquo;observe, on le sent, on le d\u00e9guste et on le d\u00e9couvre et&nbsp;on en parle&#8230;Le vin rouge, blanc ou ros\u00e9 accompagn\u00e9 d&rsquo;une d\u00e9licieuse planche de tapas avec les produits maison et de nos producteurs voisins.<\/p>\n<\/div><\/div>\n\n\n\n<p>D\u00e9gustation \u00e0 l&rsquo;aveugle, blindtest autour des ar\u00f4mes, jeux sur la connaissance du vignoble. Simplicit\u00e9, convivialit\u00e9, bonne humeur et passion seront les codes de la soir\u00e9e.<br>Et comme disait le peintre Albigeois Henri de TOULOUSE LAUTREC<br>\u00ab\u00a0Je boirais du lait quand les vaches brouteront du raisin\u00a0\u00bb.<\/p>\n\n\n\n<p><strong><em>The th\u00e9rapie<\/em><\/strong><br>Autour d&rsquo;un th\u00e9 et petit g\u00e2teaux, Rachelle vous demande votre date de naissance et c&rsquo;est parti pour le d\u00e9roulement de votre vie gr\u00e2ce \u00e0 la num\u00e9rologie. Et on en redemande&#8230; Chacun veut en savoir plus&#8230; septique ou pas nous restons tous un peu curieux de notre avenir.<\/p>\n\n\n\n<h2 class=\"wp-block-heading\">Quels sont les bons plans aux alentours de votre domaine ?<\/h2>\n\n\n\n<p>Bien s\u00fbr le vignoble de St mont et la cave de Plaimont, mais aussi l&rsquo;Armagnac. Tout proche une magnifique jardin exotique, le mus\u00e9e d&rsquo;Artagnan au village de Lupiac, le v\u00e9lo rail \u00e0 Nogaro et aussi le circuit automobile et les incontournables f\u00e9rias et festivals musicaux avec l&rsquo;incontournable \u00ab\u00a0jazz in Marciac\u00a0\u00bb.<\/p>\n\n\n\n<h2 class=\"wp-block-heading\">Avez-vous une exp\u00e9rience ou une anecdote au sein de votre domaine \u00e0 nous raconter ?<\/h2>\n\n\n\n<div class=\"wp-block-media-text alignwide has-media-on-the-right is-stacked-on-mobile is-image-fill\"><figure class=\"wp-block-media-text__media\" style=\"background-image:url(https:\/\/mag.abracadaroom.com\/fr\/wp-content\/uploads\/2021\/07\/0gjID5eeHstRgYXyHdAsvlWGnrN6QHAwbVuS901j-1024x769.jpg);background-position:50% 50%\"><img decoding=\"async\" loading=\"lazy\" width=\"1024\" height=\"769\" src=\"https:\/\/mag.abracadaroom.com\/fr\/wp-content\/uploads\/2021\/07\/0gjID5eeHstRgYXyHdAsvlWGnrN6QHAwbVuS901j-1024x769.jpg\" alt=\"\" class=\"wp-image-10199 size-full\" srcset=\"https:\/\/mag.abracadaroom.com\/fr\/wp-content\/uploads\/2021\/07\/0gjID5eeHstRgYXyHdAsvlWGnrN6QHAwbVuS901j-1024x769.jpg 1024w, https:\/\/mag.abracadaroom.com\/fr\/wp-content\/uploads\/2021\/07\/0gjID5eeHstRgYXyHdAsvlWGnrN6QHAwbVuS901j-324x243.jpg 324w, https:\/\/mag.abracadaroom.com\/fr\/wp-content\/uploads\/2021\/07\/0gjID5eeHstRgYXyHdAsvlWGnrN6QHAwbVuS901j-768x577.jpg 768w, https:\/\/mag.abracadaroom.com\/fr\/wp-content\/uploads\/2021\/07\/0gjID5eeHstRgYXyHdAsvlWGnrN6QHAwbVuS901j-80x60.jpg 80w, https:\/\/mag.abracadaroom.com\/fr\/wp-content\/uploads\/2021\/07\/0gjID5eeHstRgYXyHdAsvlWGnrN6QHAwbVuS901j-265x198.jpg 265w, https:\/\/mag.abracadaroom.com\/fr\/wp-content\/uploads\/2021\/07\/0gjID5eeHstRgYXyHdAsvlWGnrN6QHAwbVuS901j-696x523.jpg 696w, https:\/\/mag.abracadaroom.com\/fr\/wp-content\/uploads\/2021\/07\/0gjID5eeHstRgYXyHdAsvlWGnrN6QHAwbVuS901j-1068x802.jpg 1068w, https:\/\/mag.abracadaroom.com\/fr\/wp-content\/uploads\/2021\/07\/0gjID5eeHstRgYXyHdAsvlWGnrN6QHAwbVuS901j-559x420.jpg 559w, https:\/\/mag.abracadaroom.com\/fr\/wp-content\/uploads\/2021\/07\/0gjID5eeHstRgYXyHdAsvlWGnrN6QHAwbVuS901j.jpg 1366w\" sizes=\"(max-width: 1024px) 100vw, 1024px\" \/><\/figure><div class=\"wp-block-media-text__content\">\n<p class=\"has-normal-font-size\">Pas vraiment d&rsquo;anecdote car notre activit\u00e9 est toute r\u00e9cente, mais en 30 ann\u00e9es de restauration et h\u00e9bergement nous avons beaucoup d&rsquo;histoires \u00e0 vous raconter&#8230;&#8230;&#8230;.mais \u00e7a sera chez nous devans un bon verre de vin.<\/p>\n<\/div><\/div>\n\n\n\n<h2 class=\"wp-block-heading\">Laissez un message \u00e0 nos lecteurs :<\/h2>\n\n\n\n<p>Vous souhaitez vivre une exp\u00e9rience unique, alors venez vite nous rencontrer&#8230;on s&rsquo;occupe de tout<\/p>\n\n\n\n<p><\/p>\n\n\n\n<div class=\"wp-block-buttons is-content-justification-center is-layout-flex wp-block-buttons-is-layout-flex\">\n<div class=\"wp-block-button\"><a class=\"wp-block-button__link has-background\" href=\"https:\/\/www.abracadaroom.com\/fr\/location-les-bulles-perchees-de-lartigue-2419\/\" style=\"background-color:#01aeb6\" target=\"_blank\" rel=\"noreferrer noopener\">D\u00e9couvrir les Bulles Perch\u00e9es de Lartigue<\/a><\/div>\n<\/div>\n\n\n\n<p>D\u00e9couvrez toutes nos autres interviews propri\u00e9taires en <a href=\"https:\/\/mag.abracadaroom.com\/fr\/interview-proprietaire\/\">cliquant ici<\/a>.<\/p>\n","protected":false},"excerpt":{"rendered":"<p>Cette semaine, nous accueillons le propri\u00e9taire des Bulles Perch\u00e9es de Lartigue, Philippe, qui vous propose de s\u00e9journer dans une bulle avec spa privatif dans le Gers ! On vous laisse d\u00e9couvrir l&rsquo;interview\u2026 Pourriez-vous vous pr\u00e9senter aux lecteurs d&rsquo;AbracadaRoom&nbsp;? Ancien propri\u00e9taire d&rsquo;un restaurant camping, je suis familier de l&rsquo;h\u00e9bergement et de la restauration. J&rsquo;ai cr\u00e9\u00e9 des [&hellip;]<\/p>\n","protected":false},"author":12,"featured_media":10217,"comment_status":"open","ping_status":"open","sticky":false,"template":"","format":"standard","meta":{"om_disable_all_campaigns":false,"_uf_show_specific_survey":0,"_uf_disable_surveys":false,"footnotes":""},"categories":[10],"tags":[],"yoast_head":"<!-- This site is optimized with the Yoast SEO plugin v21.8 - https:\/\/yoast.com\/wordpress\/plugins\/seo\/ -->\n<title>Interview propri\u00e9taire : Les Bulles perch\u00e9es de Lartigue<\/title>\n<meta name=\"description\" content=\"Cette semaine, nous accueillons le propri\u00e9taire des Bulles Perch\u00e9es de Lartigue, Philippe, qui vous propose de s\u00e9journer dans une bulle avec spa privatif !\" \/>\n<meta name=\"robots\" content=\"index, follow, max-snippet:-1, max-image-preview:large, max-video-preview:-1\" \/>\n<link rel=\"canonical\" href=\"https:\/\/mag.abracadaroom.com\/fr\/interview-proprietaire-les-bulles-perchees-de-lartigue\/\" \/>\n<meta property=\"og:locale\" content=\"fr_FR\" \/>\n<meta property=\"og:type\" content=\"article\" \/>\n<meta property=\"og:title\" content=\"Interview propri\u00e9taire : Les Bulles perch\u00e9es de Lartigue\" \/>\n<meta property=\"og:description\" content=\"Cette semaine, nous accueillons le propri\u00e9taire des Bulles Perch\u00e9es de Lartigue, Philippe, qui vous propose de s\u00e9journer dans une bulle avec spa privatif !\" \/>\n<meta property=\"og:url\" content=\"https:\/\/mag.abracadaroom.com\/fr\/interview-proprietaire-les-bulles-perchees-de-lartigue\/\" \/>\n<meta property=\"og:site_name\" content=\"Le blog du tourisme insolite\" \/>\n<meta property=\"article:publisher\" content=\"https:\/\/www.facebook.com\/abracadaroom\" \/>\n<meta property=\"article:published_time\" content=\"2021-07-16T14:11:21+00:00\" \/>\n<meta property=\"article:modified_time\" content=\"2021-07-26T07:38:58+00:00\" \/>\n<meta property=\"og:image\" content=\"https:\/\/mag.abracadaroom.com\/fr\/wp-content\/uploads\/2021\/07\/0gjID5eeHstRgYXyHdAsvlWGnrN6QHAwbVuS901j-1.jpg\" \/>\n\t<meta property=\"og:image:width\" content=\"1366\" \/>\n\t<meta property=\"og:image:height\" content=\"1026\" \/>\n\t<meta property=\"og:image:type\" content=\"image\/jpeg\" \/>\n<meta name=\"author\" content=\"Juliana\" \/>\n<meta name=\"twitter:card\" content=\"summary_large_image\" \/>\n<meta name=\"twitter:creator\" content=\"@abracadaroom\" \/>\n<meta name=\"twitter:site\" content=\"@abracadaroom\" \/>\n<meta name=\"twitter:label1\" content=\"\u00c9crit par\" \/>\n\t<meta name=\"twitter:data1\" content=\"Juliana\" \/>\n\t<meta name=\"twitter:label2\" content=\"Dur\u00e9e de lecture estim\u00e9e\" \/>\n\t<meta name=\"twitter:data2\" content=\"3 minutes\" \/>\n<script type=\"application\/ld+json\" class=\"yoast-schema-graph\">{\"@context\":\"https:\/\/schema.org\",\"@graph\":[{\"@type\":\"WebPage\",\"@id\":\"https:\/\/mag.abracadaroom.com\/fr\/interview-proprietaire-les-bulles-perchees-de-lartigue\/\",\"url\":\"https:\/\/mag.abracadaroom.com\/fr\/interview-proprietaire-les-bulles-perchees-de-lartigue\/\",\"name\":\"Interview propri\u00e9taire : Les Bulles perch\u00e9es de Lartigue\",\"isPartOf\":{\"@id\":\"https:\/\/mag.abracadaroom.com\/fr\/#website\"},\"datePublished\":\"2021-07-16T14:11:21+00:00\",\"dateModified\":\"2021-07-26T07:38:58+00:00\",\"author\":{\"@id\":\"https:\/\/mag.abracadaroom.com\/fr\/#\/schema\/person\/fa197b9cb690e32885539872f2a20b04\"},\"description\":\"Cette semaine, nous accueillons le propri\u00e9taire des Bulles Perch\u00e9es de Lartigue, Philippe, qui vous propose de s\u00e9journer dans une bulle avec spa privatif !\",\"breadcrumb\":{\"@id\":\"https:\/\/mag.abracadaroom.com\/fr\/interview-proprietaire-les-bulles-perchees-de-lartigue\/#breadcrumb\"},\"inLanguage\":\"fr-FR\",\"potentialAction\":[{\"@type\":\"ReadAction\",\"target\":[\"https:\/\/mag.abracadaroom.com\/fr\/interview-proprietaire-les-bulles-perchees-de-lartigue\/\"]}]},{\"@type\":\"BreadcrumbList\",\"@id\":\"https:\/\/mag.abracadaroom.com\/fr\/interview-proprietaire-les-bulles-perchees-de-lartigue\/#breadcrumb\",\"itemListElement\":[{\"@type\":\"ListItem\",\"position\":1,\"name\":\"Home\",\"item\":\"https:\/\/mag.abracadaroom.com\/fr\/\"},{\"@type\":\"ListItem\",\"position\":2,\"name\":\"Interview propri\u00e9taire : Les Bulles perch\u00e9es de Lartigue\"}]},{\"@type\":\"WebSite\",\"@id\":\"https:\/\/mag.abracadaroom.com\/fr\/#website\",\"url\":\"https:\/\/mag.abracadaroom.com\/fr\/\",\"name\":\"Le blog du tourisme insolite\",\"description\":\"\",\"potentialAction\":[{\"@type\":\"SearchAction\",\"target\":{\"@type\":\"EntryPoint\",\"urlTemplate\":\"https:\/\/mag.abracadaroom.com\/fr\/?s={search_term_string}\"},\"query-input\":\"required name=search_term_string\"}],\"inLanguage\":\"fr-FR\"},{\"@type\":\"Person\",\"@id\":\"https:\/\/mag.abracadaroom.com\/fr\/#\/schema\/person\/fa197b9cb690e32885539872f2a20b04\",\"name\":\"Juliana\",\"image\":{\"@type\":\"ImageObject\",\"inLanguage\":\"fr-FR\",\"@id\":\"https:\/\/mag.abracadaroom.com\/fr\/#\/schema\/person\/image\/\",\"url\":\"https:\/\/secure.gravatar.com\/avatar\/dca21c981e2ed4df4fe0d23a8e98b31e?s=96&d=mm&r=g\",\"contentUrl\":\"https:\/\/secure.gravatar.com\/avatar\/dca21c981e2ed4df4fe0d23a8e98b31e?s=96&d=mm&r=g\",\"caption\":\"Juliana\"},\"url\":\"https:\/\/mag.abracadaroom.com\/fr\/author\/juliana\/\"}]}<\/script>\n<!-- \/ Yoast SEO plugin. -->","yoast_head_json":{"title":"Interview propri\u00e9taire : Les Bulles perch\u00e9es de Lartigue","description":"Cette semaine, nous accueillons le propri\u00e9taire des Bulles Perch\u00e9es de Lartigue, Philippe, qui vous propose de s\u00e9journer dans une bulle avec spa privatif !","robots":{"index":"index","follow":"follow","max-snippet":"max-snippet:-1","max-image-preview":"max-image-preview:large","max-video-preview":"max-video-preview:-1"},"canonical":"https:\/\/mag.abracadaroom.com\/fr\/interview-proprietaire-les-bulles-perchees-de-lartigue\/","og_locale":"fr_FR","og_type":"article","og_title":"Interview propri\u00e9taire : Les Bulles perch\u00e9es de Lartigue","og_description":"Cette semaine, nous accueillons le propri\u00e9taire des Bulles Perch\u00e9es de Lartigue, Philippe, qui vous propose de s\u00e9journer dans une bulle avec spa privatif !","og_url":"https:\/\/mag.abracadaroom.com\/fr\/interview-proprietaire-les-bulles-perchees-de-lartigue\/","og_site_name":"Le blog du tourisme insolite","article_publisher":"https:\/\/www.facebook.com\/abracadaroom","article_published_time":"2021-07-16T14:11:21+00:00","article_modified_time":"2021-07-26T07:38:58+00:00","og_image":[{"width":1366,"height":1026,"url":"https:\/\/mag.abracadaroom.com\/fr\/wp-content\/uploads\/2021\/07\/0gjID5eeHstRgYXyHdAsvlWGnrN6QHAwbVuS901j-1.jpg","type":"image\/jpeg"}],"author":"Juliana","twitter_card":"summary_large_image","twitter_creator":"@abracadaroom","twitter_site":"@abracadaroom","twitter_misc":{"\u00c9crit par":"Juliana","Dur\u00e9e de lecture estim\u00e9e":"3 minutes"},"schema":{"@context":"https:\/\/schema.org","@graph":[{"@type":"WebPage","@id":"https:\/\/mag.abracadaroom.com\/fr\/interview-proprietaire-les-bulles-perchees-de-lartigue\/","url":"https:\/\/mag.abracadaroom.com\/fr\/interview-proprietaire-les-bulles-perchees-de-lartigue\/","name":"Interview propri\u00e9taire : Les Bulles perch\u00e9es de Lartigue","isPartOf":{"@id":"https:\/\/mag.abracadaroom.com\/fr\/#website"},"datePublished":"2021-07-16T14:11:21+00:00","dateModified":"2021-07-26T07:38:58+00:00","author":{"@id":"https:\/\/mag.abracadaroom.com\/fr\/#\/schema\/person\/fa197b9cb690e32885539872f2a20b04"},"description":"Cette semaine, nous accueillons le propri\u00e9taire des Bulles Perch\u00e9es de Lartigue, Philippe, qui vous propose de s\u00e9journer dans une bulle avec spa privatif !","breadcrumb":{"@id":"https:\/\/mag.abracadaroom.com\/fr\/interview-proprietaire-les-bulles-perchees-de-lartigue\/#breadcrumb"},"inLanguage":"fr-FR","potentialAction":[{"@type":"ReadAction","target":["https:\/\/mag.abracadaroom.com\/fr\/interview-proprietaire-les-bulles-perchees-de-lartigue\/"]}]},{"@type":"BreadcrumbList","@id":"https:\/\/mag.abracadaroom.com\/fr\/interview-proprietaire-les-bulles-perchees-de-lartigue\/#breadcrumb","itemListElement":[{"@type":"ListItem","position":1,"name":"Home","item":"https:\/\/mag.abracadaroom.com\/fr\/"},{"@type":"ListItem","position":2,"name":"Interview propri\u00e9taire : Les Bulles perch\u00e9es de Lartigue"}]},{"@type":"WebSite","@id":"https:\/\/mag.abracadaroom.com\/fr\/#website","url":"https:\/\/mag.abracadaroom.com\/fr\/","name":"Le blog du tourisme insolite","description":"","potentialAction":[{"@type":"SearchAction","target":{"@type":"EntryPoint","urlTemplate":"https:\/\/mag.abracadaroom.com\/fr\/?s={search_term_string}"},"query-input":"required name=search_term_string"}],"inLanguage":"fr-FR"},{"@type":"Person","@id":"https:\/\/mag.abracadaroom.com\/fr\/#\/schema\/person\/fa197b9cb690e32885539872f2a20b04","name":"Juliana","image":{"@type":"ImageObject","inLanguage":"fr-FR","@id":"https:\/\/mag.abracadaroom.com\/fr\/#\/schema\/person\/image\/","url":"https:\/\/secure.gravatar.com\/avatar\/dca21c981e2ed4df4fe0d23a8e98b31e?s=96&d=mm&r=g","contentUrl":"https:\/\/secure.gravatar.com\/avatar\/dca21c981e2ed4df4fe0d23a8e98b31e?s=96&d=mm&r=g","caption":"Juliana"},"url":"https:\/\/mag.abracadaroom.com\/fr\/author\/juliana\/"}]}},"_links":{"self":[{"href":"https:\/\/mag.abracadaroom.com\/fr\/wp-json\/wp\/v2\/posts\/10156"}],"collection":[{"href":"https:\/\/mag.abracadaroom.com\/fr\/wp-json\/wp\/v2\/posts"}],"about":[{"href":"https:\/\/mag.abracadaroom.com\/fr\/wp-json\/wp\/v2\/types\/post"}],"author":[{"embeddable":true,"href":"https:\/\/mag.abracadaroom.com\/fr\/wp-json\/wp\/v2\/users\/12"}],"replies":[{"embeddable":true,"href":"https:\/\/mag.abracadaroom.com\/fr\/wp-json\/wp\/v2\/comments?post=10156"}],"version-history":[{"count":4,"href":"https:\/\/mag.abracadaroom.com\/fr\/wp-json\/wp\/v2\/posts\/10156\/revisions"}],"predecessor-version":[{"id":10218,"href":"https:\/\/mag.abracadaroom.com\/fr\/wp-json\/wp\/v2\/posts\/10156\/revisions\/10218"}],"wp:featuredmedia":[{"embeddable":true,"href":"https:\/\/mag.abracadaroom.com\/fr\/wp-json\/wp\/v2\/media\/10217"}],"wp:attachment":[{"href":"https:\/\/mag.abracadaroom.com\/fr\/wp-json\/wp\/v2\/media?parent=10156"}],"wp:term":[{"taxonomy":"category","embeddable":true,"href":"https:\/\/mag.abracadaroom.com\/fr\/wp-json\/wp\/v2\/categories?post=10156"},{"taxonomy":"post_tag","embeddable":true,"href":"https:\/\/mag.abracadaroom.com\/fr\/wp-json\/wp\/v2\/tags?post=10156"}],"curies":[{"name":"wp","href":"https:\/\/api.w.org\/{rel}","templated":true}]}}