{"id":12513,"date":"2024-06-17T08:00:00","date_gmt":"2024-06-17T07:00:00","guid":{"rendered":"https:\/\/mag.abracadaroom.com\/fr\/?p=12513"},"modified":"2024-12-16T14:16:27","modified_gmt":"2024-12-16T13:16:27","slug":"brouillon-autotourisme-du-sommeil-tendance-2024","status":"publish","type":"post","link":"https:\/\/mag.abracadaroom.com\/fr\/brouillon-autotourisme-du-sommeil-tendance-2024\/","title":{"rendered":"Le tourisme du sommeil, nouvelle tendance 2024"},"content":{"rendered":"\n<p><strong>Partir en vacances pour bien dormir<\/strong>, en voil\u00e0 une id\u00e9e fantasque ! Vous auriez davantage tendance \u00e0 effectuer de nombreuses visites, tester diverses activit\u00e9s, explorer les environs ? Eh bien, en 2024, appr\u00eatez-vous \u00e0 <strong>repenser votre fa\u00e7on de voyager<\/strong> avec le tourisme du sommeil ou <em>sleep tourisme <\/em>! Cette nouvelle tendance vous invite effectivement \u00e0 placer le repos au centre de votre s\u00e9jour. Le but ? Vous ressourcer au travers d\u2019une v\u00e9ritable <strong>exp\u00e9rience bien-\u00eatre<\/strong> qui allie d\u00e9tente, changement d\u2019habitudes et d\u00e9connexion. AbracadaRoom vous explique illico de quoi il s\u2019agit, et vous pr\u00e9sente trois h\u00e9bergements insolites o\u00f9 <strong>dormir sur vos deux oreilles<\/strong> !<\/p>\n\n\n\n<h2 class=\"wp-block-heading\">Tendance 2024 : qu\u2019est-ce que le tourisme du sommeil ?<\/h2>\n\n\n<div class=\"wp-block-image\">\n<figure class=\"alignleft size-full is-resized\"><img decoding=\"async\" loading=\"lazy\" width=\"1024\" height=\"683\" src=\"https:\/\/mag.abracadaroom.com\/fr\/wp-content\/uploads\/2024\/06\/photo-lit-1024x683-2.png\" alt=\"\" class=\"wp-image-12516\" style=\"aspect-ratio:1.499267935578331;width:401px;height:auto\" srcset=\"https:\/\/mag.abracadaroom.com\/fr\/wp-content\/uploads\/2024\/06\/photo-lit-1024x683-2.png 1024w, https:\/\/mag.abracadaroom.com\/fr\/wp-content\/uploads\/2024\/06\/photo-lit-1024x683-2-324x216.png 324w, https:\/\/mag.abracadaroom.com\/fr\/wp-content\/uploads\/2024\/06\/photo-lit-1024x683-2-768x512.png 768w, https:\/\/mag.abracadaroom.com\/fr\/wp-content\/uploads\/2024\/06\/photo-lit-1024x683-2-696x464.png 696w, https:\/\/mag.abracadaroom.com\/fr\/wp-content\/uploads\/2024\/06\/photo-lit-1024x683-2-630x420.png 630w\" sizes=\"(max-width: 1024px) 100vw, 1024px\" \/><\/figure><\/div>\n\n\n<p>Cette ann\u00e9e, parmi les tendances marquantes du secteur du voyage, on retrouve syst\u00e9matiquement le <em>sleep tourisme<\/em>. Si vous n\u2019avez encore jamais entendu parler de cette mouvance touristique, rassurez-vous. Il ne s\u2019agit pas de vous rendre en pyjama jusqu\u2019\u00e0 votre lieu de vill\u00e9giature ! Non, le principe du <strong>tourisme du sommeil<\/strong> est simple : arr\u00eater de courir partout en permanence et partir en week-end (ou plus !) pour <strong>mieux dormir<\/strong>.<\/p>\n\n\n\n<p>La promesse d\u2019un <strong>voyage ax\u00e9 sur le sommeil<\/strong> est de vous permettre de vivre <strong>des vacances reposantes<\/strong> et revigorantes. D\u00e9sormais, votre bien-\u00eatre est primordial. Termin\u00e9s les programmes surcharg\u00e9s et les visites \u00e0 n\u2019en plus finir. Aujourd\u2019hui, vous allez <strong>prendre le temps<\/strong>, recharger vos batteries et profiter de <strong>nuits r\u00e9paratrices<\/strong> !&nbsp;&nbsp;<\/p>\n\n\n\n<p>Si vous souhaitez vous sentir mieux dans votre peau et votre esprit, alors le <em>sleep tourisme<\/em> est fait pour vous. Avec cette tendance \u00e9mergente en 2024, dites adieu \u00e0 la course contre la montre. Plus besoin de cocher toutes les attractions locales ou de poster \u00e0 chaque instant sur les r\u00e9seaux. L\u2019essentiel est de <strong>penser \u00e0 vous<\/strong>, de vous retrouver et de passer <strong>des moments qualitatifs<\/strong> avec vos proches.&nbsp;<\/p>\n\n\n\n<p>Pensez-y quelques secondes. Vous rentrez de vacances repos\u00e9, <strong>frais et dispos<\/strong>, plein d\u2019\u00e9nergie, pr\u00eat \u00e0 changer vos habitudes. Perspective plut\u00f4t r\u00e9jouissante, pas vrai ? Dans cette optique, AbracadaRoom a s\u00e9lectionn\u00e9 trois h\u00e9bergements insolites dans lesquels vous pourrez <strong>dormir paisiblement<\/strong> !<\/p>\n\n\n\n<p>De plus en plus de locations atypiques proposent des s\u00e9jours ax\u00e9s sur un sommeil de qualit\u00e9. La raison en est simple : il n\u2019est pas forc\u00e9ment co\u00fbteux de se lancer dans le <em>sleep tourism<\/em> et de <strong>favoriser l\u2019endormissement<\/strong>. Masque de nuit, boules quies, diffuseur d\u2019huiles essentielles ou encore simulateur d\u2019aube peuvent aider \u00e0 cr\u00e9er une atmosph\u00e8re relaxante. \u00c0 la cl\u00e9, un vrai <strong>cocon protecteur<\/strong> dans lequel vous dormirez profond\u00e9ment pendant votre s\u00e9jour !<\/p>\n\n\n\n<h3 class=\"wp-block-heading\">Exp\u00e9rimentez le tourisme du sommeil chez Cocoon Wood en Savoie<\/h3>\n\n\n<div class=\"wp-block-image\">\n<figure class=\"alignleft size-full is-resized\"><img decoding=\"async\" loading=\"lazy\" width=\"600\" height=\"600\" src=\"https:\/\/mag.abracadaroom.com\/fr\/wp-content\/uploads\/2024\/06\/Cocoon-Lodge.jpg\" alt=\"\" class=\"wp-image-12517\" style=\"aspect-ratio:1;width:358px;height:auto\" srcset=\"https:\/\/mag.abracadaroom.com\/fr\/wp-content\/uploads\/2024\/06\/Cocoon-Lodge.jpg 600w, https:\/\/mag.abracadaroom.com\/fr\/wp-content\/uploads\/2024\/06\/Cocoon-Lodge-300x300.jpg 300w, https:\/\/mag.abracadaroom.com\/fr\/wp-content\/uploads\/2024\/06\/Cocoon-Lodge-150x150.jpg 150w, https:\/\/mag.abracadaroom.com\/fr\/wp-content\/uploads\/2024\/06\/Cocoon-Lodge-420x420.jpg 420w, https:\/\/mag.abracadaroom.com\/fr\/wp-content\/uploads\/2024\/06\/Cocoon-Lodge-120x120.jpg 120w\" sizes=\"(max-width: 600px) 100vw, 600px\" \/><\/figure><\/div>\n\n\n<p>Envie d\u2019un <strong>s\u00e9jour reposant<\/strong> pour vous et votre moiti\u00e9, dans un h\u00e9bergement insolite cosy \u00e0 souhait ? D\u00e9couvrez le <a href=\"https:\/\/www.abracadaroom.com\/fr\/reservation-cocoon-wood-cabane-cocoon-lodge-4426\/\" target=\"_blank\" rel=\"noreferrer noopener\">Cocoon Lodge<\/a>, <strong>une cabane douillette en pleine nature<\/strong> qui m\u00eale confort moderne et authenticit\u00e9 !<\/p>\n\n\n\n<p>Offrez-vous une <strong>escapade romantique<\/strong> dans un cadre idyllique, et laissez vos pr\u00e9occupations de c\u00f4t\u00e9. Le filet suspendu et la <strong>baignoire baln\u00e9oth\u00e9rapie<\/strong> install\u00e9s sur la terrasse vous y aideront \u00e0 coup s\u00fbr !<\/p>\n\n\n\n<p>Dans la cabane, vous trouverez <strong>un int\u00e9rieur spacieux et lumineux<\/strong> ainsi qu\u2019une cuisine tout \u00e9quip\u00e9e. Mais le clou du spectacle est r\u00e9ellement la <strong>vue fabuleuse<\/strong> sur les montagnes et les for\u00eats environnantes !<\/p>\n\n\n\n<p>Le Cocoon Lodge est l\u2019h\u00e9bergement insolite parfait pour f\u00eater un anniversaire de mariage ou simplement<strong> prendre du temps \u00e0 deux<\/strong>. Un enchantement au c\u0153ur de la nature que vous n\u2019\u00eates pas pr\u00eat d\u2019oublier, et la meilleure mani\u00e8re de refaire le stock de m\u00e9latonine !<\/p>\n\n\n\n<h3 class=\"wp-block-heading\">Vivez un r\u00eave \u00e9veill\u00e9 au domaine Peyd\u00e9b\u00e9 en Haute-Loire<\/h3>\n\n\n<div class=\"wp-block-image\">\n<figure class=\"alignright size-full is-resized\"><img decoding=\"async\" loading=\"lazy\" width=\"800\" height=\"600\" src=\"https:\/\/mag.abracadaroom.com\/fr\/wp-content\/uploads\/2024\/06\/Cabane-chateau.jpg\" alt=\"\" class=\"wp-image-12518\" style=\"aspect-ratio:1.3333333333333333;width:379px;height:auto\" srcset=\"https:\/\/mag.abracadaroom.com\/fr\/wp-content\/uploads\/2024\/06\/Cabane-chateau.jpg 800w, https:\/\/mag.abracadaroom.com\/fr\/wp-content\/uploads\/2024\/06\/Cabane-chateau-324x243.jpg 324w, https:\/\/mag.abracadaroom.com\/fr\/wp-content\/uploads\/2024\/06\/Cabane-chateau-768x576.jpg 768w, https:\/\/mag.abracadaroom.com\/fr\/wp-content\/uploads\/2024\/06\/Cabane-chateau-80x60.jpg 80w, https:\/\/mag.abracadaroom.com\/fr\/wp-content\/uploads\/2024\/06\/Cabane-chateau-265x198.jpg 265w, https:\/\/mag.abracadaroom.com\/fr\/wp-content\/uploads\/2024\/06\/Cabane-chateau-696x522.jpg 696w, https:\/\/mag.abracadaroom.com\/fr\/wp-content\/uploads\/2024\/06\/Cabane-chateau-560x420.jpg 560w\" sizes=\"(max-width: 800px) 100vw, 800px\" \/><\/figure><\/div>\n\n\n<p>Vous d\u00e9sirez exp\u00e9rimenter la <strong>cure de sommeil<\/strong> en famille ? Ni une ni deux, r\u00e9servez tout de suite votre s\u00e9jour dans cet <a href=\"https:\/\/www.abracadaroom.com\/fr\/reservation-cabanes-spa-chateaux-le-peydebe-chateau-dans-les-arbres-cabane-chateau-familiale-spajacuzzi-peydebe-3413\/\" target=\"_blank\" rel=\"noreferrer noopener\">h\u00e9bergement perch\u00e9,<\/a> \u00e0 mi-chemin entre une cabane et un ch\u00e2teau en bois ! Sa <strong>conception unique<\/strong> ravira petits et grands.<\/p>\n\n\n\n<p>Les enfants pourront s\u2019inventer mille et une <strong>aventures rocambolesques<\/strong> dans cet h\u00e9bergement insolite, et s\u2019amuser sur <strong>l\u2019aire de jeux ext\u00e9rieure<\/strong>. De leur c\u00f4t\u00e9, les adultes pourront se d\u00e9lasser dans le jacuzzi, puis faire une sieste dans le grand filet suspendu.<\/p>\n\n\n\n<p>Perch\u00e9e \u00e0 plus de 5 m\u00e8tres, cette cabane-ch\u00e2teau familiale est id\u00e9ale pour passer de bons moments \u00e0 plusieurs. Apr\u00e8s une journ\u00e9e bien remplie pass\u00e9e \u00e0 explorer et s\u2019amuser, tout le monde pourra se pr\u00e9lasser confortablement sur la terrasse ou dans le salon. Un lit double, deux lits jumeaux et deux lits superpos\u00e9s permettront aux jeunes et aux moins jeunes de se glisser sans probl\u00e8me dans <strong>les bras de Morph\u00e9e<\/strong>.&nbsp;&nbsp;<\/p>\n\n\n\n<h3 class=\"wp-block-heading\">Dormez comme un b\u00e9b\u00e9 dans Les Hauts du Rebeillou en Haute-Garonne<\/h3>\n\n\n<div class=\"wp-block-image\">\n<figure class=\"alignleft size-full is-resized\"><img decoding=\"async\" loading=\"lazy\" width=\"900\" height=\"600\" src=\"https:\/\/mag.abracadaroom.com\/fr\/wp-content\/uploads\/2024\/06\/Spa-sauna.jpg\" alt=\"\" class=\"wp-image-12519\" style=\"aspect-ratio:1.5;width:387px;height:auto\" srcset=\"https:\/\/mag.abracadaroom.com\/fr\/wp-content\/uploads\/2024\/06\/Spa-sauna.jpg 900w, https:\/\/mag.abracadaroom.com\/fr\/wp-content\/uploads\/2024\/06\/Spa-sauna-324x216.jpg 324w, https:\/\/mag.abracadaroom.com\/fr\/wp-content\/uploads\/2024\/06\/Spa-sauna-768x512.jpg 768w, https:\/\/mag.abracadaroom.com\/fr\/wp-content\/uploads\/2024\/06\/Spa-sauna-696x464.jpg 696w, https:\/\/mag.abracadaroom.com\/fr\/wp-content\/uploads\/2024\/06\/Spa-sauna-630x420.jpg 630w\" sizes=\"(max-width: 900px) 100vw, 900px\" \/><\/figure><\/div>\n\n\n<p>Besoin d\u2019appuyer sur \u00ab pause \u00bb et de r\u00e9guler votre <strong>rythme circadien<\/strong> ? Venez dormir dans une charmante&nbsp; <a href=\"https:\/\/www.abracadaroom.com\/fr\/reservation-les-hauts-du-rebeillou-cabane-spa-cabane-les-hauts-du-rebeillou-cabane-spa-sauna-4622\/\" target=\"_blank\" rel=\"noreferrer noopener\">cabane spa &amp; sauna<\/a> en Occitanie vous ouvre grands les bras ! B\u00e2tie au milieu des champs, cette location atypique combine influences japonaises et scandinaves. Le r\u00e9sultat ? Une atmosph\u00e8re empreinte de calme et de s\u00e9r\u00e9nit\u00e9, une grande baie vitr\u00e9e pour laisser entrer la lumi\u00e8re naturelle&#8230;<\/p>\n\n\n\n<p>En p\u00e9n\u00e9trant dans ce <strong>havre de paix<\/strong>, vous n\u2019aurez plus jamais envie d\u2019en sortir ! Plongez dans le bain nordique ou planifiez une s\u00e9ance de sauna pour une <strong>pause d\u00e9tente assur\u00e9e<\/strong>. Sur le grand lit confortable install\u00e9 dans la chambre \u00e0 coucher, vous n\u2019aurez aucun mal \u00e0 profiter d\u2019un <strong>sommeil r\u00e9parateur<\/strong>. Du sol au plafond, des luminaires en passant par la d\u00e9coration, tout dans cet h\u00e9bergement insolite a \u00e9t\u00e9 pens\u00e9 pour que vous puissiez d\u00e9compresser.<\/p>\n\n\n\n<p>C\u2019est l\u2019occasion de d\u00e9connecter, de m\u00e9diter et de vous laisser aller \u00e0 la r\u00eaverie. Admirez <strong>l\u2019architecture unique<\/strong> de votre cabane, appr\u00e9ciez son <strong>harmonie avec l\u2019environnement ext\u00e9rieur\u2026<\/strong> C\u2019est d\u00e9cid\u00e9, vous reporterez les visites \u00e0 demain. Pour l\u2019heure, vous go\u00fbterez \u00e0 un repos bien m\u00e9rit\u00e9 !&nbsp;<\/p>\n\n\n\n<p>En 2024, pour votre prochaine <a href=\"https:\/\/www.abracadaroom.com\/fr\/escapade-romantique\/\">escapade en amoureux<\/a> ou <a href=\"https:\/\/mag.abracadaroom.com\/fr\/vacances-inoubliables-en-famille\/\" target=\"_blank\" rel=\"noreferrer noopener\">en famille<\/a>, testez le <strong>tourisme du sommeil<\/strong> ! Gr\u00e2ce \u00e0 cette tendance touristique qui met l\u2019accent sur votre bien-\u00eatre physique et mental, donnez un nouveau visage \u00e0 vos vacances. Il est parfois bon de ralentir et de penser \u00e0 soi, et c\u2019est exactement ce que le <em>sleep tourisme<\/em> vous invite \u00e0 faire. De nombreux autres h\u00e9bergements insolites propices aux bonnes nuits de sommeil vous attendent sur <a href=\"https:\/\/www.abracadaroom.com\/fr\/\" target=\"_blank\" rel=\"noreferrer noopener\">AbracadaRoom<\/a>, ne manquez pas de les d\u00e9couvrir !<\/p>\n","protected":false},"excerpt":{"rendered":"<p>Partir en vacances pour bien dormir, en voil\u00e0 une id\u00e9e fantasque ! Eh bien, en 2024, appr\u00eatez-vous \u00e0 repenser votre fa\u00e7on de voyager avec le tourisme du sommeil ou sleep tourisme !<\/p>\n","protected":false},"author":14,"featured_media":12514,"comment_status":"open","ping_status":"open","sticky":false,"template":"","format":"standard","meta":{"om_disable_all_campaigns":false,"_uf_show_specific_survey":0,"_uf_disable_surveys":false,"footnotes":""},"categories":[1],"tags":[97,106,95,197,177],"yoast_head":"<!-- This site is optimized with the Yoast SEO plugin v21.8 - https:\/\/yoast.com\/wordpress\/plugins\/seo\/ -->\n<title>Le tourisme du sommeil, nouvelle tendance 2024<\/title>\n<meta name=\"description\" content=\"Il est temps de partir en vacances pour bien dormir ! D\u00e9couvrez tout de suite le tourisme du sommeil, la nouvelle tendance de 2024 !\" \/>\n<meta name=\"robots\" content=\"index, follow, max-snippet:-1, max-image-preview:large, max-video-preview:-1\" \/>\n<link rel=\"canonical\" href=\"https:\/\/mag.abracadaroom.com\/fr\/brouillon-autotourisme-du-sommeil-tendance-2024\/\" \/>\n<meta property=\"og:locale\" content=\"fr_FR\" \/>\n<meta property=\"og:type\" content=\"article\" \/>\n<meta property=\"og:title\" content=\"Le tourisme du sommeil, nouvelle tendance 2024\" \/>\n<meta property=\"og:description\" content=\"Il est temps de partir en vacances pour bien dormir ! D\u00e9couvrez tout de suite le tourisme du sommeil, la nouvelle tendance de 2024 !\" \/>\n<meta property=\"og:url\" content=\"https:\/\/mag.abracadaroom.com\/fr\/brouillon-autotourisme-du-sommeil-tendance-2024\/\" \/>\n<meta property=\"og:site_name\" content=\"Le blog du tourisme insolite\" \/>\n<meta property=\"article:publisher\" content=\"https:\/\/www.facebook.com\/abracadaroom\" \/>\n<meta property=\"article:published_time\" content=\"2024-06-17T07:00:00+00:00\" \/>\n<meta property=\"article:modified_time\" content=\"2024-12-16T13:16:27+00:00\" \/>\n<meta property=\"og:image\" content=\"https:\/\/mag.abracadaroom.com\/fr\/wp-content\/uploads\/2024\/06\/Tourisme-du-sommeil.png\" \/>\n\t<meta property=\"og:image:width\" content=\"500\" \/>\n\t<meta property=\"og:image:height\" content=\"500\" \/>\n\t<meta property=\"og:image:type\" content=\"image\/png\" \/>\n<meta name=\"author\" content=\"Floriane Wittner\" \/>\n<meta name=\"twitter:card\" content=\"summary_large_image\" \/>\n<meta name=\"twitter:creator\" content=\"@abracadaroom\" \/>\n<meta name=\"twitter:site\" content=\"@abracadaroom\" \/>\n<meta name=\"twitter:label1\" content=\"\u00c9crit par\" \/>\n\t<meta name=\"twitter:data1\" content=\"Floriane Wittner\" \/>\n\t<meta name=\"twitter:label2\" content=\"Dur\u00e9e de lecture estim\u00e9e\" \/>\n\t<meta name=\"twitter:data2\" content=\"6 minutes\" \/>\n<script type=\"application\/ld+json\" class=\"yoast-schema-graph\">{\"@context\":\"https:\/\/schema.org\",\"@graph\":[{\"@type\":\"WebPage\",\"@id\":\"https:\/\/mag.abracadaroom.com\/fr\/brouillon-autotourisme-du-sommeil-tendance-2024\/\",\"url\":\"https:\/\/mag.abracadaroom.com\/fr\/brouillon-autotourisme-du-sommeil-tendance-2024\/\",\"name\":\"Le tourisme du sommeil, nouvelle tendance 2024\",\"isPartOf\":{\"@id\":\"https:\/\/mag.abracadaroom.com\/fr\/#website\"},\"datePublished\":\"2024-06-17T07:00:00+00:00\",\"dateModified\":\"2024-12-16T13:16:27+00:00\",\"author\":{\"@id\":\"https:\/\/mag.abracadaroom.com\/fr\/#\/schema\/person\/bb73e39f238a9e75abedabbedcd5b51e\"},\"description\":\"Il est temps de partir en vacances pour bien dormir ! D\u00e9couvrez tout de suite le tourisme du sommeil, la nouvelle tendance de 2024 !\",\"breadcrumb\":{\"@id\":\"https:\/\/mag.abracadaroom.com\/fr\/brouillon-autotourisme-du-sommeil-tendance-2024\/#breadcrumb\"},\"inLanguage\":\"fr-FR\",\"potentialAction\":[{\"@type\":\"ReadAction\",\"target\":[\"https:\/\/mag.abracadaroom.com\/fr\/brouillon-autotourisme-du-sommeil-tendance-2024\/\"]}]},{\"@type\":\"BreadcrumbList\",\"@id\":\"https:\/\/mag.abracadaroom.com\/fr\/brouillon-autotourisme-du-sommeil-tendance-2024\/#breadcrumb\",\"itemListElement\":[{\"@type\":\"ListItem\",\"position\":1,\"name\":\"Home\",\"item\":\"https:\/\/mag.abracadaroom.com\/fr\/\"},{\"@type\":\"ListItem\",\"position\":2,\"name\":\"Le tourisme du sommeil, nouvelle tendance 2024\"}]},{\"@type\":\"WebSite\",\"@id\":\"https:\/\/mag.abracadaroom.com\/fr\/#website\",\"url\":\"https:\/\/mag.abracadaroom.com\/fr\/\",\"name\":\"Le blog du tourisme insolite\",\"description\":\"\",\"potentialAction\":[{\"@type\":\"SearchAction\",\"target\":{\"@type\":\"EntryPoint\",\"urlTemplate\":\"https:\/\/mag.abracadaroom.com\/fr\/?s={search_term_string}\"},\"query-input\":\"required name=search_term_string\"}],\"inLanguage\":\"fr-FR\"},{\"@type\":\"Person\",\"@id\":\"https:\/\/mag.abracadaroom.com\/fr\/#\/schema\/person\/bb73e39f238a9e75abedabbedcd5b51e\",\"name\":\"Floriane Wittner\",\"image\":{\"@type\":\"ImageObject\",\"inLanguage\":\"fr-FR\",\"@id\":\"https:\/\/mag.abracadaroom.com\/fr\/#\/schema\/person\/image\/\",\"url\":\"https:\/\/secure.gravatar.com\/avatar\/d6e0a034a15c97296439f59f95f8adad?s=96&d=mm&r=g\",\"contentUrl\":\"https:\/\/secure.gravatar.com\/avatar\/d6e0a034a15c97296439f59f95f8adad?s=96&d=mm&r=g\",\"caption\":\"Floriane Wittner\"},\"description\":\"R\u00e9dactrice web &amp; Traductrice sp\u00e9cialis\u00e9e dans le tourisme, l'insolite et la outdoor, je vous fais d\u00e9couvrir de nouvelles destinations et tendances touristiques dans le respect de l'environnement.\",\"sameAs\":[\"https:\/\/www.linkedin.com\/in\/florianewittner\/\"],\"url\":\"https:\/\/mag.abracadaroom.com\/fr\/author\/floriane\/\"}]}<\/script>\n<!-- \/ Yoast SEO plugin. -->","yoast_head_json":{"title":"Le tourisme du sommeil, nouvelle tendance 2024","description":"Il est temps de partir en vacances pour bien dormir ! D\u00e9couvrez tout de suite le tourisme du sommeil, la nouvelle tendance de 2024 !","robots":{"index":"index","follow":"follow","max-snippet":"max-snippet:-1","max-image-preview":"max-image-preview:large","max-video-preview":"max-video-preview:-1"},"canonical":"https:\/\/mag.abracadaroom.com\/fr\/brouillon-autotourisme-du-sommeil-tendance-2024\/","og_locale":"fr_FR","og_type":"article","og_title":"Le tourisme du sommeil, nouvelle tendance 2024","og_description":"Il est temps de partir en vacances pour bien dormir ! D\u00e9couvrez tout de suite le tourisme du sommeil, la nouvelle tendance de 2024 !","og_url":"https:\/\/mag.abracadaroom.com\/fr\/brouillon-autotourisme-du-sommeil-tendance-2024\/","og_site_name":"Le blog du tourisme insolite","article_publisher":"https:\/\/www.facebook.com\/abracadaroom","article_published_time":"2024-06-17T07:00:00+00:00","article_modified_time":"2024-12-16T13:16:27+00:00","og_image":[{"width":500,"height":500,"url":"https:\/\/mag.abracadaroom.com\/fr\/wp-content\/uploads\/2024\/06\/Tourisme-du-sommeil.png","type":"image\/png"}],"author":"Floriane Wittner","twitter_card":"summary_large_image","twitter_creator":"@abracadaroom","twitter_site":"@abracadaroom","twitter_misc":{"\u00c9crit par":"Floriane Wittner","Dur\u00e9e de lecture estim\u00e9e":"6 minutes"},"schema":{"@context":"https:\/\/schema.org","@graph":[{"@type":"WebPage","@id":"https:\/\/mag.abracadaroom.com\/fr\/brouillon-autotourisme-du-sommeil-tendance-2024\/","url":"https:\/\/mag.abracadaroom.com\/fr\/brouillon-autotourisme-du-sommeil-tendance-2024\/","name":"Le tourisme du sommeil, nouvelle tendance 2024","isPartOf":{"@id":"https:\/\/mag.abracadaroom.com\/fr\/#website"},"datePublished":"2024-06-17T07:00:00+00:00","dateModified":"2024-12-16T13:16:27+00:00","author":{"@id":"https:\/\/mag.abracadaroom.com\/fr\/#\/schema\/person\/bb73e39f238a9e75abedabbedcd5b51e"},"description":"Il est temps de partir en vacances pour bien dormir ! D\u00e9couvrez tout de suite le tourisme du sommeil, la nouvelle tendance de 2024 !","breadcrumb":{"@id":"https:\/\/mag.abracadaroom.com\/fr\/brouillon-autotourisme-du-sommeil-tendance-2024\/#breadcrumb"},"inLanguage":"fr-FR","potentialAction":[{"@type":"ReadAction","target":["https:\/\/mag.abracadaroom.com\/fr\/brouillon-autotourisme-du-sommeil-tendance-2024\/"]}]},{"@type":"BreadcrumbList","@id":"https:\/\/mag.abracadaroom.com\/fr\/brouillon-autotourisme-du-sommeil-tendance-2024\/#breadcrumb","itemListElement":[{"@type":"ListItem","position":1,"name":"Home","item":"https:\/\/mag.abracadaroom.com\/fr\/"},{"@type":"ListItem","position":2,"name":"Le tourisme du sommeil, nouvelle tendance 2024"}]},{"@type":"WebSite","@id":"https:\/\/mag.abracadaroom.com\/fr\/#website","url":"https:\/\/mag.abracadaroom.com\/fr\/","name":"Le blog du tourisme insolite","description":"","potentialAction":[{"@type":"SearchAction","target":{"@type":"EntryPoint","urlTemplate":"https:\/\/mag.abracadaroom.com\/fr\/?s={search_term_string}"},"query-input":"required name=search_term_string"}],"inLanguage":"fr-FR"},{"@type":"Person","@id":"https:\/\/mag.abracadaroom.com\/fr\/#\/schema\/person\/bb73e39f238a9e75abedabbedcd5b51e","name":"Floriane Wittner","image":{"@type":"ImageObject","inLanguage":"fr-FR","@id":"https:\/\/mag.abracadaroom.com\/fr\/#\/schema\/person\/image\/","url":"https:\/\/secure.gravatar.com\/avatar\/d6e0a034a15c97296439f59f95f8adad?s=96&d=mm&r=g","contentUrl":"https:\/\/secure.gravatar.com\/avatar\/d6e0a034a15c97296439f59f95f8adad?s=96&d=mm&r=g","caption":"Floriane Wittner"},"description":"R\u00e9dactrice web &amp; Traductrice sp\u00e9cialis\u00e9e dans le tourisme, l'insolite et la outdoor, je vous fais d\u00e9couvrir de nouvelles destinations et tendances touristiques dans le respect de l'environnement.","sameAs":["https:\/\/www.linkedin.com\/in\/florianewittner\/"],"url":"https:\/\/mag.abracadaroom.com\/fr\/author\/floriane\/"}]}},"_links":{"self":[{"href":"https:\/\/mag.abracadaroom.com\/fr\/wp-json\/wp\/v2\/posts\/12513"}],"collection":[{"href":"https:\/\/mag.abracadaroom.com\/fr\/wp-json\/wp\/v2\/posts"}],"about":[{"href":"https:\/\/mag.abracadaroom.com\/fr\/wp-json\/wp\/v2\/types\/post"}],"author":[{"embeddable":true,"href":"https:\/\/mag.abracadaroom.com\/fr\/wp-json\/wp\/v2\/users\/14"}],"replies":[{"embeddable":true,"href":"https:\/\/mag.abracadaroom.com\/fr\/wp-json\/wp\/v2\/comments?post=12513"}],"version-history":[{"count":6,"href":"https:\/\/mag.abracadaroom.com\/fr\/wp-json\/wp\/v2\/posts\/12513\/revisions"}],"predecessor-version":[{"id":12813,"href":"https:\/\/mag.abracadaroom.com\/fr\/wp-json\/wp\/v2\/posts\/12513\/revisions\/12813"}],"wp:featuredmedia":[{"embeddable":true,"href":"https:\/\/mag.abracadaroom.com\/fr\/wp-json\/wp\/v2\/media\/12514"}],"wp:attachment":[{"href":"https:\/\/mag.abracadaroom.com\/fr\/wp-json\/wp\/v2\/media?parent=12513"}],"wp:term":[{"taxonomy":"category","embeddable":true,"href":"https:\/\/mag.abracadaroom.com\/fr\/wp-json\/wp\/v2\/categories?post=12513"},{"taxonomy":"post_tag","embeddable":true,"href":"https:\/\/mag.abracadaroom.com\/fr\/wp-json\/wp\/v2\/tags?post=12513"}],"curies":[{"name":"wp","href":"https:\/\/api.w.org\/{rel}","templated":true}]}}