{"id":2621,"date":"2015-01-02T18:04:39","date_gmt":"2015-01-02T17:04:39","guid":{"rendered":"http:\/\/mag.abracadaroom.com\/fr\/?p=2621"},"modified":"2019-03-08T15:24:01","modified_gmt":"2019-03-08T14:24:01","slug":"un-week-end-insolite-et-romantique-pour-la-st-valentin","status":"publish","type":"post","link":"https:\/\/mag.abracadaroom.com\/fr\/un-week-end-insolite-et-romantique-pour-la-st-valentin\/","title":{"rendered":"Un week-end insolite et romantique pour la St Valentin !"},"content":{"rendered":"<p style=\"text-align: justify;\">\u00c7a y est 2015 a point\u00e9 le bout de son nez\u2026 Et devinez quoi\u00a0? Cette ann\u00e9e<strong> le 14 f\u00e9vrier tombe un samedi<\/strong>\u00a0!<\/p>\n<p style=\"text-align: justify;\">Le cadeau id\u00e9al est donc tout trouv\u00e9, pas besoin de se creuser les m\u00e9ninges, cette ann\u00e9e \u00e7a sera un <strong>week-end romantique<\/strong> pour votre dulcin\u00e9e. Pas d\u2019erreur possible, avec ce cadeau vous serez s\u00fbr de faire une heureuse. Pour impressionner votre moiti\u00e9 le jour des amoureux, <strong>offrez de l\u2019insolite<\/strong>\u00a0! Vous trouverez des id\u00e9es de cadeaux sur <a href=\"https:\/\/www.abracadaroom.com\/fr\/escapade-romantique\/\" target=\"_blank\" rel=\"noopener\">cette page<\/a>.<\/p>\n<p style=\"text-align: justify;\">Mon h\u00e9bergement insolite vous propose de nombreuses id\u00e9es de s\u00e9jours originaux \u00a0aux 4 coins de la France. Bon il va falloir s\u2019y prendre \u00e0 l\u2019avance, il n\u2019y en aura pas pour tout le monde, les h\u00e9bergements vont vite se remplir ce week-end-l\u00e0.<\/p>\n<p style=\"text-align: justify;\">Tout est\u00a0complet pour la Saint Valentin\u00a0? Pas de panique,<strong> offrez un bon cadeau<\/strong> et passez un week-end en amoureux n\u2019importe quand dans l\u2019ann\u00e9e\u00a0! Pour vous aider dans vos recherches de destination, voici quelques exemples de s\u00e9jour romantique et cocooning!<\/p>\n<h2 style=\"text-align: left;\"><img decoding=\"async\" loading=\"lazy\" class=\"alignleft wp-image-2622\" src=\"http:\/\/mag.abracadaroom.com\/fr\/wp-content\/uploads\/2015\/01\/952f0fff19a1a53e5ad8bd06c3462144-300x198.jpg\" alt=\"cocon\" width=\"277\" height=\"183\" srcset=\"https:\/\/mag.abracadaroom.com\/fr\/wp-content\/uploads\/2015\/01\/952f0fff19a1a53e5ad8bd06c3462144-300x198.jpg 300w, https:\/\/mag.abracadaroom.com\/fr\/wp-content\/uploads\/2015\/01\/952f0fff19a1a53e5ad8bd06c3462144-324x214.jpg 324w, https:\/\/mag.abracadaroom.com\/fr\/wp-content\/uploads\/2015\/01\/952f0fff19a1a53e5ad8bd06c3462144-696x460.jpg 696w, https:\/\/mag.abracadaroom.com\/fr\/wp-content\/uploads\/2015\/01\/952f0fff19a1a53e5ad8bd06c3462144-741x486.jpg 741w, https:\/\/mag.abracadaroom.com\/fr\/wp-content\/uploads\/2015\/01\/952f0fff19a1a53e5ad8bd06c3462144-635x420.jpg 635w, https:\/\/mag.abracadaroom.com\/fr\/wp-content\/uploads\/2015\/01\/952f0fff19a1a53e5ad8bd06c3462144.jpg 750w\" sizes=\"(max-width: 277px) 100vw, 277px\" \/>La cabane cocon ou flottante au domaine des Ormes en Bretagne<\/h2>\n<p style=\"text-align: justify;\">Perch\u00e9e \u00e0 plus de 11m de hauteur dans un pin, cette <strong><a href=\"http:\/\/abracadaroom.com\/fr\/reservation-domaine-des-ormes-cabane-dans-les-arbres-cocon-901\/\" target=\"_blank\" rel=\"noopener\">cabane aux allures de cocon<\/a><\/strong> promet un s\u00e9jour en amoureux relaxant et en osmose avec la nature. L\u2019atout charme de cet h\u00e9bergement reste sa terrasse de 5m\u00b2 avec vue imprenable sur l\u2019\u00e9tang\u2026 Vous avez le vertige\u00a0? Le Domaine des Ormes vous propose \u00e9galement de <strong>superbes cabanes flottantes<\/strong>. Larguez les amarres le temps d\u2019une nuit\u00a0! La cabane est construite sur une barge qui en fonction du niveau de l\u2019eau permet de d\u00e9river en douceur \u00e0 l\u2019aide d\u2019une grande rame. So romantic.<\/p>\n<p>&nbsp;<\/p>\n<h2 style=\"text-align: left;\">La cabane dans les vignes au domaine de Saint-Jean de l\u2019Arbousier dans l\u2019H\u00e9rault<\/h2>\n<p style=\"text-align: justify;\"><strong><br \/>\nSuperbe panorama<\/strong> depuis cette cabane\u2026 Quoi de plus po\u00e9tique que de se r\u00e9veiller avec une vue imparable sur un<\/p>\n<figure id=\"attachment_3307\" aria-describedby=\"caption-attachment-3307\" style=\"width: 300px\" class=\"wp-caption alignright\"><a href=\"http:\/\/mag.abracadaroom.com\/fr\/wp-content\/uploads\/2015\/01\/cabane-tourterelle-vue-exterieur-terrasse-vignes.jpg\"><img decoding=\"async\" loading=\"lazy\" class=\"size-medium wp-image-3307\" src=\"http:\/\/mag.abracadaroom.com\/fr\/wp-content\/uploads\/2015\/01\/cabane-tourterelle-vue-exterieur-terrasse-vignes-300x199.jpg\" alt=\"Source photo: http:\/\/www.domainearbousier.fr\/\" width=\"300\" height=\"199\" srcset=\"https:\/\/mag.abracadaroom.com\/fr\/wp-content\/uploads\/2015\/01\/cabane-tourterelle-vue-exterieur-terrasse-vignes-300x199.jpg 300w, https:\/\/mag.abracadaroom.com\/fr\/wp-content\/uploads\/2015\/01\/cabane-tourterelle-vue-exterieur-terrasse-vignes-324x215.jpg 324w, https:\/\/mag.abracadaroom.com\/fr\/wp-content\/uploads\/2015\/01\/cabane-tourterelle-vue-exterieur-terrasse-vignes-633x420.jpg 633w, https:\/\/mag.abracadaroom.com\/fr\/wp-content\/uploads\/2015\/01\/cabane-tourterelle-vue-exterieur-terrasse-vignes.jpg 650w\" sizes=\"(max-width: 300px) 100vw, 300px\" \/><\/a><figcaption id=\"caption-attachment-3307\" class=\"wp-caption-text\">Source photo: http:\/\/www.domainearbousier.fr\/<\/figcaption><\/figure>\n<p style=\"text-align: justify;\">vignoble\u00a0? Pour prolonger votre s\u00e9jour en amoureux, partez \u00e0 la d\u00e9couverte des grands crus en faisant le tour des caves de la r\u00e9gion. Un cadeau incontournable si votre conjoint se passionne pour le vin\u00a0!<\/p>\n<p style=\"text-align: justify;\">N\u2019oubliez pas les p\u00e9tales de roses dans votre valise, week-end de la Saint Valentin inoubliable garanti\u00a0! \ud83d\ude42<\/p>\n<p>Retrouvez nos autres h\u00e9bergements insolites pour la <a href=\"https:\/\/www.abracadaroom.com\/fr\/nuit-insolite-saint-valentin-2020\/\" target=\"_blank\" rel=\"noopener\">Saint Valentin<\/a> !<\/p>\n","protected":false},"excerpt":{"rendered":"<p>\u00c7a y est 2015 a point\u00e9 le bout de son nez\u2026 Et devinez quoi\u00a0? Cette ann\u00e9e le 14 f\u00e9vrier tombe un samedi\u00a0! Le cadeau id\u00e9al est donc tout trouv\u00e9, pas besoin de se creuser les m\u00e9ninges, cette ann\u00e9e \u00e7a sera un week-end romantique pour votre dulcin\u00e9e. Pas d\u2019erreur possible, avec ce cadeau vous serez s\u00fbr [&hellip;]<\/p>\n","protected":false},"author":2,"featured_media":3308,"comment_status":"open","ping_status":"open","sticky":false,"template":"","format":"standard","meta":{"om_disable_all_campaigns":false,"_uf_show_specific_survey":0,"_uf_disable_surveys":false,"footnotes":""},"categories":[14],"tags":[175,174,177,176],"yoast_head":"<!-- This site is optimized with the Yoast SEO plugin v21.8 - https:\/\/yoast.com\/wordpress\/plugins\/seo\/ -->\n<title>Un week-end insolite et romantique pour la St Valentin !<\/title>\n<meta name=\"robots\" content=\"index, follow, max-snippet:-1, max-image-preview:large, max-video-preview:-1\" \/>\n<link rel=\"canonical\" href=\"https:\/\/mag.abracadaroom.com\/fr\/un-week-end-insolite-et-romantique-pour-la-st-valentin\/\" \/>\n<meta property=\"og:locale\" content=\"fr_FR\" \/>\n<meta property=\"og:type\" content=\"article\" \/>\n<meta property=\"og:title\" content=\"Un week-end insolite et romantique pour la St Valentin !\" \/>\n<meta property=\"og:description\" content=\"\u00c7a y est 2015 a point\u00e9 le bout de son nez\u2026 Et devinez quoi\u00a0? Cette ann\u00e9e le 14 f\u00e9vrier tombe un samedi\u00a0! Le cadeau id\u00e9al est donc tout trouv\u00e9, pas besoin de se creuser les m\u00e9ninges, cette ann\u00e9e \u00e7a sera un week-end romantique pour votre dulcin\u00e9e. Pas d\u2019erreur possible, avec ce cadeau vous serez s\u00fbr [&hellip;]\" \/>\n<meta property=\"og:url\" content=\"https:\/\/mag.abracadaroom.com\/fr\/un-week-end-insolite-et-romantique-pour-la-st-valentin\/\" \/>\n<meta property=\"og:site_name\" content=\"Le blog du tourisme insolite\" \/>\n<meta property=\"article:publisher\" content=\"https:\/\/www.facebook.com\/abracadaroom\" \/>\n<meta property=\"article:published_time\" content=\"2015-01-02T17:04:39+00:00\" \/>\n<meta property=\"article:modified_time\" content=\"2019-03-08T14:24:01+00:00\" \/>\n<meta property=\"og:image\" content=\"https:\/\/mag.abracadaroom.com\/fr\/wp-content\/uploads\/2015\/01\/952f0fff19a1a53e5ad8bd06c3462144-300x1981.jpg\" \/>\n\t<meta property=\"og:image:width\" content=\"300\" \/>\n\t<meta property=\"og:image:height\" content=\"198\" \/>\n\t<meta property=\"og:image:type\" content=\"image\/jpeg\" \/>\n<meta name=\"author\" content=\"Lydie Coste\" \/>\n<meta name=\"twitter:card\" content=\"summary_large_image\" \/>\n<meta name=\"twitter:creator\" content=\"@abracadaroom\" \/>\n<meta name=\"twitter:site\" content=\"@abracadaroom\" \/>\n<meta name=\"twitter:label1\" content=\"\u00c9crit par\" \/>\n\t<meta name=\"twitter:data1\" content=\"Lydie Coste\" \/>\n\t<meta name=\"twitter:label2\" content=\"Dur\u00e9e de lecture estim\u00e9e\" \/>\n\t<meta name=\"twitter:data2\" content=\"2 minutes\" \/>\n<script type=\"application\/ld+json\" class=\"yoast-schema-graph\">{\"@context\":\"https:\/\/schema.org\",\"@graph\":[{\"@type\":\"WebPage\",\"@id\":\"https:\/\/mag.abracadaroom.com\/fr\/un-week-end-insolite-et-romantique-pour-la-st-valentin\/\",\"url\":\"https:\/\/mag.abracadaroom.com\/fr\/un-week-end-insolite-et-romantique-pour-la-st-valentin\/\",\"name\":\"Un week-end insolite et romantique pour la St Valentin !\",\"isPartOf\":{\"@id\":\"https:\/\/mag.abracadaroom.com\/fr\/#website\"},\"datePublished\":\"2015-01-02T17:04:39+00:00\",\"dateModified\":\"2019-03-08T14:24:01+00:00\",\"author\":{\"@id\":\"https:\/\/mag.abracadaroom.com\/fr\/#\/schema\/person\/75ce15ddf80df3a5cb1935c20fe1f592\"},\"breadcrumb\":{\"@id\":\"https:\/\/mag.abracadaroom.com\/fr\/un-week-end-insolite-et-romantique-pour-la-st-valentin\/#breadcrumb\"},\"inLanguage\":\"fr-FR\",\"potentialAction\":[{\"@type\":\"ReadAction\",\"target\":[\"https:\/\/mag.abracadaroom.com\/fr\/un-week-end-insolite-et-romantique-pour-la-st-valentin\/\"]}]},{\"@type\":\"BreadcrumbList\",\"@id\":\"https:\/\/mag.abracadaroom.com\/fr\/un-week-end-insolite-et-romantique-pour-la-st-valentin\/#breadcrumb\",\"itemListElement\":[{\"@type\":\"ListItem\",\"position\":1,\"name\":\"Home\",\"item\":\"https:\/\/mag.abracadaroom.com\/fr\/\"},{\"@type\":\"ListItem\",\"position\":2,\"name\":\"Un week-end insolite et romantique pour la St Valentin !\"}]},{\"@type\":\"WebSite\",\"@id\":\"https:\/\/mag.abracadaroom.com\/fr\/#website\",\"url\":\"https:\/\/mag.abracadaroom.com\/fr\/\",\"name\":\"Le blog du tourisme insolite\",\"description\":\"\",\"potentialAction\":[{\"@type\":\"SearchAction\",\"target\":{\"@type\":\"EntryPoint\",\"urlTemplate\":\"https:\/\/mag.abracadaroom.com\/fr\/?s={search_term_string}\"},\"query-input\":\"required name=search_term_string\"}],\"inLanguage\":\"fr-FR\"},{\"@type\":\"Person\",\"@id\":\"https:\/\/mag.abracadaroom.com\/fr\/#\/schema\/person\/75ce15ddf80df3a5cb1935c20fe1f592\",\"name\":\"Lydie Coste\",\"image\":{\"@type\":\"ImageObject\",\"inLanguage\":\"fr-FR\",\"@id\":\"https:\/\/mag.abracadaroom.com\/fr\/#\/schema\/person\/image\/\",\"url\":\"https:\/\/secure.gravatar.com\/avatar\/4e9917e75d82f9408d38fa049d4f4b33?s=96&d=mm&r=g\",\"contentUrl\":\"https:\/\/secure.gravatar.com\/avatar\/4e9917e75d82f9408d38fa049d4f4b33?s=96&d=mm&r=g\",\"caption\":\"Lydie Coste\"},\"description\":\"Passionn\u00e9e par les voyages, je me suis naturellement dirig\u00e9e apr\u00e8s le bac vers des \u00e9tudes de g\u00e9ographie et de tourisme. Fervente adepte des randonn\u00e9es et du g\u00e9ocaching, me voici aujourd\u2019hui proche de la trentaine, un master de tourisme en poche et plusieurs p\u00e9riples \u00e0 travers l\u2019Europe \u00e0 mon actif ! Ma philosophie de vie ? \u00ab Le plus beau voyage c\u2019est celui que l\u2019on n\u2019a pas encore fait\u2026 \u00bb. A quand le prochain ?\",\"url\":\"https:\/\/mag.abracadaroom.com\/fr\/author\/lydie\/\"}]}<\/script>\n<!-- \/ Yoast SEO plugin. -->","yoast_head_json":{"title":"Un week-end insolite et romantique pour la St Valentin !","robots":{"index":"index","follow":"follow","max-snippet":"max-snippet:-1","max-image-preview":"max-image-preview:large","max-video-preview":"max-video-preview:-1"},"canonical":"https:\/\/mag.abracadaroom.com\/fr\/un-week-end-insolite-et-romantique-pour-la-st-valentin\/","og_locale":"fr_FR","og_type":"article","og_title":"Un week-end insolite et romantique pour la St Valentin !","og_description":"\u00c7a y est 2015 a point\u00e9 le bout de son nez\u2026 Et devinez quoi\u00a0? Cette ann\u00e9e le 14 f\u00e9vrier tombe un samedi\u00a0! Le cadeau id\u00e9al est donc tout trouv\u00e9, pas besoin de se creuser les m\u00e9ninges, cette ann\u00e9e \u00e7a sera un week-end romantique pour votre dulcin\u00e9e. Pas d\u2019erreur possible, avec ce cadeau vous serez s\u00fbr [&hellip;]","og_url":"https:\/\/mag.abracadaroom.com\/fr\/un-week-end-insolite-et-romantique-pour-la-st-valentin\/","og_site_name":"Le blog du tourisme insolite","article_publisher":"https:\/\/www.facebook.com\/abracadaroom","article_published_time":"2015-01-02T17:04:39+00:00","article_modified_time":"2019-03-08T14:24:01+00:00","og_image":[{"width":300,"height":198,"url":"https:\/\/mag.abracadaroom.com\/fr\/wp-content\/uploads\/2015\/01\/952f0fff19a1a53e5ad8bd06c3462144-300x1981.jpg","type":"image\/jpeg"}],"author":"Lydie Coste","twitter_card":"summary_large_image","twitter_creator":"@abracadaroom","twitter_site":"@abracadaroom","twitter_misc":{"\u00c9crit par":"Lydie Coste","Dur\u00e9e de lecture estim\u00e9e":"2 minutes"},"schema":{"@context":"https:\/\/schema.org","@graph":[{"@type":"WebPage","@id":"https:\/\/mag.abracadaroom.com\/fr\/un-week-end-insolite-et-romantique-pour-la-st-valentin\/","url":"https:\/\/mag.abracadaroom.com\/fr\/un-week-end-insolite-et-romantique-pour-la-st-valentin\/","name":"Un week-end insolite et romantique pour la St Valentin !","isPartOf":{"@id":"https:\/\/mag.abracadaroom.com\/fr\/#website"},"datePublished":"2015-01-02T17:04:39+00:00","dateModified":"2019-03-08T14:24:01+00:00","author":{"@id":"https:\/\/mag.abracadaroom.com\/fr\/#\/schema\/person\/75ce15ddf80df3a5cb1935c20fe1f592"},"breadcrumb":{"@id":"https:\/\/mag.abracadaroom.com\/fr\/un-week-end-insolite-et-romantique-pour-la-st-valentin\/#breadcrumb"},"inLanguage":"fr-FR","potentialAction":[{"@type":"ReadAction","target":["https:\/\/mag.abracadaroom.com\/fr\/un-week-end-insolite-et-romantique-pour-la-st-valentin\/"]}]},{"@type":"BreadcrumbList","@id":"https:\/\/mag.abracadaroom.com\/fr\/un-week-end-insolite-et-romantique-pour-la-st-valentin\/#breadcrumb","itemListElement":[{"@type":"ListItem","position":1,"name":"Home","item":"https:\/\/mag.abracadaroom.com\/fr\/"},{"@type":"ListItem","position":2,"name":"Un week-end insolite et romantique pour la St Valentin !"}]},{"@type":"WebSite","@id":"https:\/\/mag.abracadaroom.com\/fr\/#website","url":"https:\/\/mag.abracadaroom.com\/fr\/","name":"Le blog du tourisme insolite","description":"","potentialAction":[{"@type":"SearchAction","target":{"@type":"EntryPoint","urlTemplate":"https:\/\/mag.abracadaroom.com\/fr\/?s={search_term_string}"},"query-input":"required name=search_term_string"}],"inLanguage":"fr-FR"},{"@type":"Person","@id":"https:\/\/mag.abracadaroom.com\/fr\/#\/schema\/person\/75ce15ddf80df3a5cb1935c20fe1f592","name":"Lydie Coste","image":{"@type":"ImageObject","inLanguage":"fr-FR","@id":"https:\/\/mag.abracadaroom.com\/fr\/#\/schema\/person\/image\/","url":"https:\/\/secure.gravatar.com\/avatar\/4e9917e75d82f9408d38fa049d4f4b33?s=96&d=mm&r=g","contentUrl":"https:\/\/secure.gravatar.com\/avatar\/4e9917e75d82f9408d38fa049d4f4b33?s=96&d=mm&r=g","caption":"Lydie Coste"},"description":"Passionn\u00e9e par les voyages, je me suis naturellement dirig\u00e9e apr\u00e8s le bac vers des \u00e9tudes de g\u00e9ographie et de tourisme. Fervente adepte des randonn\u00e9es et du g\u00e9ocaching, me voici aujourd\u2019hui proche de la trentaine, un master de tourisme en poche et plusieurs p\u00e9riples \u00e0 travers l\u2019Europe \u00e0 mon actif ! Ma philosophie de vie ? \u00ab Le plus beau voyage c\u2019est celui que l\u2019on n\u2019a pas encore fait\u2026 \u00bb. A quand le prochain ?","url":"https:\/\/mag.abracadaroom.com\/fr\/author\/lydie\/"}]}},"_links":{"self":[{"href":"https:\/\/mag.abracadaroom.com\/fr\/wp-json\/wp\/v2\/posts\/2621"}],"collection":[{"href":"https:\/\/mag.abracadaroom.com\/fr\/wp-json\/wp\/v2\/posts"}],"about":[{"href":"https:\/\/mag.abracadaroom.com\/fr\/wp-json\/wp\/v2\/types\/post"}],"author":[{"embeddable":true,"href":"https:\/\/mag.abracadaroom.com\/fr\/wp-json\/wp\/v2\/users\/2"}],"replies":[{"embeddable":true,"href":"https:\/\/mag.abracadaroom.com\/fr\/wp-json\/wp\/v2\/comments?post=2621"}],"version-history":[{"count":5,"href":"https:\/\/mag.abracadaroom.com\/fr\/wp-json\/wp\/v2\/posts\/2621\/revisions"}],"predecessor-version":[{"id":7433,"href":"https:\/\/mag.abracadaroom.com\/fr\/wp-json\/wp\/v2\/posts\/2621\/revisions\/7433"}],"wp:featuredmedia":[{"embeddable":true,"href":"https:\/\/mag.abracadaroom.com\/fr\/wp-json\/wp\/v2\/media\/3308"}],"wp:attachment":[{"href":"https:\/\/mag.abracadaroom.com\/fr\/wp-json\/wp\/v2\/media?parent=2621"}],"wp:term":[{"taxonomy":"category","embeddable":true,"href":"https:\/\/mag.abracadaroom.com\/fr\/wp-json\/wp\/v2\/categories?post=2621"},{"taxonomy":"post_tag","embeddable":true,"href":"https:\/\/mag.abracadaroom.com\/fr\/wp-json\/wp\/v2\/tags?post=2621"}],"curies":[{"name":"wp","href":"https:\/\/api.w.org\/{rel}","templated":true}]}}