{"id":2672,"date":"2015-02-24T20:15:48","date_gmt":"2015-02-24T19:15:48","guid":{"rendered":"http:\/\/mag.abracadaroom.com\/fr\/?p=2672"},"modified":"2019-07-04T12:16:22","modified_gmt":"2019-07-04T11:16:22","slug":"les-plages-les-plus-insolites-au-monde","status":"publish","type":"post","link":"https:\/\/mag.abracadaroom.com\/fr\/les-plages-les-plus-insolites-au-monde\/","title":{"rendered":"Les plages les plus insolites au monde !"},"content":{"rendered":"<h2 style=\"text-align: justify\"><strong>Plage de sable rose sur l\u2019\u00eele de Komodo<\/strong><\/h2>\n<figure id=\"attachment_3282\" aria-describedby=\"caption-attachment-3282\" style=\"width: 300px\" class=\"wp-caption alignleft\"><a href=\"http:\/\/mag.abracadaroom.com\/fr\/wp-content\/uploads\/2015\/02\/photo-10.jpg\"><img decoding=\"async\" loading=\"lazy\" class=\"size-medium wp-image-3282\" src=\"http:\/\/mag.abracadaroom.com\/fr\/wp-content\/uploads\/2015\/02\/photo-10-300x225.jpg\" alt=\"Source: flickr via fart out photography\" width=\"300\" height=\"225\" srcset=\"https:\/\/mag.abracadaroom.com\/fr\/wp-content\/uploads\/2015\/02\/photo-10-300x225.jpg 300w, https:\/\/mag.abracadaroom.com\/fr\/wp-content\/uploads\/2015\/02\/photo-10-324x243.jpg 324w, https:\/\/mag.abracadaroom.com\/fr\/wp-content\/uploads\/2015\/02\/photo-10-80x60.jpg 80w, https:\/\/mag.abracadaroom.com\/fr\/wp-content\/uploads\/2015\/02\/photo-10-265x198.jpg 265w, https:\/\/mag.abracadaroom.com\/fr\/wp-content\/uploads\/2015\/02\/photo-10-560x420.jpg 560w, https:\/\/mag.abracadaroom.com\/fr\/wp-content\/uploads\/2015\/02\/photo-10.jpg 600w\" sizes=\"(max-width: 300px) 100vw, 300px\" \/><\/a><figcaption id=\"caption-attachment-3282\" class=\"wp-caption-text\">Source: flickr via fart out photography<\/figcaption><\/figure>\n<p style=\"text-align: justify\"><em>Localisation\u00a0:<\/em> Indon\u00e9sie &#8211; \u00eele de Komodo<\/p>\n<p style=\"text-align: justify\"><em>Sp\u00e9cificit\u00e9\u00a0: <\/em>plage de <strong>sable rose<\/strong> (et accessoirement, \u00eele habit\u00e9e par la plus grande esp\u00e8ce de l\u00e9zard au monde, le c\u00e9l\u00e8bre komodo, rien que \u00e7a\u00a0!)<\/p>\n<p style=\"text-align: justify\"><em>Hum, et pourquoi cette plage est-elle rose?<\/em> Un m\u00e9lange de fragments de coraux, coquillages, \u00e9ponges\u2026 a form\u00e9 cette superbe teinte ros\u00e9e. Outre sa couleur hors du commun cette plage poss\u00e8de de nombreux autres atouts\u00a0: plus de 1000 esp\u00e8ces animales vivent aux alentours, peu de touristes, une nature intacte, bref tout pour passer une apr\u00e8s-midi ensoleill\u00e9e inoubliable\u00a0!<\/p>\n<figure id=\"attachment_3284\" aria-describedby=\"caption-attachment-3284\" style=\"width: 300px\" class=\"wp-caption alignleft\"><a href=\"http:\/\/mag.abracadaroom.com\/fr\/wp-content\/uploads\/2015\/02\/photo-11.jpg\"><img decoding=\"async\" loading=\"lazy\" class=\"size-medium wp-image-3284\" src=\"http:\/\/mag.abracadaroom.com\/fr\/wp-content\/uploads\/2015\/02\/photo-11-300x199.jpg\" alt=\"source: flickr via Steve D\" width=\"300\" height=\"199\" srcset=\"https:\/\/mag.abracadaroom.com\/fr\/wp-content\/uploads\/2015\/02\/photo-11-300x199.jpg 300w, https:\/\/mag.abracadaroom.com\/fr\/wp-content\/uploads\/2015\/02\/photo-11-324x215.jpg 324w, https:\/\/mag.abracadaroom.com\/fr\/wp-content\/uploads\/2015\/02\/photo-11.jpg 600w\" sizes=\"(max-width: 300px) 100vw, 300px\" \/><\/a><figcaption id=\"caption-attachment-3284\" class=\"wp-caption-text\">Source: flickr via Steve D<\/figcaption><\/figure>\n<h2 style=\"text-align: justify\">\u00a0<strong>Plage de sable vert \u00e0 Hawa\u00ef<\/strong><\/h2>\n<p>&nbsp;<\/p>\n<p style=\"text-align: justify\"><em>Localisation\u00a0:<\/em> Hawa\u00ef- Papakolea Beach<\/p>\n<p style=\"text-align: justify\"><em>Sp\u00e9cificit\u00e9\u00a0: <\/em>plage de <strong>sable vert<\/strong><\/p>\n<p style=\"text-align: justify\"><em>Hum, et pourquoi cette plage est-elle verte?<\/em> Pour comprendre ce ph\u00e9nom\u00e8ne il faut remonter environ 49\u00a0000 ans en arri\u00e8re\u2026 Un volcan, une \u00e9ruption et un m\u00e9lange de lave et d\u2019olivine. Apr\u00e8s toutes ces ann\u00e9es l\u2019\u00e9rosion naturelle a fait disparaitre la lave pour ne laisser place qu\u2019\u00e0 l\u2019olivine, ce min\u00e9ral vert et transparent.<\/p>\n<h2 style=\"text-align: justify\"><\/h2>\n<figure id=\"attachment_3286\" aria-describedby=\"caption-attachment-3286\" style=\"width: 300px\" class=\"wp-caption alignleft\"><a href=\"http:\/\/mag.abracadaroom.com\/fr\/wp-content\/uploads\/2015\/02\/photo-12.jpg\"><img decoding=\"async\" loading=\"lazy\" class=\"size-medium wp-image-3286\" src=\"http:\/\/mag.abracadaroom.com\/fr\/wp-content\/uploads\/2015\/02\/photo-12-300x200.jpg\" alt=\"Photo credit: Armel via Foter.com \/ CC BY-SA\" width=\"300\" height=\"200\" srcset=\"https:\/\/mag.abracadaroom.com\/fr\/wp-content\/uploads\/2015\/02\/photo-12-300x200.jpg 300w, https:\/\/mag.abracadaroom.com\/fr\/wp-content\/uploads\/2015\/02\/photo-12-324x216.jpg 324w, https:\/\/mag.abracadaroom.com\/fr\/wp-content\/uploads\/2015\/02\/photo-12-768x512.jpg 768w, https:\/\/mag.abracadaroom.com\/fr\/wp-content\/uploads\/2015\/02\/photo-12-696x464.jpg 696w, https:\/\/mag.abracadaroom.com\/fr\/wp-content\/uploads\/2015\/02\/photo-12-630x420.jpg 630w, https:\/\/mag.abracadaroom.com\/fr\/wp-content\/uploads\/2015\/02\/photo-12.jpg 800w\" sizes=\"(max-width: 300px) 100vw, 300px\" \/><\/a><figcaption id=\"caption-attachment-3286\" class=\"wp-caption-text\">Photo credit: <a href=\"https:\/\/www.flickr.com\/photos\/armel\/189946821\/\">Armel<\/a> via <a href=\"http:\/\/foter.com\/\">Foter.com<\/a> \/ <a href=\"http:\/\/creativecommons.org\/licenses\/by-sa\/2.0\/\">CC BY-SA<\/a><\/figcaption><\/figure>\n<h2 style=\"text-align: justify\"><strong>Plage de sable noir en Martinique<\/strong><\/h2>\n<p>&nbsp;<\/p>\n<p style=\"text-align: justify\"><em>Localisation\u00a0:<\/em> Martinique- Plage Anse L\u00e9vrier<\/p>\n<p style=\"text-align: justify\"><em>Sp\u00e9cificit\u00e9\u00a0: <\/em>plage de sable noir<\/p>\n<p style=\"text-align: justify\"><em>Hum, et pourquoi cette plage est-elle noire?<\/em> Tout comme la plage de sable vert d\u2019Hawa\u00ef, c\u2019est le pass\u00e9 volcanique de l\u2019\u00eele qui explique la couleur noire du sable. En effet, c\u2019est avec les \u00e9ruptions successives que la Martinique est n\u00e9e dans l\u2019Oc\u00e9an Atlantique\u00a0!<\/p>\n<figure id=\"attachment_3287\" aria-describedby=\"caption-attachment-3287\" style=\"width: 300px\" class=\"wp-caption alignleft\"><a href=\"http:\/\/mag.abracadaroom.com\/fr\/wp-content\/uploads\/2015\/02\/photo-13.jpg\"><img decoding=\"async\" loading=\"lazy\" class=\"size-medium wp-image-3287\" src=\"http:\/\/mag.abracadaroom.com\/fr\/wp-content\/uploads\/2015\/02\/photo-13-300x184.jpg\" alt=\"Source: Vallaria adventures hotspotmedia\" width=\"300\" height=\"184\" srcset=\"https:\/\/mag.abracadaroom.com\/fr\/wp-content\/uploads\/2015\/02\/photo-13-300x184.jpg 300w, https:\/\/mag.abracadaroom.com\/fr\/wp-content\/uploads\/2015\/02\/photo-13-324x198.jpg 324w, https:\/\/mag.abracadaroom.com\/fr\/wp-content\/uploads\/2015\/02\/photo-13-356x220.jpg 356w, https:\/\/mag.abracadaroom.com\/fr\/wp-content\/uploads\/2015\/02\/photo-13.jpg 685w\" sizes=\"(max-width: 300px) 100vw, 300px\" \/><\/a><figcaption id=\"caption-attachment-3287\" class=\"wp-caption-text\">Source: Vallaria adventures hotspotmedia<\/figcaption><\/figure>\n<h2 style=\"text-align: justify\">\u00a0<strong>La plage cach\u00e9e au Mexique<\/strong><\/h2>\n<p>&nbsp;<\/p>\n<p style=\"text-align: justify\"><em>Localisation\u00a0:<\/em> Mexique-\u00eele Marieta- plage cach\u00e9e<\/p>\n<p style=\"text-align: justify\"><em>Sp\u00e9cificit\u00e9\u00a0: <\/em>plage dissimul\u00e9e \u00e0 l\u2019int\u00e9rieur des terres\u00a0!<\/p>\n<p style=\"text-align: justify\"><em>Hum, et comment cette plage a \u00e9t\u00e9 cr\u00e9\u00e9e?<\/em> <strong>Unique au monde<\/strong>, cette merveille de la nature \u00a0a \u00e9t\u00e9 fa\u00e7onn\u00e9e par un pass\u00e9 volcanique et un d\u00e9veloppement de la faune et de la flore \u00e0 l\u2019abri de l\u2019activit\u00e9 humaine. Paradoxalement c\u2019est lors de bombardements nucl\u00e9aires au d\u00e9but du 20<sup>\u00e8me<\/sup> si\u00e8cle qu\u2019elle a \u00e9t\u00e9 d\u00e9couverte\u2026 Bon il vous faudra tout de m\u00eame une dose de courage pour y acc\u00e9der\u00a0: attendre la mar\u00e9e basse et traverser \u00e0 la nage une grotte sous-marine, mais quel spectacle \u00e0 l\u2019arriv\u00e9e\u00a0!<\/p>\n<h2 style=\"text-align: justify\"><strong>\u00a0<\/strong><strong>La plage de verre aux Etats Unis<\/strong><\/h2>\n<figure id=\"attachment_2677\" aria-describedby=\"caption-attachment-2677\" style=\"width: 300px\" class=\"wp-caption alignleft\"><a href=\"http:\/\/mag.abracadaroom.com\/fr\/wp-content\/uploads\/2015\/02\/plage-de-verre-credit-photodumonde.fr_.jpg\"><img decoding=\"async\" loading=\"lazy\" class=\"wp-image-2677 size-medium\" src=\"http:\/\/mag.abracadaroom.com\/fr\/wp-content\/uploads\/2015\/02\/plage-de-verre-credit-photodumonde.fr_-300x225.jpg\" alt=\"plage-de-verre credit photodumonde.fr\" width=\"300\" height=\"225\" srcset=\"https:\/\/mag.abracadaroom.com\/fr\/wp-content\/uploads\/2015\/02\/plage-de-verre-credit-photodumonde.fr_-300x225.jpg 300w, https:\/\/mag.abracadaroom.com\/fr\/wp-content\/uploads\/2015\/02\/plage-de-verre-credit-photodumonde.fr_-324x243.jpg 324w, https:\/\/mag.abracadaroom.com\/fr\/wp-content\/uploads\/2015\/02\/plage-de-verre-credit-photodumonde.fr_-80x60.jpg 80w, https:\/\/mag.abracadaroom.com\/fr\/wp-content\/uploads\/2015\/02\/plage-de-verre-credit-photodumonde.fr_-265x198.jpg 265w, https:\/\/mag.abracadaroom.com\/fr\/wp-content\/uploads\/2015\/02\/plage-de-verre-credit-photodumonde.fr_-696x522.jpg 696w, https:\/\/mag.abracadaroom.com\/fr\/wp-content\/uploads\/2015\/02\/plage-de-verre-credit-photodumonde.fr_-560x420.jpg 560w, https:\/\/mag.abracadaroom.com\/fr\/wp-content\/uploads\/2015\/02\/plage-de-verre-credit-photodumonde.fr_.jpg 750w\" sizes=\"(max-width: 300px) 100vw, 300px\" \/><\/a><figcaption id=\"caption-attachment-2677\" class=\"wp-caption-text\">Cr\u00e9dit: photodumonde.fr<\/figcaption><\/figure>\n<p>&nbsp;<\/p>\n<p style=\"text-align: justify\"><em>Localisation\u00a0:<\/em> Etats-Unis- Californie- plage de Fort Bragg<\/p>\n<p style=\"text-align: justify\"><em>Sp\u00e9cificit\u00e9\u00a0: <\/em>plage de galets de verre<\/p>\n<p style=\"text-align: justify\"><em>Hum, et comment cette plage a \u00e9t\u00e9 cr\u00e9\u00e9e?<\/em> Etonnement cette plage est n\u00e9e \u00e0 cause de la pollution de l\u2019homme\u00a0! What? Dans les ann\u00e9es 40, de nombreux am\u00e9ricains venaient en effet jeter leurs d\u00e9chets et appareils m\u00e9nager du haut de la falaise, transformant la plage en v\u00e9ritable d\u00e9charge \u00e0 ciel ouvert. Mais c\u2019est mal conna\u00eetre Dame Nature\u2026 Les politiques de d\u00e9pollution dans les ann\u00e9es 60 et le travail de la mer qui s\u2019est charg\u00e9 de polir les d\u00e9combres et les transformer en milliers de petits galets multicolores ont permis \u00e0 la plage de devenir <strong>un des sites les plus pris\u00e9s des touristes\u00a0!<\/strong><\/p>\n<p style=\"text-align: justify\"><strong>\u00a0<\/strong>Avez-vous d\u00e9j\u00e0 eu la chance d\u2019aller sur ces plages\u00a0paradisiaques\u00a0? Racontez-nous votre s\u00e9jour\u00a0!\u00a0\ud83d\ude42<\/p>\n<p>[br]<br \/>\n[mhibtn]<br \/>\n[br]<\/p>\n","protected":false},"excerpt":{"rendered":"<p>Plage de sable rose sur l\u2019\u00eele de Komodo Localisation\u00a0: Indon\u00e9sie &#8211; \u00eele de Komodo Sp\u00e9cificit\u00e9\u00a0: plage de sable rose (et accessoirement, \u00eele habit\u00e9e par la plus grande esp\u00e8ce de l\u00e9zard au monde, le c\u00e9l\u00e8bre komodo, rien que \u00e7a\u00a0!) Hum, et pourquoi cette plage est-elle rose? Un m\u00e9lange de fragments de coraux, coquillages, \u00e9ponges\u2026 a form\u00e9 [&hellip;]<\/p>\n","protected":false},"author":2,"featured_media":3282,"comment_status":"open","ping_status":"open","sticky":false,"template":"","format":"standard","meta":{"om_disable_all_campaigns":false,"_uf_show_specific_survey":0,"_uf_disable_surveys":false,"footnotes":""},"categories":[1,485],"tags":[203,199,200,201,202,198],"yoast_head":"<!-- This site is optimized with the Yoast SEO plugin v21.8 - https:\/\/yoast.com\/wordpress\/plugins\/seo\/ -->\n<title>Les plages les plus insolites au monde !<\/title>\n<meta name=\"robots\" content=\"index, follow, max-snippet:-1, max-image-preview:large, max-video-preview:-1\" \/>\n<link rel=\"canonical\" href=\"https:\/\/mag.abracadaroom.com\/fr\/les-plages-les-plus-insolites-au-monde\/\" \/>\n<meta property=\"og:locale\" content=\"fr_FR\" \/>\n<meta property=\"og:type\" content=\"article\" \/>\n<meta property=\"og:title\" content=\"Les plages les plus insolites au monde !\" \/>\n<meta property=\"og:description\" content=\"Plage de sable rose sur l\u2019\u00eele de Komodo Localisation\u00a0: Indon\u00e9sie &#8211; \u00eele de Komodo Sp\u00e9cificit\u00e9\u00a0: plage de sable rose (et accessoirement, \u00eele habit\u00e9e par la plus grande esp\u00e8ce de l\u00e9zard au monde, le c\u00e9l\u00e8bre komodo, rien que \u00e7a\u00a0!) Hum, et pourquoi cette plage est-elle rose? Un m\u00e9lange de fragments de coraux, coquillages, \u00e9ponges\u2026 a form\u00e9 [&hellip;]\" \/>\n<meta property=\"og:url\" content=\"https:\/\/mag.abracadaroom.com\/fr\/les-plages-les-plus-insolites-au-monde\/\" \/>\n<meta property=\"og:site_name\" content=\"Le blog du tourisme insolite\" \/>\n<meta property=\"article:publisher\" content=\"https:\/\/www.facebook.com\/abracadaroom\" \/>\n<meta property=\"article:published_time\" content=\"2015-02-24T19:15:48+00:00\" \/>\n<meta property=\"article:modified_time\" content=\"2019-07-04T11:16:22+00:00\" \/>\n<meta property=\"og:image\" content=\"https:\/\/mag.abracadaroom.com\/fr\/wp-content\/uploads\/2015\/02\/photo-10.jpg\" \/>\n\t<meta property=\"og:image:width\" content=\"600\" \/>\n\t<meta property=\"og:image:height\" content=\"450\" \/>\n\t<meta property=\"og:image:type\" content=\"image\/jpeg\" \/>\n<meta name=\"author\" content=\"Lydie Coste\" \/>\n<meta name=\"twitter:card\" content=\"summary_large_image\" \/>\n<meta name=\"twitter:creator\" content=\"@abracadaroom\" \/>\n<meta name=\"twitter:site\" content=\"@abracadaroom\" \/>\n<meta name=\"twitter:label1\" content=\"\u00c9crit par\" \/>\n\t<meta name=\"twitter:data1\" content=\"Lydie Coste\" \/>\n\t<meta name=\"twitter:label2\" content=\"Dur\u00e9e de lecture estim\u00e9e\" \/>\n\t<meta name=\"twitter:data2\" content=\"3 minutes\" \/>\n<script type=\"application\/ld+json\" class=\"yoast-schema-graph\">{\"@context\":\"https:\/\/schema.org\",\"@graph\":[{\"@type\":\"WebPage\",\"@id\":\"https:\/\/mag.abracadaroom.com\/fr\/les-plages-les-plus-insolites-au-monde\/\",\"url\":\"https:\/\/mag.abracadaroom.com\/fr\/les-plages-les-plus-insolites-au-monde\/\",\"name\":\"Les plages les plus insolites au monde !\",\"isPartOf\":{\"@id\":\"https:\/\/mag.abracadaroom.com\/fr\/#website\"},\"datePublished\":\"2015-02-24T19:15:48+00:00\",\"dateModified\":\"2019-07-04T11:16:22+00:00\",\"author\":{\"@id\":\"https:\/\/mag.abracadaroom.com\/fr\/#\/schema\/person\/75ce15ddf80df3a5cb1935c20fe1f592\"},\"breadcrumb\":{\"@id\":\"https:\/\/mag.abracadaroom.com\/fr\/les-plages-les-plus-insolites-au-monde\/#breadcrumb\"},\"inLanguage\":\"fr-FR\",\"potentialAction\":[{\"@type\":\"ReadAction\",\"target\":[\"https:\/\/mag.abracadaroom.com\/fr\/les-plages-les-plus-insolites-au-monde\/\"]}]},{\"@type\":\"BreadcrumbList\",\"@id\":\"https:\/\/mag.abracadaroom.com\/fr\/les-plages-les-plus-insolites-au-monde\/#breadcrumb\",\"itemListElement\":[{\"@type\":\"ListItem\",\"position\":1,\"name\":\"Home\",\"item\":\"https:\/\/mag.abracadaroom.com\/fr\/\"},{\"@type\":\"ListItem\",\"position\":2,\"name\":\"Les plages les plus insolites au monde !\"}]},{\"@type\":\"WebSite\",\"@id\":\"https:\/\/mag.abracadaroom.com\/fr\/#website\",\"url\":\"https:\/\/mag.abracadaroom.com\/fr\/\",\"name\":\"Le blog du tourisme insolite\",\"description\":\"\",\"potentialAction\":[{\"@type\":\"SearchAction\",\"target\":{\"@type\":\"EntryPoint\",\"urlTemplate\":\"https:\/\/mag.abracadaroom.com\/fr\/?s={search_term_string}\"},\"query-input\":\"required name=search_term_string\"}],\"inLanguage\":\"fr-FR\"},{\"@type\":\"Person\",\"@id\":\"https:\/\/mag.abracadaroom.com\/fr\/#\/schema\/person\/75ce15ddf80df3a5cb1935c20fe1f592\",\"name\":\"Lydie Coste\",\"image\":{\"@type\":\"ImageObject\",\"inLanguage\":\"fr-FR\",\"@id\":\"https:\/\/mag.abracadaroom.com\/fr\/#\/schema\/person\/image\/\",\"url\":\"https:\/\/secure.gravatar.com\/avatar\/4e9917e75d82f9408d38fa049d4f4b33?s=96&d=mm&r=g\",\"contentUrl\":\"https:\/\/secure.gravatar.com\/avatar\/4e9917e75d82f9408d38fa049d4f4b33?s=96&d=mm&r=g\",\"caption\":\"Lydie Coste\"},\"description\":\"Passionn\u00e9e par les voyages, je me suis naturellement dirig\u00e9e apr\u00e8s le bac vers des \u00e9tudes de g\u00e9ographie et de tourisme. Fervente adepte des randonn\u00e9es et du g\u00e9ocaching, me voici aujourd\u2019hui proche de la trentaine, un master de tourisme en poche et plusieurs p\u00e9riples \u00e0 travers l\u2019Europe \u00e0 mon actif ! Ma philosophie de vie ? \u00ab Le plus beau voyage c\u2019est celui que l\u2019on n\u2019a pas encore fait\u2026 \u00bb. A quand le prochain ?\",\"url\":\"https:\/\/mag.abracadaroom.com\/fr\/author\/lydie\/\"}]}<\/script>\n<!-- \/ Yoast SEO plugin. -->","yoast_head_json":{"title":"Les plages les plus insolites au monde !","robots":{"index":"index","follow":"follow","max-snippet":"max-snippet:-1","max-image-preview":"max-image-preview:large","max-video-preview":"max-video-preview:-1"},"canonical":"https:\/\/mag.abracadaroom.com\/fr\/les-plages-les-plus-insolites-au-monde\/","og_locale":"fr_FR","og_type":"article","og_title":"Les plages les plus insolites au monde !","og_description":"Plage de sable rose sur l\u2019\u00eele de Komodo Localisation\u00a0: Indon\u00e9sie &#8211; \u00eele de Komodo Sp\u00e9cificit\u00e9\u00a0: plage de sable rose (et accessoirement, \u00eele habit\u00e9e par la plus grande esp\u00e8ce de l\u00e9zard au monde, le c\u00e9l\u00e8bre komodo, rien que \u00e7a\u00a0!) Hum, et pourquoi cette plage est-elle rose? Un m\u00e9lange de fragments de coraux, coquillages, \u00e9ponges\u2026 a form\u00e9 [&hellip;]","og_url":"https:\/\/mag.abracadaroom.com\/fr\/les-plages-les-plus-insolites-au-monde\/","og_site_name":"Le blog du tourisme insolite","article_publisher":"https:\/\/www.facebook.com\/abracadaroom","article_published_time":"2015-02-24T19:15:48+00:00","article_modified_time":"2019-07-04T11:16:22+00:00","og_image":[{"width":600,"height":450,"url":"https:\/\/mag.abracadaroom.com\/fr\/wp-content\/uploads\/2015\/02\/photo-10.jpg","type":"image\/jpeg"}],"author":"Lydie Coste","twitter_card":"summary_large_image","twitter_creator":"@abracadaroom","twitter_site":"@abracadaroom","twitter_misc":{"\u00c9crit par":"Lydie Coste","Dur\u00e9e de lecture estim\u00e9e":"3 minutes"},"schema":{"@context":"https:\/\/schema.org","@graph":[{"@type":"WebPage","@id":"https:\/\/mag.abracadaroom.com\/fr\/les-plages-les-plus-insolites-au-monde\/","url":"https:\/\/mag.abracadaroom.com\/fr\/les-plages-les-plus-insolites-au-monde\/","name":"Les plages les plus insolites au monde !","isPartOf":{"@id":"https:\/\/mag.abracadaroom.com\/fr\/#website"},"datePublished":"2015-02-24T19:15:48+00:00","dateModified":"2019-07-04T11:16:22+00:00","author":{"@id":"https:\/\/mag.abracadaroom.com\/fr\/#\/schema\/person\/75ce15ddf80df3a5cb1935c20fe1f592"},"breadcrumb":{"@id":"https:\/\/mag.abracadaroom.com\/fr\/les-plages-les-plus-insolites-au-monde\/#breadcrumb"},"inLanguage":"fr-FR","potentialAction":[{"@type":"ReadAction","target":["https:\/\/mag.abracadaroom.com\/fr\/les-plages-les-plus-insolites-au-monde\/"]}]},{"@type":"BreadcrumbList","@id":"https:\/\/mag.abracadaroom.com\/fr\/les-plages-les-plus-insolites-au-monde\/#breadcrumb","itemListElement":[{"@type":"ListItem","position":1,"name":"Home","item":"https:\/\/mag.abracadaroom.com\/fr\/"},{"@type":"ListItem","position":2,"name":"Les plages les plus insolites au monde !"}]},{"@type":"WebSite","@id":"https:\/\/mag.abracadaroom.com\/fr\/#website","url":"https:\/\/mag.abracadaroom.com\/fr\/","name":"Le blog du tourisme insolite","description":"","potentialAction":[{"@type":"SearchAction","target":{"@type":"EntryPoint","urlTemplate":"https:\/\/mag.abracadaroom.com\/fr\/?s={search_term_string}"},"query-input":"required name=search_term_string"}],"inLanguage":"fr-FR"},{"@type":"Person","@id":"https:\/\/mag.abracadaroom.com\/fr\/#\/schema\/person\/75ce15ddf80df3a5cb1935c20fe1f592","name":"Lydie Coste","image":{"@type":"ImageObject","inLanguage":"fr-FR","@id":"https:\/\/mag.abracadaroom.com\/fr\/#\/schema\/person\/image\/","url":"https:\/\/secure.gravatar.com\/avatar\/4e9917e75d82f9408d38fa049d4f4b33?s=96&d=mm&r=g","contentUrl":"https:\/\/secure.gravatar.com\/avatar\/4e9917e75d82f9408d38fa049d4f4b33?s=96&d=mm&r=g","caption":"Lydie Coste"},"description":"Passionn\u00e9e par les voyages, je me suis naturellement dirig\u00e9e apr\u00e8s le bac vers des \u00e9tudes de g\u00e9ographie et de tourisme. Fervente adepte des randonn\u00e9es et du g\u00e9ocaching, me voici aujourd\u2019hui proche de la trentaine, un master de tourisme en poche et plusieurs p\u00e9riples \u00e0 travers l\u2019Europe \u00e0 mon actif ! Ma philosophie de vie ? \u00ab Le plus beau voyage c\u2019est celui que l\u2019on n\u2019a pas encore fait\u2026 \u00bb. A quand le prochain ?","url":"https:\/\/mag.abracadaroom.com\/fr\/author\/lydie\/"}]}},"_links":{"self":[{"href":"https:\/\/mag.abracadaroom.com\/fr\/wp-json\/wp\/v2\/posts\/2672"}],"collection":[{"href":"https:\/\/mag.abracadaroom.com\/fr\/wp-json\/wp\/v2\/posts"}],"about":[{"href":"https:\/\/mag.abracadaroom.com\/fr\/wp-json\/wp\/v2\/types\/post"}],"author":[{"embeddable":true,"href":"https:\/\/mag.abracadaroom.com\/fr\/wp-json\/wp\/v2\/users\/2"}],"replies":[{"embeddable":true,"href":"https:\/\/mag.abracadaroom.com\/fr\/wp-json\/wp\/v2\/comments?post=2672"}],"version-history":[{"count":1,"href":"https:\/\/mag.abracadaroom.com\/fr\/wp-json\/wp\/v2\/posts\/2672\/revisions"}],"predecessor-version":[{"id":7247,"href":"https:\/\/mag.abracadaroom.com\/fr\/wp-json\/wp\/v2\/posts\/2672\/revisions\/7247"}],"wp:featuredmedia":[{"embeddable":true,"href":"https:\/\/mag.abracadaroom.com\/fr\/wp-json\/wp\/v2\/media\/3282"}],"wp:attachment":[{"href":"https:\/\/mag.abracadaroom.com\/fr\/wp-json\/wp\/v2\/media?parent=2672"}],"wp:term":[{"taxonomy":"category","embeddable":true,"href":"https:\/\/mag.abracadaroom.com\/fr\/wp-json\/wp\/v2\/categories?post=2672"},{"taxonomy":"post_tag","embeddable":true,"href":"https:\/\/mag.abracadaroom.com\/fr\/wp-json\/wp\/v2\/tags?post=2672"}],"curies":[{"name":"wp","href":"https:\/\/api.w.org\/{rel}","templated":true}]}}