{"id":2969,"date":"2015-09-06T10:41:56","date_gmt":"2015-09-06T09:41:56","guid":{"rendered":"http:\/\/mag.abracadaroom.com\/fr\/?p=2969"},"modified":"2023-01-20T13:31:07","modified_gmt":"2023-01-20T12:31:07","slug":"decompressez-apres-le-stress-de-la-rentree-et-partez-pour-un-week-end-insolite-en-famille","status":"publish","type":"post","link":"https:\/\/mag.abracadaroom.com\/fr\/decompressez-apres-le-stress-de-la-rentree-et-partez-pour-un-week-end-insolite-en-famille\/","title":{"rendered":"D\u00e9compressez apr\u00e8s le stress de la rentr\u00e9e et partez pour un week-end insolite en famille !"},"content":{"rendered":"\n<p>Septembre&nbsp;: le stress de la rentr\u00e9e pour les enfants, la reprise du boulot pour les parents, l\u2019automne qui arrive \u00e0 grands pas\u2026 Pas envie d\u2019attendre les vacances de la Toussaint pour d\u00e9compresser, une soudaine envie de <strong>prolonger les vacances d\u2019\u00e9t\u00e9<\/strong>&nbsp;? Profitez des derniers beaux jours et des tarifs \u00ab&nbsp;hors saison&nbsp;\u00bb attractifs pour organiser une escapade insolite en famille&nbsp;! Voici quelques id\u00e9es de week-ends qui devraient vous plaire\u2026<\/p>\n\n\n\n<h2 class=\"wp-block-heading\">Un week-end sous-terrain en Maine-et-Loire<\/h2>\n\n\n\n<div class=\"wp-block-image\"><figure class=\"alignleft\"><a href=\"http:\/\/mag.abracadaroom.com\/fr\/wp-content\/uploads\/2015\/09\/Salon2.jpg\"><img decoding=\"async\" loading=\"lazy\" width=\"300\" height=\"219\" src=\"http:\/\/mag.abracadaroom.com\/fr\/wp-content\/uploads\/2015\/09\/Salon2-300x219.jpg\" alt=\"chb\" class=\"wp-image-2970\" srcset=\"https:\/\/mag.abracadaroom.com\/fr\/wp-content\/uploads\/2015\/09\/Salon2-300x219.jpg 300w, https:\/\/mag.abracadaroom.com\/fr\/wp-content\/uploads\/2015\/09\/Salon2-324x235.jpg 324w, https:\/\/mag.abracadaroom.com\/fr\/wp-content\/uploads\/2015\/09\/Salon2-696x508.jpg 696w, https:\/\/mag.abracadaroom.com\/fr\/wp-content\/uploads\/2015\/09\/Salon2-576x420.jpg 576w, https:\/\/mag.abracadaroom.com\/fr\/wp-content\/uploads\/2015\/09\/Salon2.jpg 709w\" sizes=\"(max-width: 300px) 100vw, 300px\" \/><\/a><figcaption>Source photo: http:\/\/www.latrogloaplumes.fr\/<\/figcaption><\/figure><\/div>\n\n\n\n<p>Habitations souterraines ou creus\u00e9es dans la roche \u00e0 flanc de montagne, l\u2019habitat <strong>troglodytique<\/strong> existe depuis\u2026 la Pr\u00e9histoire&nbsp;! Et si vous testiez ce type d\u2019<strong>h\u00e9bergement insolite<\/strong> le temps d\u2019un s\u00e9jour&nbsp;? C\u2019est ce que vous propose la <span style=\"text-decoration: underline;\">\u00ab&nbsp;Troglo \u00e0 plumes\u00bb<\/span> \u00e0 Parnay. Jadis occup\u00e9 par des moines, ce g\u00eete hors du commun peut accueillir jusqu\u2019\u00e0 12 personnes. Et pas de panique, cette \u00ab&nbsp;grotte&nbsp;\u00bb est tout confort&nbsp;: cuisine \u00e9quip\u00e9e, salle de bain avec douche et baignoire, vous disposerez m\u00eame d\u2019une buanderie. Le petit plus&nbsp;? Une superbe terrasse avec vue imprenable sur la Loire\u2026<\/p>\n\n\n\n<p>Cerise sur le g\u00e2teau&nbsp;: pour toute location du g\u00eete une visite de la <strong>distillerie Combier<\/strong> et des <strong>caves de Grenelle<\/strong> vous sera&nbsp;offerte. Avis aux amateurs&nbsp;!<\/p>\n\n\n\n<h2 class=\"wp-block-heading\">Un week-end en roulotte en Bretagne<\/h2>\n\n\n\n<div class=\"wp-block-image\"><figure class=\"alignright\"><a href=\"http:\/\/mag.abracadaroom.com\/fr\/wp-content\/uploads\/2015\/09\/3068215a7a4ffbc0d7e2aa865eaa8cf5.jpg\"><img decoding=\"async\" loading=\"lazy\" width=\"300\" height=\"198\" src=\"http:\/\/mag.abracadaroom.com\/fr\/wp-content\/uploads\/2015\/09\/3068215a7a4ffbc0d7e2aa865eaa8cf5-300x198.jpg\" alt=\"3068215a7a4ffbc0d7e2aa865eaa8cf5\" class=\"wp-image-2971\" srcset=\"https:\/\/mag.abracadaroom.com\/fr\/wp-content\/uploads\/2015\/09\/3068215a7a4ffbc0d7e2aa865eaa8cf5-300x198.jpg 300w, https:\/\/mag.abracadaroom.com\/fr\/wp-content\/uploads\/2015\/09\/3068215a7a4ffbc0d7e2aa865eaa8cf5-324x214.jpg 324w, https:\/\/mag.abracadaroom.com\/fr\/wp-content\/uploads\/2015\/09\/3068215a7a4ffbc0d7e2aa865eaa8cf5-696x460.jpg 696w, https:\/\/mag.abracadaroom.com\/fr\/wp-content\/uploads\/2015\/09\/3068215a7a4ffbc0d7e2aa865eaa8cf5-741x486.jpg 741w, https:\/\/mag.abracadaroom.com\/fr\/wp-content\/uploads\/2015\/09\/3068215a7a4ffbc0d7e2aa865eaa8cf5-635x420.jpg 635w, https:\/\/mag.abracadaroom.com\/fr\/wp-content\/uploads\/2015\/09\/3068215a7a4ffbc0d7e2aa865eaa8cf5.jpg 750w\" sizes=\"(max-width: 300px) 100vw, 300px\" \/><\/a><\/figure><\/div>\n\n\n\n<p>L\u2019ambiance camping de cet \u00e9t\u00e9 vous manque d\u00e9j\u00e0\u00a0? Venez d\u00e9couvrir la <strong>splendide roulotte<\/strong> Broc\u00e9liande au <span style=\"text-decoration: underline;\"><a href=\"http:\/\/www.abracadaroom.com\/fr\/reservation-vallee-de-pratmeur-roulotte-la-roulotte-broceliande-1259\/?from_search=%2Fnuit-insolite%2F%3Fdestination%3D%26person_number_max%3D5%26start%3D%26end%3D%26price_min%3D0%26price_max%3D1000%26sort%3D%26sub_types%3Dtrailer&amp;\" target=\"_blank\" rel=\"noopener\">domaine de la Vall\u00e9e de Pratmeur<\/a><\/span>. Pouvant accueillir une famille jusqu\u2019\u00e0 5 personnes, cet h\u00e9bergement a un charme fou\u2026 et on adore son c\u00f4t\u00e9 \u00ab\u00a0<strong>cocooning<\/strong>\u00a0\u00bb\u00a0! V\u00e9ritable invitation au voyage, cette roulotte boh\u00e8me vous offrira l\u2019authenticit\u00e9 et le d\u00e9paysement que vous recherchez pour votre s\u00e9jour \u00ab\u00a0Nature\u00a0\u00bb \u00e0 la campagne. Une fa\u00e7on insolite de go\u00fbter au plaisir des vacances nomades tout en disposant d\u2019un grand confort. Une destination id\u00e9ale pour le citadin en besoin d\u2019\u00e9vasion qui est en vous. Surtout n\u2019h\u00e9sitez pas \u00e0 profiter des am\u00e9nagements pr\u00e9sents sur le domaine\u00a0: une piscine int\u00e9rieure et un spa vous attendent pour une parenth\u00e8se bien-\u00eatre et relaxation pendant votre s\u00e9jour. De quoi vous ressourcer jusqu\u2019aux prochaines vacances\u00a0! \ud83d\ude42<br><br>D&rsquo;autres typologies d&rsquo;h\u00e9bergements insolites sont adapt\u00e9es pour <a href=\"https:\/\/www.abracadaroom.com\/fr\/cabane-dans-les-arbres-en-famille\/\">accueillir des familles, comme la cabane dans les arbres<\/a>, les cabanes sur pilotis, les yourtes et bien plus encore ! <\/p>\n","protected":false},"excerpt":{"rendered":"<p>Septembre&nbsp;: le stress de la rentr\u00e9e pour les enfants, la reprise du boulot pour les parents, l\u2019automne qui arrive \u00e0 grands pas\u2026 Pas envie d\u2019attendre les vacances de la Toussaint pour d\u00e9compresser, une soudaine envie de prolonger les vacances d\u2019\u00e9t\u00e9&nbsp;? Profitez des derniers beaux jours et des tarifs \u00ab&nbsp;hors saison&nbsp;\u00bb attractifs pour organiser une escapade [&hellip;]<\/p>\n","protected":false},"author":2,"featured_media":2972,"comment_status":"open","ping_status":"open","sticky":false,"template":"","format":"standard","meta":{"om_disable_all_campaigns":false,"_uf_show_specific_survey":0,"_uf_disable_surveys":false,"footnotes":""},"categories":[482],"tags":[97,284,285,177],"yoast_head":"<!-- This site is optimized with the Yoast SEO plugin v21.8 - https:\/\/yoast.com\/wordpress\/plugins\/seo\/ -->\n<title>D\u00e9compressez apr\u00e8s le stress de la rentr\u00e9e et partez pour un week-end insolite en famille !<\/title>\n<meta name=\"robots\" content=\"index, follow, max-snippet:-1, max-image-preview:large, max-video-preview:-1\" \/>\n<link rel=\"canonical\" href=\"https:\/\/mag.abracadaroom.com\/fr\/decompressez-apres-le-stress-de-la-rentree-et-partez-pour-un-week-end-insolite-en-famille\/\" \/>\n<meta property=\"og:locale\" content=\"fr_FR\" \/>\n<meta property=\"og:type\" content=\"article\" \/>\n<meta property=\"og:title\" content=\"D\u00e9compressez apr\u00e8s le stress de la rentr\u00e9e et partez pour un week-end insolite en famille !\" \/>\n<meta property=\"og:description\" content=\"Septembre&nbsp;: le stress de la rentr\u00e9e pour les enfants, la reprise du boulot pour les parents, l\u2019automne qui arrive \u00e0 grands pas\u2026 Pas envie d\u2019attendre les vacances de la Toussaint pour d\u00e9compresser, une soudaine envie de prolonger les vacances d\u2019\u00e9t\u00e9&nbsp;? Profitez des derniers beaux jours et des tarifs \u00ab&nbsp;hors saison&nbsp;\u00bb attractifs pour organiser une escapade [&hellip;]\" \/>\n<meta property=\"og:url\" content=\"https:\/\/mag.abracadaroom.com\/fr\/decompressez-apres-le-stress-de-la-rentree-et-partez-pour-un-week-end-insolite-en-famille\/\" \/>\n<meta property=\"og:site_name\" content=\"Le blog du tourisme insolite\" \/>\n<meta property=\"article:publisher\" content=\"https:\/\/www.facebook.com\/abracadaroom\" \/>\n<meta property=\"article:published_time\" content=\"2015-09-06T09:41:56+00:00\" \/>\n<meta property=\"article:modified_time\" content=\"2023-01-20T12:31:07+00:00\" \/>\n<meta property=\"og:image\" content=\"https:\/\/mag.abracadaroom.com\/fr\/wp-content\/uploads\/2015\/09\/Terasse1.jpg\" \/>\n\t<meta property=\"og:image:width\" content=\"709\" \/>\n\t<meta property=\"og:image:height\" content=\"517\" \/>\n\t<meta property=\"og:image:type\" content=\"image\/jpeg\" \/>\n<meta name=\"author\" content=\"Lydie Coste\" \/>\n<meta name=\"twitter:card\" content=\"summary_large_image\" \/>\n<meta name=\"twitter:creator\" content=\"@abracadaroom\" \/>\n<meta name=\"twitter:site\" content=\"@abracadaroom\" \/>\n<meta name=\"twitter:label1\" content=\"\u00c9crit par\" \/>\n\t<meta name=\"twitter:data1\" content=\"Lydie Coste\" \/>\n\t<meta name=\"twitter:label2\" content=\"Dur\u00e9e de lecture estim\u00e9e\" \/>\n\t<meta name=\"twitter:data2\" content=\"2 minutes\" \/>\n<script type=\"application\/ld+json\" class=\"yoast-schema-graph\">{\"@context\":\"https:\/\/schema.org\",\"@graph\":[{\"@type\":\"WebPage\",\"@id\":\"https:\/\/mag.abracadaroom.com\/fr\/decompressez-apres-le-stress-de-la-rentree-et-partez-pour-un-week-end-insolite-en-famille\/\",\"url\":\"https:\/\/mag.abracadaroom.com\/fr\/decompressez-apres-le-stress-de-la-rentree-et-partez-pour-un-week-end-insolite-en-famille\/\",\"name\":\"D\u00e9compressez apr\u00e8s le stress de la rentr\u00e9e et partez pour un week-end insolite en famille !\",\"isPartOf\":{\"@id\":\"https:\/\/mag.abracadaroom.com\/fr\/#website\"},\"datePublished\":\"2015-09-06T09:41:56+00:00\",\"dateModified\":\"2023-01-20T12:31:07+00:00\",\"author\":{\"@id\":\"https:\/\/mag.abracadaroom.com\/fr\/#\/schema\/person\/75ce15ddf80df3a5cb1935c20fe1f592\"},\"breadcrumb\":{\"@id\":\"https:\/\/mag.abracadaroom.com\/fr\/decompressez-apres-le-stress-de-la-rentree-et-partez-pour-un-week-end-insolite-en-famille\/#breadcrumb\"},\"inLanguage\":\"fr-FR\",\"potentialAction\":[{\"@type\":\"ReadAction\",\"target\":[\"https:\/\/mag.abracadaroom.com\/fr\/decompressez-apres-le-stress-de-la-rentree-et-partez-pour-un-week-end-insolite-en-famille\/\"]}]},{\"@type\":\"BreadcrumbList\",\"@id\":\"https:\/\/mag.abracadaroom.com\/fr\/decompressez-apres-le-stress-de-la-rentree-et-partez-pour-un-week-end-insolite-en-famille\/#breadcrumb\",\"itemListElement\":[{\"@type\":\"ListItem\",\"position\":1,\"name\":\"Home\",\"item\":\"https:\/\/mag.abracadaroom.com\/fr\/\"},{\"@type\":\"ListItem\",\"position\":2,\"name\":\"D\u00e9compressez apr\u00e8s le stress de la rentr\u00e9e et partez pour un week-end insolite en famille !\"}]},{\"@type\":\"WebSite\",\"@id\":\"https:\/\/mag.abracadaroom.com\/fr\/#website\",\"url\":\"https:\/\/mag.abracadaroom.com\/fr\/\",\"name\":\"Le blog du tourisme insolite\",\"description\":\"\",\"potentialAction\":[{\"@type\":\"SearchAction\",\"target\":{\"@type\":\"EntryPoint\",\"urlTemplate\":\"https:\/\/mag.abracadaroom.com\/fr\/?s={search_term_string}\"},\"query-input\":\"required name=search_term_string\"}],\"inLanguage\":\"fr-FR\"},{\"@type\":\"Person\",\"@id\":\"https:\/\/mag.abracadaroom.com\/fr\/#\/schema\/person\/75ce15ddf80df3a5cb1935c20fe1f592\",\"name\":\"Lydie Coste\",\"image\":{\"@type\":\"ImageObject\",\"inLanguage\":\"fr-FR\",\"@id\":\"https:\/\/mag.abracadaroom.com\/fr\/#\/schema\/person\/image\/\",\"url\":\"https:\/\/secure.gravatar.com\/avatar\/4e9917e75d82f9408d38fa049d4f4b33?s=96&d=mm&r=g\",\"contentUrl\":\"https:\/\/secure.gravatar.com\/avatar\/4e9917e75d82f9408d38fa049d4f4b33?s=96&d=mm&r=g\",\"caption\":\"Lydie Coste\"},\"description\":\"Passionn\u00e9e par les voyages, je me suis naturellement dirig\u00e9e apr\u00e8s le bac vers des \u00e9tudes de g\u00e9ographie et de tourisme. Fervente adepte des randonn\u00e9es et du g\u00e9ocaching, me voici aujourd\u2019hui proche de la trentaine, un master de tourisme en poche et plusieurs p\u00e9riples \u00e0 travers l\u2019Europe \u00e0 mon actif ! Ma philosophie de vie ? \u00ab Le plus beau voyage c\u2019est celui que l\u2019on n\u2019a pas encore fait\u2026 \u00bb. A quand le prochain ?\",\"url\":\"https:\/\/mag.abracadaroom.com\/fr\/author\/lydie\/\"}]}<\/script>\n<!-- \/ Yoast SEO plugin. -->","yoast_head_json":{"title":"D\u00e9compressez apr\u00e8s le stress de la rentr\u00e9e et partez pour un week-end insolite en famille !","robots":{"index":"index","follow":"follow","max-snippet":"max-snippet:-1","max-image-preview":"max-image-preview:large","max-video-preview":"max-video-preview:-1"},"canonical":"https:\/\/mag.abracadaroom.com\/fr\/decompressez-apres-le-stress-de-la-rentree-et-partez-pour-un-week-end-insolite-en-famille\/","og_locale":"fr_FR","og_type":"article","og_title":"D\u00e9compressez apr\u00e8s le stress de la rentr\u00e9e et partez pour un week-end insolite en famille !","og_description":"Septembre&nbsp;: le stress de la rentr\u00e9e pour les enfants, la reprise du boulot pour les parents, l\u2019automne qui arrive \u00e0 grands pas\u2026 Pas envie d\u2019attendre les vacances de la Toussaint pour d\u00e9compresser, une soudaine envie de prolonger les vacances d\u2019\u00e9t\u00e9&nbsp;? Profitez des derniers beaux jours et des tarifs \u00ab&nbsp;hors saison&nbsp;\u00bb attractifs pour organiser une escapade [&hellip;]","og_url":"https:\/\/mag.abracadaroom.com\/fr\/decompressez-apres-le-stress-de-la-rentree-et-partez-pour-un-week-end-insolite-en-famille\/","og_site_name":"Le blog du tourisme insolite","article_publisher":"https:\/\/www.facebook.com\/abracadaroom","article_published_time":"2015-09-06T09:41:56+00:00","article_modified_time":"2023-01-20T12:31:07+00:00","og_image":[{"width":709,"height":517,"url":"https:\/\/mag.abracadaroom.com\/fr\/wp-content\/uploads\/2015\/09\/Terasse1.jpg","type":"image\/jpeg"}],"author":"Lydie Coste","twitter_card":"summary_large_image","twitter_creator":"@abracadaroom","twitter_site":"@abracadaroom","twitter_misc":{"\u00c9crit par":"Lydie Coste","Dur\u00e9e de lecture estim\u00e9e":"2 minutes"},"schema":{"@context":"https:\/\/schema.org","@graph":[{"@type":"WebPage","@id":"https:\/\/mag.abracadaroom.com\/fr\/decompressez-apres-le-stress-de-la-rentree-et-partez-pour-un-week-end-insolite-en-famille\/","url":"https:\/\/mag.abracadaroom.com\/fr\/decompressez-apres-le-stress-de-la-rentree-et-partez-pour-un-week-end-insolite-en-famille\/","name":"D\u00e9compressez apr\u00e8s le stress de la rentr\u00e9e et partez pour un week-end insolite en famille !","isPartOf":{"@id":"https:\/\/mag.abracadaroom.com\/fr\/#website"},"datePublished":"2015-09-06T09:41:56+00:00","dateModified":"2023-01-20T12:31:07+00:00","author":{"@id":"https:\/\/mag.abracadaroom.com\/fr\/#\/schema\/person\/75ce15ddf80df3a5cb1935c20fe1f592"},"breadcrumb":{"@id":"https:\/\/mag.abracadaroom.com\/fr\/decompressez-apres-le-stress-de-la-rentree-et-partez-pour-un-week-end-insolite-en-famille\/#breadcrumb"},"inLanguage":"fr-FR","potentialAction":[{"@type":"ReadAction","target":["https:\/\/mag.abracadaroom.com\/fr\/decompressez-apres-le-stress-de-la-rentree-et-partez-pour-un-week-end-insolite-en-famille\/"]}]},{"@type":"BreadcrumbList","@id":"https:\/\/mag.abracadaroom.com\/fr\/decompressez-apres-le-stress-de-la-rentree-et-partez-pour-un-week-end-insolite-en-famille\/#breadcrumb","itemListElement":[{"@type":"ListItem","position":1,"name":"Home","item":"https:\/\/mag.abracadaroom.com\/fr\/"},{"@type":"ListItem","position":2,"name":"D\u00e9compressez apr\u00e8s le stress de la rentr\u00e9e et partez pour un week-end insolite en famille !"}]},{"@type":"WebSite","@id":"https:\/\/mag.abracadaroom.com\/fr\/#website","url":"https:\/\/mag.abracadaroom.com\/fr\/","name":"Le blog du tourisme insolite","description":"","potentialAction":[{"@type":"SearchAction","target":{"@type":"EntryPoint","urlTemplate":"https:\/\/mag.abracadaroom.com\/fr\/?s={search_term_string}"},"query-input":"required name=search_term_string"}],"inLanguage":"fr-FR"},{"@type":"Person","@id":"https:\/\/mag.abracadaroom.com\/fr\/#\/schema\/person\/75ce15ddf80df3a5cb1935c20fe1f592","name":"Lydie Coste","image":{"@type":"ImageObject","inLanguage":"fr-FR","@id":"https:\/\/mag.abracadaroom.com\/fr\/#\/schema\/person\/image\/","url":"https:\/\/secure.gravatar.com\/avatar\/4e9917e75d82f9408d38fa049d4f4b33?s=96&d=mm&r=g","contentUrl":"https:\/\/secure.gravatar.com\/avatar\/4e9917e75d82f9408d38fa049d4f4b33?s=96&d=mm&r=g","caption":"Lydie Coste"},"description":"Passionn\u00e9e par les voyages, je me suis naturellement dirig\u00e9e apr\u00e8s le bac vers des \u00e9tudes de g\u00e9ographie et de tourisme. Fervente adepte des randonn\u00e9es et du g\u00e9ocaching, me voici aujourd\u2019hui proche de la trentaine, un master de tourisme en poche et plusieurs p\u00e9riples \u00e0 travers l\u2019Europe \u00e0 mon actif ! Ma philosophie de vie ? \u00ab Le plus beau voyage c\u2019est celui que l\u2019on n\u2019a pas encore fait\u2026 \u00bb. A quand le prochain ?","url":"https:\/\/mag.abracadaroom.com\/fr\/author\/lydie\/"}]}},"_links":{"self":[{"href":"https:\/\/mag.abracadaroom.com\/fr\/wp-json\/wp\/v2\/posts\/2969"}],"collection":[{"href":"https:\/\/mag.abracadaroom.com\/fr\/wp-json\/wp\/v2\/posts"}],"about":[{"href":"https:\/\/mag.abracadaroom.com\/fr\/wp-json\/wp\/v2\/types\/post"}],"author":[{"embeddable":true,"href":"https:\/\/mag.abracadaroom.com\/fr\/wp-json\/wp\/v2\/users\/2"}],"replies":[{"embeddable":true,"href":"https:\/\/mag.abracadaroom.com\/fr\/wp-json\/wp\/v2\/comments?post=2969"}],"version-history":[{"count":4,"href":"https:\/\/mag.abracadaroom.com\/fr\/wp-json\/wp\/v2\/posts\/2969\/revisions"}],"predecessor-version":[{"id":11399,"href":"https:\/\/mag.abracadaroom.com\/fr\/wp-json\/wp\/v2\/posts\/2969\/revisions\/11399"}],"wp:featuredmedia":[{"embeddable":true,"href":"https:\/\/mag.abracadaroom.com\/fr\/wp-json\/wp\/v2\/media\/2972"}],"wp:attachment":[{"href":"https:\/\/mag.abracadaroom.com\/fr\/wp-json\/wp\/v2\/media?parent=2969"}],"wp:term":[{"taxonomy":"category","embeddable":true,"href":"https:\/\/mag.abracadaroom.com\/fr\/wp-json\/wp\/v2\/categories?post=2969"},{"taxonomy":"post_tag","embeddable":true,"href":"https:\/\/mag.abracadaroom.com\/fr\/wp-json\/wp\/v2\/tags?post=2969"}],"curies":[{"name":"wp","href":"https:\/\/api.w.org\/{rel}","templated":true}]}}