{"id":3010,"date":"2015-10-18T21:21:15","date_gmt":"2015-10-18T20:21:15","guid":{"rendered":"http:\/\/mag.abracadaroom.com\/fr\/?p=3010"},"modified":"2019-02-27T10:31:59","modified_gmt":"2019-02-27T09:31:59","slug":"dormez-dans-un-hotel-de-sable-ephemere","status":"publish","type":"post","link":"https:\/\/mag.abracadaroom.com\/fr\/dormez-dans-un-hotel-de-sable-ephemere\/","title":{"rendered":"Dormez dans un h\u00f4tel de sable \u00e9ph\u00e9m\u00e8re !"},"content":{"rendered":"<p style=\"text-align: justify\">Apr\u00e8s les h\u00f4tels de glace en Finlande et en Su\u00e8de, l\u2019h\u00f4tel de sel en Bolivie, voici l\u2019h\u00f4tel de sable aux Pays-Bas\u00a0! Passer une nuit dans un ch\u00e2teau version g\u00e9ante de celui qu\u2019on construisait enfant sur la plage\u00a0? On adore l\u2019id\u00e9e\u00a0!<\/p>\n<h2 style=\"text-align: justify\">O\u00f9\u00a0?<\/h2>\n<p style=\"text-align: justify\">Les <span style=\"text-decoration: underline\"><a href=\"http:\/\/zandhotel.nl\/\" target=\"_blank\">Zand Hotels<\/a><\/span> se situent dans les villes hollandaises d\u2019<strong>Oss<\/strong> et de <strong>Sneek<\/strong>, l\u00e0 o\u00f9 ont lieu les c\u00e9l\u00e8bres festivals de sculptures sur sable de la Frise et du Brabant. Nouveaut\u00e9 pour l\u2019ann\u00e9e 2016\u00a0: on parle d\u2019en construire un en Angleterre\u00a0! Affaire \u00e0 suivre.<\/p>\n<h2 style=\"text-align: justify\">Quand\u00a0?<\/h2>\n<p style=\"text-align: justify\">Comme leurs homologues de glace, \u00a0les<strong> h\u00f4tels de sable ne sont que temporaires<\/strong> et ne durent que le temps des festivals, fort heureusement ils sont reconstruits chaque ann\u00e9e\u00a0! Les prochaines \u00e9ditions des festivals du Brabant et de Frise auront lieu respectivement de <strong>mai \u00e0 octobre<\/strong> et de <strong>juin \u00e0 septembre<\/strong>. Notez les dates dans vos agendas si vous pr\u00e9voyez un s\u00e9jour dans le pays des tulipes\u2026<\/p>\n<h2 style=\"text-align: justify\">Comment\u00a0?<\/h2>\n<figure style=\"width: 121px\" class=\"wp-caption alignleft\"><img decoding=\"async\" loading=\"lazy\" class=\"\" src=\"http:\/\/zandhotel.nl\/wp-content\/uploads\/2015\/08\/Azie-Montse-Sergi-768x1024.jpg\" alt=\"\" width=\"121\" height=\"161\" \/><figcaption class=\"wp-caption-text\">Source: http:\/\/zandhotel.nl\/<\/figcaption><\/figure>\n<p style=\"text-align: justify\">Contrairement \u00e0 ce que l\u2019on pourrait croire, les deux h\u00f4tels, m\u00eame s\u2019ils sont assez basiques, disposent de tout le confort n\u00e9cessaire\u00a0: un lit douillet, une salle de bain privative, une t\u00e9l\u00e9vision et le wifi. Petite pr\u00e9cision, vous n\u2019aurez pas les pieds dans le sable, une \u00e9paisse moquette recouvre le sol. Et pas de panique, toute la structure est tr\u00e8s solide, les chambres ont d\u2019abord \u00e9t\u00e9 construites gr\u00e2ce \u00e0 de fins panneaux de bois recouverts de sable m\u00e9lang\u00e9 \u00e0 de la colle. Ce n\u2019est pas une vague qui en viendra \u00e0 bout\u00a0! \ud83d\ude42<\/p>\n<p style=\"text-align: justify\">\n<p style=\"text-align: justify\">\n<p style=\"text-align: justify\">\n<h2 style=\"text-align: justify\">Quel prix\u00a0?<\/h2>\n<figure style=\"width: 389px\" class=\"wp-caption alignright\"><img decoding=\"async\" loading=\"lazy\" src=\"http:\/\/zandhotel.nl\/wp-content\/uploads\/2015\/08\/20150731_135546-1024x576.jpg\" alt=\"\" width=\"389\" height=\"219\" \/><figcaption class=\"wp-caption-text\">Source: http:\/\/zandhotel.nl<\/figcaption><\/figure>\n<p style=\"text-align: justify\">Si vous souhaitez passer un s\u00e9jour dans l\u2019un de ces h\u00f4tels insolites comptez environ 135\u20ac la nuit. A ce tarif vous obtiendrez aussi un pass pour le festival de sculpture sur sable, sympa non\u00a0? Attention, n\u2019h\u00e9sitez pas \u00e0 r\u00e9server \u00e0 l\u2019avance puisque les \u00a0h\u00f4tels de sable ne disposent que d\u2019une chambre et sont rapidement pris d\u2019assaut. Et pour un cadeau original pour un anniversaire ou pour No\u00ebl, des cartes cadeau sont disponibles\u00a0!<\/p>\n<p>&nbsp;<\/p>\n","protected":false},"excerpt":{"rendered":"<p>Apr\u00e8s les h\u00f4tels de glace en Finlande et en Su\u00e8de, l\u2019h\u00f4tel de sel en Bolivie, voici l\u2019h\u00f4tel de sable aux Pays-Bas\u00a0! Passer une nuit dans un ch\u00e2teau version g\u00e9ante de celui qu\u2019on construisait enfant sur la plage\u00a0? On adore l\u2019id\u00e9e\u00a0! O\u00f9\u00a0? Les Zand Hotels se situent dans les villes hollandaises d\u2019Oss et de Sneek, l\u00e0 [&hellip;]<\/p>\n","protected":false},"author":2,"featured_media":3011,"comment_status":"open","ping_status":"open","sticky":false,"template":"","format":"standard","meta":{"om_disable_all_campaigns":false,"_uf_show_specific_survey":0,"_uf_disable_surveys":false,"footnotes":""},"categories":[485],"tags":[302,300,20,301],"yoast_head":"<!-- This site is optimized with the Yoast SEO plugin v21.8 - https:\/\/yoast.com\/wordpress\/plugins\/seo\/ -->\n<title>Dormez dans un h\u00f4tel de sable \u00e9ph\u00e9m\u00e8re !<\/title>\n<meta name=\"robots\" content=\"index, follow, max-snippet:-1, max-image-preview:large, max-video-preview:-1\" \/>\n<link rel=\"canonical\" href=\"https:\/\/mag.abracadaroom.com\/fr\/dormez-dans-un-hotel-de-sable-ephemere\/\" \/>\n<meta property=\"og:locale\" content=\"fr_FR\" \/>\n<meta property=\"og:type\" content=\"article\" \/>\n<meta property=\"og:title\" content=\"Dormez dans un h\u00f4tel de sable \u00e9ph\u00e9m\u00e8re !\" \/>\n<meta property=\"og:description\" content=\"Apr\u00e8s les h\u00f4tels de glace en Finlande et en Su\u00e8de, l\u2019h\u00f4tel de sel en Bolivie, voici l\u2019h\u00f4tel de sable aux Pays-Bas\u00a0! Passer une nuit dans un ch\u00e2teau version g\u00e9ante de celui qu\u2019on construisait enfant sur la plage\u00a0? On adore l\u2019id\u00e9e\u00a0! O\u00f9\u00a0? Les Zand Hotels se situent dans les villes hollandaises d\u2019Oss et de Sneek, l\u00e0 [&hellip;]\" \/>\n<meta property=\"og:url\" content=\"https:\/\/mag.abracadaroom.com\/fr\/dormez-dans-un-hotel-de-sable-ephemere\/\" \/>\n<meta property=\"og:site_name\" content=\"Le blog du tourisme insolite\" \/>\n<meta property=\"article:publisher\" content=\"https:\/\/www.facebook.com\/abracadaroom\" \/>\n<meta property=\"article:published_time\" content=\"2015-10-18T20:21:15+00:00\" \/>\n<meta property=\"article:modified_time\" content=\"2019-02-27T09:31:59+00:00\" \/>\n<meta property=\"og:image\" content=\"https:\/\/mag.abracadaroom.com\/fr\/wp-content\/uploads\/2015\/10\/20150731_135925-1024x576.jpg\" \/>\n\t<meta property=\"og:image:width\" content=\"1024\" \/>\n\t<meta property=\"og:image:height\" content=\"576\" \/>\n\t<meta property=\"og:image:type\" content=\"image\/jpeg\" \/>\n<meta name=\"author\" content=\"Lydie Coste\" \/>\n<meta name=\"twitter:card\" content=\"summary_large_image\" \/>\n<meta name=\"twitter:creator\" content=\"@abracadaroom\" \/>\n<meta name=\"twitter:site\" content=\"@abracadaroom\" \/>\n<meta name=\"twitter:label1\" content=\"\u00c9crit par\" \/>\n\t<meta name=\"twitter:data1\" content=\"Lydie Coste\" \/>\n\t<meta name=\"twitter:label2\" content=\"Dur\u00e9e de lecture estim\u00e9e\" \/>\n\t<meta name=\"twitter:data2\" content=\"2 minutes\" \/>\n<script type=\"application\/ld+json\" class=\"yoast-schema-graph\">{\"@context\":\"https:\/\/schema.org\",\"@graph\":[{\"@type\":\"WebPage\",\"@id\":\"https:\/\/mag.abracadaroom.com\/fr\/dormez-dans-un-hotel-de-sable-ephemere\/\",\"url\":\"https:\/\/mag.abracadaroom.com\/fr\/dormez-dans-un-hotel-de-sable-ephemere\/\",\"name\":\"Dormez dans un h\u00f4tel de sable \u00e9ph\u00e9m\u00e8re !\",\"isPartOf\":{\"@id\":\"https:\/\/mag.abracadaroom.com\/fr\/#website\"},\"datePublished\":\"2015-10-18T20:21:15+00:00\",\"dateModified\":\"2019-02-27T09:31:59+00:00\",\"author\":{\"@id\":\"https:\/\/mag.abracadaroom.com\/fr\/#\/schema\/person\/75ce15ddf80df3a5cb1935c20fe1f592\"},\"breadcrumb\":{\"@id\":\"https:\/\/mag.abracadaroom.com\/fr\/dormez-dans-un-hotel-de-sable-ephemere\/#breadcrumb\"},\"inLanguage\":\"fr-FR\",\"potentialAction\":[{\"@type\":\"ReadAction\",\"target\":[\"https:\/\/mag.abracadaroom.com\/fr\/dormez-dans-un-hotel-de-sable-ephemere\/\"]}]},{\"@type\":\"BreadcrumbList\",\"@id\":\"https:\/\/mag.abracadaroom.com\/fr\/dormez-dans-un-hotel-de-sable-ephemere\/#breadcrumb\",\"itemListElement\":[{\"@type\":\"ListItem\",\"position\":1,\"name\":\"Home\",\"item\":\"https:\/\/mag.abracadaroom.com\/fr\/\"},{\"@type\":\"ListItem\",\"position\":2,\"name\":\"Dormez dans un h\u00f4tel de sable \u00e9ph\u00e9m\u00e8re !\"}]},{\"@type\":\"WebSite\",\"@id\":\"https:\/\/mag.abracadaroom.com\/fr\/#website\",\"url\":\"https:\/\/mag.abracadaroom.com\/fr\/\",\"name\":\"Le blog du tourisme insolite\",\"description\":\"\",\"potentialAction\":[{\"@type\":\"SearchAction\",\"target\":{\"@type\":\"EntryPoint\",\"urlTemplate\":\"https:\/\/mag.abracadaroom.com\/fr\/?s={search_term_string}\"},\"query-input\":\"required name=search_term_string\"}],\"inLanguage\":\"fr-FR\"},{\"@type\":\"Person\",\"@id\":\"https:\/\/mag.abracadaroom.com\/fr\/#\/schema\/person\/75ce15ddf80df3a5cb1935c20fe1f592\",\"name\":\"Lydie Coste\",\"image\":{\"@type\":\"ImageObject\",\"inLanguage\":\"fr-FR\",\"@id\":\"https:\/\/mag.abracadaroom.com\/fr\/#\/schema\/person\/image\/\",\"url\":\"https:\/\/secure.gravatar.com\/avatar\/4e9917e75d82f9408d38fa049d4f4b33?s=96&d=mm&r=g\",\"contentUrl\":\"https:\/\/secure.gravatar.com\/avatar\/4e9917e75d82f9408d38fa049d4f4b33?s=96&d=mm&r=g\",\"caption\":\"Lydie Coste\"},\"description\":\"Passionn\u00e9e par les voyages, je me suis naturellement dirig\u00e9e apr\u00e8s le bac vers des \u00e9tudes de g\u00e9ographie et de tourisme. Fervente adepte des randonn\u00e9es et du g\u00e9ocaching, me voici aujourd\u2019hui proche de la trentaine, un master de tourisme en poche et plusieurs p\u00e9riples \u00e0 travers l\u2019Europe \u00e0 mon actif ! Ma philosophie de vie ? \u00ab Le plus beau voyage c\u2019est celui que l\u2019on n\u2019a pas encore fait\u2026 \u00bb. A quand le prochain ?\",\"url\":\"https:\/\/mag.abracadaroom.com\/fr\/author\/lydie\/\"}]}<\/script>\n<!-- \/ Yoast SEO plugin. -->","yoast_head_json":{"title":"Dormez dans un h\u00f4tel de sable \u00e9ph\u00e9m\u00e8re !","robots":{"index":"index","follow":"follow","max-snippet":"max-snippet:-1","max-image-preview":"max-image-preview:large","max-video-preview":"max-video-preview:-1"},"canonical":"https:\/\/mag.abracadaroom.com\/fr\/dormez-dans-un-hotel-de-sable-ephemere\/","og_locale":"fr_FR","og_type":"article","og_title":"Dormez dans un h\u00f4tel de sable \u00e9ph\u00e9m\u00e8re !","og_description":"Apr\u00e8s les h\u00f4tels de glace en Finlande et en Su\u00e8de, l\u2019h\u00f4tel de sel en Bolivie, voici l\u2019h\u00f4tel de sable aux Pays-Bas\u00a0! Passer une nuit dans un ch\u00e2teau version g\u00e9ante de celui qu\u2019on construisait enfant sur la plage\u00a0? On adore l\u2019id\u00e9e\u00a0! O\u00f9\u00a0? Les Zand Hotels se situent dans les villes hollandaises d\u2019Oss et de Sneek, l\u00e0 [&hellip;]","og_url":"https:\/\/mag.abracadaroom.com\/fr\/dormez-dans-un-hotel-de-sable-ephemere\/","og_site_name":"Le blog du tourisme insolite","article_publisher":"https:\/\/www.facebook.com\/abracadaroom","article_published_time":"2015-10-18T20:21:15+00:00","article_modified_time":"2019-02-27T09:31:59+00:00","og_image":[{"width":1024,"height":576,"url":"https:\/\/mag.abracadaroom.com\/fr\/wp-content\/uploads\/2015\/10\/20150731_135925-1024x576.jpg","type":"image\/jpeg"}],"author":"Lydie Coste","twitter_card":"summary_large_image","twitter_creator":"@abracadaroom","twitter_site":"@abracadaroom","twitter_misc":{"\u00c9crit par":"Lydie Coste","Dur\u00e9e de lecture estim\u00e9e":"2 minutes"},"schema":{"@context":"https:\/\/schema.org","@graph":[{"@type":"WebPage","@id":"https:\/\/mag.abracadaroom.com\/fr\/dormez-dans-un-hotel-de-sable-ephemere\/","url":"https:\/\/mag.abracadaroom.com\/fr\/dormez-dans-un-hotel-de-sable-ephemere\/","name":"Dormez dans un h\u00f4tel de sable \u00e9ph\u00e9m\u00e8re !","isPartOf":{"@id":"https:\/\/mag.abracadaroom.com\/fr\/#website"},"datePublished":"2015-10-18T20:21:15+00:00","dateModified":"2019-02-27T09:31:59+00:00","author":{"@id":"https:\/\/mag.abracadaroom.com\/fr\/#\/schema\/person\/75ce15ddf80df3a5cb1935c20fe1f592"},"breadcrumb":{"@id":"https:\/\/mag.abracadaroom.com\/fr\/dormez-dans-un-hotel-de-sable-ephemere\/#breadcrumb"},"inLanguage":"fr-FR","potentialAction":[{"@type":"ReadAction","target":["https:\/\/mag.abracadaroom.com\/fr\/dormez-dans-un-hotel-de-sable-ephemere\/"]}]},{"@type":"BreadcrumbList","@id":"https:\/\/mag.abracadaroom.com\/fr\/dormez-dans-un-hotel-de-sable-ephemere\/#breadcrumb","itemListElement":[{"@type":"ListItem","position":1,"name":"Home","item":"https:\/\/mag.abracadaroom.com\/fr\/"},{"@type":"ListItem","position":2,"name":"Dormez dans un h\u00f4tel de sable \u00e9ph\u00e9m\u00e8re !"}]},{"@type":"WebSite","@id":"https:\/\/mag.abracadaroom.com\/fr\/#website","url":"https:\/\/mag.abracadaroom.com\/fr\/","name":"Le blog du tourisme insolite","description":"","potentialAction":[{"@type":"SearchAction","target":{"@type":"EntryPoint","urlTemplate":"https:\/\/mag.abracadaroom.com\/fr\/?s={search_term_string}"},"query-input":"required name=search_term_string"}],"inLanguage":"fr-FR"},{"@type":"Person","@id":"https:\/\/mag.abracadaroom.com\/fr\/#\/schema\/person\/75ce15ddf80df3a5cb1935c20fe1f592","name":"Lydie Coste","image":{"@type":"ImageObject","inLanguage":"fr-FR","@id":"https:\/\/mag.abracadaroom.com\/fr\/#\/schema\/person\/image\/","url":"https:\/\/secure.gravatar.com\/avatar\/4e9917e75d82f9408d38fa049d4f4b33?s=96&d=mm&r=g","contentUrl":"https:\/\/secure.gravatar.com\/avatar\/4e9917e75d82f9408d38fa049d4f4b33?s=96&d=mm&r=g","caption":"Lydie Coste"},"description":"Passionn\u00e9e par les voyages, je me suis naturellement dirig\u00e9e apr\u00e8s le bac vers des \u00e9tudes de g\u00e9ographie et de tourisme. Fervente adepte des randonn\u00e9es et du g\u00e9ocaching, me voici aujourd\u2019hui proche de la trentaine, un master de tourisme en poche et plusieurs p\u00e9riples \u00e0 travers l\u2019Europe \u00e0 mon actif ! Ma philosophie de vie ? \u00ab Le plus beau voyage c\u2019est celui que l\u2019on n\u2019a pas encore fait\u2026 \u00bb. A quand le prochain ?","url":"https:\/\/mag.abracadaroom.com\/fr\/author\/lydie\/"}]}},"_links":{"self":[{"href":"https:\/\/mag.abracadaroom.com\/fr\/wp-json\/wp\/v2\/posts\/3010"}],"collection":[{"href":"https:\/\/mag.abracadaroom.com\/fr\/wp-json\/wp\/v2\/posts"}],"about":[{"href":"https:\/\/mag.abracadaroom.com\/fr\/wp-json\/wp\/v2\/types\/post"}],"author":[{"embeddable":true,"href":"https:\/\/mag.abracadaroom.com\/fr\/wp-json\/wp\/v2\/users\/2"}],"replies":[{"embeddable":true,"href":"https:\/\/mag.abracadaroom.com\/fr\/wp-json\/wp\/v2\/comments?post=3010"}],"version-history":[{"count":1,"href":"https:\/\/mag.abracadaroom.com\/fr\/wp-json\/wp\/v2\/posts\/3010\/revisions"}],"predecessor-version":[{"id":7199,"href":"https:\/\/mag.abracadaroom.com\/fr\/wp-json\/wp\/v2\/posts\/3010\/revisions\/7199"}],"wp:featuredmedia":[{"embeddable":true,"href":"https:\/\/mag.abracadaroom.com\/fr\/wp-json\/wp\/v2\/media\/3011"}],"wp:attachment":[{"href":"https:\/\/mag.abracadaroom.com\/fr\/wp-json\/wp\/v2\/media?parent=3010"}],"wp:term":[{"taxonomy":"category","embeddable":true,"href":"https:\/\/mag.abracadaroom.com\/fr\/wp-json\/wp\/v2\/categories?post=3010"},{"taxonomy":"post_tag","embeddable":true,"href":"https:\/\/mag.abracadaroom.com\/fr\/wp-json\/wp\/v2\/tags?post=3010"}],"curies":[{"name":"wp","href":"https:\/\/api.w.org\/{rel}","templated":true}]}}