{"id":3776,"date":"2016-09-18T19:30:08","date_gmt":"2016-09-18T18:30:08","guid":{"rendered":"http:\/\/mag.abracadaroom.com\/fr\/?p=3776"},"modified":"2019-02-27T10:34:49","modified_gmt":"2019-02-27T09:34:49","slug":"parcourez-leurope-a-velo-circuits-de-leurovelo","status":"publish","type":"post","link":"https:\/\/mag.abracadaroom.com\/fr\/parcourez-leurope-a-velo-circuits-de-leurovelo\/","title":{"rendered":"Parcourez l&rsquo;Europe \u00e0 V\u00e9lo sur les circuits de l&rsquo;Eurov\u00e9lo !"},"content":{"rendered":"<h2 style=\"text-align: justify\"><strong>L\u2019eurov\u00e9lo\u00a0: k\u00e9sako\u00a0?<\/strong><\/h2>\n<p><a href=\"http:\/\/mag.abracadaroom.com\/fr\/wp-content\/uploads\/2016\/09\/EuroVelo_Logo_Compressed-1024x417.jpg\"><img decoding=\"async\" loading=\"lazy\" class=\"alignright size-medium wp-image-3777\" src=\"http:\/\/mag.abracadaroom.com\/fr\/wp-content\/uploads\/2016\/09\/EuroVelo_Logo_Compressed-1024x417-300x122.jpg\" alt=\"eurovelo_logo_compressed-1024x417\" width=\"300\" height=\"122\" srcset=\"https:\/\/mag.abracadaroom.com\/fr\/wp-content\/uploads\/2016\/09\/EuroVelo_Logo_Compressed-1024x417-300x122.jpg 300w, https:\/\/mag.abracadaroom.com\/fr\/wp-content\/uploads\/2016\/09\/EuroVelo_Logo_Compressed-1024x417-324x132.jpg 324w, https:\/\/mag.abracadaroom.com\/fr\/wp-content\/uploads\/2016\/09\/EuroVelo_Logo_Compressed-1024x417-696x283.jpg 696w, https:\/\/mag.abracadaroom.com\/fr\/wp-content\/uploads\/2016\/09\/EuroVelo_Logo_Compressed-1024x417-768x313.jpg 768w, https:\/\/mag.abracadaroom.com\/fr\/wp-content\/uploads\/2016\/09\/EuroVelo_Logo_Compressed-1024x417.jpg 1024w\" sizes=\"(max-width: 300px) 100vw, 300px\" \/><\/a><\/p>\n<p style=\"text-align: justify\">R\u00e9seau des itin\u00e9raires cyclables europ\u00e9ens, <strong>Eurov\u00e9lo<\/strong> rassemble 15 routes longue-distance qui traversent le continent entier. Parmi elles, l\u2019itin\u00e9raire des capitales reliant Dublin \u00e0 Moscou en passant par Londres et Berlin ou encore la v\u00e9loroute du soleil qui vous fera traverser l\u2019Europe du Nord au Sud, de la Norv\u00e8ge \u00e0 Malte, entre la terre du soleil de minuit et \u00eeles m\u00e9diterran\u00e9ennes. Des itin\u00e9raires qui promettent des <strong>voyages hors du commun<\/strong> \u00e0 deux roues\u2026 Les routes Eurov\u00e9lo peuvent \u00eatre emprunt\u00e9es par des touristes pour des voyages longue-distance mais aussi par les locaux pour leurs d\u00e9placements quotidiens ou leurs promenades du dimanche. Certaines portions sont encore en cours de r\u00e9alisation, l\u2019ach\u00e8vement complet de la construction du r\u00e9seau est pr\u00e9vu pour 2020.<\/p>\n<h2 style=\"text-align: justify\"><strong>\u00a0<\/strong><strong>Nos conseils si vous partez sur les routes \u00e0 bicyclette\u00a0!<\/strong><\/h2>\n<figure id=\"attachment_3778\" aria-describedby=\"caption-attachment-3778\" style=\"width: 300px\" class=\"wp-caption alignright\"><a href=\"http:\/\/mag.abracadaroom.com\/fr\/wp-content\/uploads\/2016\/09\/27856182262_9248f8326f_c.jpg\"><img decoding=\"async\" loading=\"lazy\" class=\"size-medium wp-image-3778\" src=\"http:\/\/mag.abracadaroom.com\/fr\/wp-content\/uploads\/2016\/09\/27856182262_9248f8326f_c-300x200.jpg\" alt=\"Photo credit: otamelie66110 via Foter.com \/ CC BY-SA\" width=\"300\" height=\"200\" srcset=\"https:\/\/mag.abracadaroom.com\/fr\/wp-content\/uploads\/2016\/09\/27856182262_9248f8326f_c-300x200.jpg 300w, https:\/\/mag.abracadaroom.com\/fr\/wp-content\/uploads\/2016\/09\/27856182262_9248f8326f_c-324x216.jpg 324w, https:\/\/mag.abracadaroom.com\/fr\/wp-content\/uploads\/2016\/09\/27856182262_9248f8326f_c-696x465.jpg 696w, https:\/\/mag.abracadaroom.com\/fr\/wp-content\/uploads\/2016\/09\/27856182262_9248f8326f_c-629x420.jpg 629w, https:\/\/mag.abracadaroom.com\/fr\/wp-content\/uploads\/2016\/09\/27856182262_9248f8326f_c-768x513.jpg 768w, https:\/\/mag.abracadaroom.com\/fr\/wp-content\/uploads\/2016\/09\/27856182262_9248f8326f_c.jpg 800w\" sizes=\"(max-width: 300px) 100vw, 300px\" \/><\/a><figcaption id=\"caption-attachment-3778\" class=\"wp-caption-text\">Photo credit: <a href=\"https:\/\/www.flickr.com\/photos\/amelielesbains\/27856182262\/\">otamelie66110<\/a> via <a href=\"http:\/\/foter.com\/\">Foter.com<\/a> \/ <a href=\"http:\/\/creativecommons.org\/licenses\/by-sa\/2.0\/\">CC BY-SA<\/a><\/figcaption><\/figure>\n<ul style=\"text-align: justify\">\n<li>Suivez les panneaux\u00a0! Les petits logos officiels Eurov\u00e9lo s\u2019int\u00e8grent dans la signalisation de multiples pays mais de diff\u00e9rentes mani\u00e8res\u2026 soyez vigilants et renseignez-vous avant de partir.<\/li>\n<li>Si vous vous lancez pour la premi\u00e8re fois dans un long voyage \u00e0 v\u00e9lo, l\u2019EuroVelo 6 de l\u2019Atlantique \u00e0 la mer Noire est l\u2019id\u00e9ale\u00a0: un d\u00e9nivel\u00e9 plat, un itin\u00e9raire totalement signal\u00e9 et une haute qualit\u00e9 des infrastructures. Tout pour un voyage agr\u00e9able en toute s\u00e9curit\u00e9.<\/li>\n<li>Pour un voyage en famille, optez pour l\u2019Eurov\u00e9lo 15, la route du Rhin qui peut \u00eatre fait en \u00e9t\u00e9 sur un mois. Super pour un <strong>voyage insolite<\/strong> avec vos bambins.<\/li>\n<li>N\u2019h\u00e9sitez pas \u00e0 consulter sur les diff\u00e9rents blogs les t\u00e9moignages de personnes ayant d\u00e9j\u00e0 voyag\u00e9 sur les routes\u00a0!<\/li>\n<\/ul>\n<p style=\"text-align: justify\">Pour plus d\u2019infos\u00a0:\u00a0<a href=\"http:\/\/www.eurovelo.com\/fr\/home\">http:\/\/www.eurovelo.com\/fr\/home<\/a><\/p>\n","protected":false},"excerpt":{"rendered":"<p>L\u2019eurov\u00e9lo\u00a0: k\u00e9sako\u00a0? R\u00e9seau des itin\u00e9raires cyclables europ\u00e9ens, Eurov\u00e9lo rassemble 15 routes longue-distance qui traversent le continent entier. Parmi elles, l\u2019itin\u00e9raire des capitales reliant Dublin \u00e0 Moscou en passant par Londres et Berlin ou encore la v\u00e9loroute du soleil qui vous fera traverser l\u2019Europe du Nord au Sud, de la Norv\u00e8ge \u00e0 Malte, entre la terre [&hellip;]<\/p>\n","protected":false},"author":2,"featured_media":3778,"comment_status":"open","ping_status":"open","sticky":false,"template":"","format":"standard","meta":{"om_disable_all_campaigns":false,"_uf_show_specific_survey":0,"_uf_disable_surveys":false,"footnotes":""},"categories":[485],"tags":[345,394,393],"yoast_head":"<!-- This site is optimized with the Yoast SEO plugin v21.8 - https:\/\/yoast.com\/wordpress\/plugins\/seo\/ -->\n<title>Parcourez l&#039;Europe \u00e0 V\u00e9lo sur les circuits de l&#039;Eurov\u00e9lo !<\/title>\n<meta name=\"robots\" content=\"index, follow, max-snippet:-1, max-image-preview:large, max-video-preview:-1\" \/>\n<link rel=\"canonical\" href=\"https:\/\/mag.abracadaroom.com\/fr\/parcourez-leurope-a-velo-circuits-de-leurovelo\/\" \/>\n<meta property=\"og:locale\" content=\"fr_FR\" \/>\n<meta property=\"og:type\" content=\"article\" \/>\n<meta property=\"og:title\" content=\"Parcourez l&#039;Europe \u00e0 V\u00e9lo sur les circuits de l&#039;Eurov\u00e9lo !\" \/>\n<meta property=\"og:description\" content=\"L\u2019eurov\u00e9lo\u00a0: k\u00e9sako\u00a0? R\u00e9seau des itin\u00e9raires cyclables europ\u00e9ens, Eurov\u00e9lo rassemble 15 routes longue-distance qui traversent le continent entier. Parmi elles, l\u2019itin\u00e9raire des capitales reliant Dublin \u00e0 Moscou en passant par Londres et Berlin ou encore la v\u00e9loroute du soleil qui vous fera traverser l\u2019Europe du Nord au Sud, de la Norv\u00e8ge \u00e0 Malte, entre la terre [&hellip;]\" \/>\n<meta property=\"og:url\" content=\"https:\/\/mag.abracadaroom.com\/fr\/parcourez-leurope-a-velo-circuits-de-leurovelo\/\" \/>\n<meta property=\"og:site_name\" content=\"Le blog du tourisme insolite\" \/>\n<meta property=\"article:publisher\" content=\"https:\/\/www.facebook.com\/abracadaroom\" \/>\n<meta property=\"article:published_time\" content=\"2016-09-18T18:30:08+00:00\" \/>\n<meta property=\"article:modified_time\" content=\"2019-02-27T09:34:49+00:00\" \/>\n<meta property=\"og:image\" content=\"https:\/\/mag.abracadaroom.com\/fr\/wp-content\/uploads\/2016\/09\/27856182262_9248f8326f_c.jpg\" \/>\n\t<meta property=\"og:image:width\" content=\"800\" \/>\n\t<meta property=\"og:image:height\" content=\"534\" \/>\n\t<meta property=\"og:image:type\" content=\"image\/jpeg\" \/>\n<meta name=\"author\" content=\"Lydie Coste\" \/>\n<meta name=\"twitter:card\" content=\"summary_large_image\" \/>\n<meta name=\"twitter:creator\" content=\"@abracadaroom\" \/>\n<meta name=\"twitter:site\" content=\"@abracadaroom\" \/>\n<meta name=\"twitter:label1\" content=\"\u00c9crit par\" \/>\n\t<meta name=\"twitter:data1\" content=\"Lydie Coste\" \/>\n\t<meta name=\"twitter:label2\" content=\"Dur\u00e9e de lecture estim\u00e9e\" \/>\n\t<meta name=\"twitter:data2\" content=\"2 minutes\" \/>\n<script type=\"application\/ld+json\" class=\"yoast-schema-graph\">{\"@context\":\"https:\/\/schema.org\",\"@graph\":[{\"@type\":\"WebPage\",\"@id\":\"https:\/\/mag.abracadaroom.com\/fr\/parcourez-leurope-a-velo-circuits-de-leurovelo\/\",\"url\":\"https:\/\/mag.abracadaroom.com\/fr\/parcourez-leurope-a-velo-circuits-de-leurovelo\/\",\"name\":\"Parcourez l'Europe \u00e0 V\u00e9lo sur les circuits de l'Eurov\u00e9lo !\",\"isPartOf\":{\"@id\":\"https:\/\/mag.abracadaroom.com\/fr\/#website\"},\"datePublished\":\"2016-09-18T18:30:08+00:00\",\"dateModified\":\"2019-02-27T09:34:49+00:00\",\"author\":{\"@id\":\"https:\/\/mag.abracadaroom.com\/fr\/#\/schema\/person\/75ce15ddf80df3a5cb1935c20fe1f592\"},\"breadcrumb\":{\"@id\":\"https:\/\/mag.abracadaroom.com\/fr\/parcourez-leurope-a-velo-circuits-de-leurovelo\/#breadcrumb\"},\"inLanguage\":\"fr-FR\",\"potentialAction\":[{\"@type\":\"ReadAction\",\"target\":[\"https:\/\/mag.abracadaroom.com\/fr\/parcourez-leurope-a-velo-circuits-de-leurovelo\/\"]}]},{\"@type\":\"BreadcrumbList\",\"@id\":\"https:\/\/mag.abracadaroom.com\/fr\/parcourez-leurope-a-velo-circuits-de-leurovelo\/#breadcrumb\",\"itemListElement\":[{\"@type\":\"ListItem\",\"position\":1,\"name\":\"Home\",\"item\":\"https:\/\/mag.abracadaroom.com\/fr\/\"},{\"@type\":\"ListItem\",\"position\":2,\"name\":\"Parcourez l&rsquo;Europe \u00e0 V\u00e9lo sur les circuits de l&rsquo;Eurov\u00e9lo !\"}]},{\"@type\":\"WebSite\",\"@id\":\"https:\/\/mag.abracadaroom.com\/fr\/#website\",\"url\":\"https:\/\/mag.abracadaroom.com\/fr\/\",\"name\":\"Le blog du tourisme insolite\",\"description\":\"\",\"potentialAction\":[{\"@type\":\"SearchAction\",\"target\":{\"@type\":\"EntryPoint\",\"urlTemplate\":\"https:\/\/mag.abracadaroom.com\/fr\/?s={search_term_string}\"},\"query-input\":\"required name=search_term_string\"}],\"inLanguage\":\"fr-FR\"},{\"@type\":\"Person\",\"@id\":\"https:\/\/mag.abracadaroom.com\/fr\/#\/schema\/person\/75ce15ddf80df3a5cb1935c20fe1f592\",\"name\":\"Lydie Coste\",\"image\":{\"@type\":\"ImageObject\",\"inLanguage\":\"fr-FR\",\"@id\":\"https:\/\/mag.abracadaroom.com\/fr\/#\/schema\/person\/image\/\",\"url\":\"https:\/\/secure.gravatar.com\/avatar\/4e9917e75d82f9408d38fa049d4f4b33?s=96&d=mm&r=g\",\"contentUrl\":\"https:\/\/secure.gravatar.com\/avatar\/4e9917e75d82f9408d38fa049d4f4b33?s=96&d=mm&r=g\",\"caption\":\"Lydie Coste\"},\"description\":\"Passionn\u00e9e par les voyages, je me suis naturellement dirig\u00e9e apr\u00e8s le bac vers des \u00e9tudes de g\u00e9ographie et de tourisme. Fervente adepte des randonn\u00e9es et du g\u00e9ocaching, me voici aujourd\u2019hui proche de la trentaine, un master de tourisme en poche et plusieurs p\u00e9riples \u00e0 travers l\u2019Europe \u00e0 mon actif ! Ma philosophie de vie ? \u00ab Le plus beau voyage c\u2019est celui que l\u2019on n\u2019a pas encore fait\u2026 \u00bb. A quand le prochain ?\",\"url\":\"https:\/\/mag.abracadaroom.com\/fr\/author\/lydie\/\"}]}<\/script>\n<!-- \/ Yoast SEO plugin. -->","yoast_head_json":{"title":"Parcourez l'Europe \u00e0 V\u00e9lo sur les circuits de l'Eurov\u00e9lo !","robots":{"index":"index","follow":"follow","max-snippet":"max-snippet:-1","max-image-preview":"max-image-preview:large","max-video-preview":"max-video-preview:-1"},"canonical":"https:\/\/mag.abracadaroom.com\/fr\/parcourez-leurope-a-velo-circuits-de-leurovelo\/","og_locale":"fr_FR","og_type":"article","og_title":"Parcourez l'Europe \u00e0 V\u00e9lo sur les circuits de l'Eurov\u00e9lo !","og_description":"L\u2019eurov\u00e9lo\u00a0: k\u00e9sako\u00a0? R\u00e9seau des itin\u00e9raires cyclables europ\u00e9ens, Eurov\u00e9lo rassemble 15 routes longue-distance qui traversent le continent entier. Parmi elles, l\u2019itin\u00e9raire des capitales reliant Dublin \u00e0 Moscou en passant par Londres et Berlin ou encore la v\u00e9loroute du soleil qui vous fera traverser l\u2019Europe du Nord au Sud, de la Norv\u00e8ge \u00e0 Malte, entre la terre [&hellip;]","og_url":"https:\/\/mag.abracadaroom.com\/fr\/parcourez-leurope-a-velo-circuits-de-leurovelo\/","og_site_name":"Le blog du tourisme insolite","article_publisher":"https:\/\/www.facebook.com\/abracadaroom","article_published_time":"2016-09-18T18:30:08+00:00","article_modified_time":"2019-02-27T09:34:49+00:00","og_image":[{"width":800,"height":534,"url":"https:\/\/mag.abracadaroom.com\/fr\/wp-content\/uploads\/2016\/09\/27856182262_9248f8326f_c.jpg","type":"image\/jpeg"}],"author":"Lydie Coste","twitter_card":"summary_large_image","twitter_creator":"@abracadaroom","twitter_site":"@abracadaroom","twitter_misc":{"\u00c9crit par":"Lydie Coste","Dur\u00e9e de lecture estim\u00e9e":"2 minutes"},"schema":{"@context":"https:\/\/schema.org","@graph":[{"@type":"WebPage","@id":"https:\/\/mag.abracadaroom.com\/fr\/parcourez-leurope-a-velo-circuits-de-leurovelo\/","url":"https:\/\/mag.abracadaroom.com\/fr\/parcourez-leurope-a-velo-circuits-de-leurovelo\/","name":"Parcourez l'Europe \u00e0 V\u00e9lo sur les circuits de l'Eurov\u00e9lo !","isPartOf":{"@id":"https:\/\/mag.abracadaroom.com\/fr\/#website"},"datePublished":"2016-09-18T18:30:08+00:00","dateModified":"2019-02-27T09:34:49+00:00","author":{"@id":"https:\/\/mag.abracadaroom.com\/fr\/#\/schema\/person\/75ce15ddf80df3a5cb1935c20fe1f592"},"breadcrumb":{"@id":"https:\/\/mag.abracadaroom.com\/fr\/parcourez-leurope-a-velo-circuits-de-leurovelo\/#breadcrumb"},"inLanguage":"fr-FR","potentialAction":[{"@type":"ReadAction","target":["https:\/\/mag.abracadaroom.com\/fr\/parcourez-leurope-a-velo-circuits-de-leurovelo\/"]}]},{"@type":"BreadcrumbList","@id":"https:\/\/mag.abracadaroom.com\/fr\/parcourez-leurope-a-velo-circuits-de-leurovelo\/#breadcrumb","itemListElement":[{"@type":"ListItem","position":1,"name":"Home","item":"https:\/\/mag.abracadaroom.com\/fr\/"},{"@type":"ListItem","position":2,"name":"Parcourez l&rsquo;Europe \u00e0 V\u00e9lo sur les circuits de l&rsquo;Eurov\u00e9lo !"}]},{"@type":"WebSite","@id":"https:\/\/mag.abracadaroom.com\/fr\/#website","url":"https:\/\/mag.abracadaroom.com\/fr\/","name":"Le blog du tourisme insolite","description":"","potentialAction":[{"@type":"SearchAction","target":{"@type":"EntryPoint","urlTemplate":"https:\/\/mag.abracadaroom.com\/fr\/?s={search_term_string}"},"query-input":"required name=search_term_string"}],"inLanguage":"fr-FR"},{"@type":"Person","@id":"https:\/\/mag.abracadaroom.com\/fr\/#\/schema\/person\/75ce15ddf80df3a5cb1935c20fe1f592","name":"Lydie Coste","image":{"@type":"ImageObject","inLanguage":"fr-FR","@id":"https:\/\/mag.abracadaroom.com\/fr\/#\/schema\/person\/image\/","url":"https:\/\/secure.gravatar.com\/avatar\/4e9917e75d82f9408d38fa049d4f4b33?s=96&d=mm&r=g","contentUrl":"https:\/\/secure.gravatar.com\/avatar\/4e9917e75d82f9408d38fa049d4f4b33?s=96&d=mm&r=g","caption":"Lydie Coste"},"description":"Passionn\u00e9e par les voyages, je me suis naturellement dirig\u00e9e apr\u00e8s le bac vers des \u00e9tudes de g\u00e9ographie et de tourisme. Fervente adepte des randonn\u00e9es et du g\u00e9ocaching, me voici aujourd\u2019hui proche de la trentaine, un master de tourisme en poche et plusieurs p\u00e9riples \u00e0 travers l\u2019Europe \u00e0 mon actif ! Ma philosophie de vie ? \u00ab Le plus beau voyage c\u2019est celui que l\u2019on n\u2019a pas encore fait\u2026 \u00bb. A quand le prochain ?","url":"https:\/\/mag.abracadaroom.com\/fr\/author\/lydie\/"}]}},"_links":{"self":[{"href":"https:\/\/mag.abracadaroom.com\/fr\/wp-json\/wp\/v2\/posts\/3776"}],"collection":[{"href":"https:\/\/mag.abracadaroom.com\/fr\/wp-json\/wp\/v2\/posts"}],"about":[{"href":"https:\/\/mag.abracadaroom.com\/fr\/wp-json\/wp\/v2\/types\/post"}],"author":[{"embeddable":true,"href":"https:\/\/mag.abracadaroom.com\/fr\/wp-json\/wp\/v2\/users\/2"}],"replies":[{"embeddable":true,"href":"https:\/\/mag.abracadaroom.com\/fr\/wp-json\/wp\/v2\/comments?post=3776"}],"version-history":[{"count":1,"href":"https:\/\/mag.abracadaroom.com\/fr\/wp-json\/wp\/v2\/posts\/3776\/revisions"}],"predecessor-version":[{"id":7229,"href":"https:\/\/mag.abracadaroom.com\/fr\/wp-json\/wp\/v2\/posts\/3776\/revisions\/7229"}],"wp:featuredmedia":[{"embeddable":true,"href":"https:\/\/mag.abracadaroom.com\/fr\/wp-json\/wp\/v2\/media\/3778"}],"wp:attachment":[{"href":"https:\/\/mag.abracadaroom.com\/fr\/wp-json\/wp\/v2\/media?parent=3776"}],"wp:term":[{"taxonomy":"category","embeddable":true,"href":"https:\/\/mag.abracadaroom.com\/fr\/wp-json\/wp\/v2\/categories?post=3776"},{"taxonomy":"post_tag","embeddable":true,"href":"https:\/\/mag.abracadaroom.com\/fr\/wp-json\/wp\/v2\/tags?post=3776"}],"curies":[{"name":"wp","href":"https:\/\/api.w.org\/{rel}","templated":true}]}}