{"id":4298,"date":"2017-07-18T19:46:02","date_gmt":"2017-07-18T18:46:02","guid":{"rendered":"http:\/\/mag.abracadaroom.com\/fr\/?p=4298"},"modified":"2019-07-04T12:04:40","modified_gmt":"2019-07-04T11:04:40","slug":"kelimutu-lacs-volcaniques-changent-de-couleur","status":"publish","type":"post","link":"https:\/\/mag.abracadaroom.com\/fr\/kelimutu-lacs-volcaniques-changent-de-couleur\/","title":{"rendered":"Le Kelimutu : les lacs volcaniques qui changent de couleur !"},"content":{"rendered":"<p style=\"text-align: justify\">V\u00e9ritable star de sa r\u00e9gion, le <strong>Kelimutu<\/strong> est une attraction touristique \u00e0 ne pas manquer si vous avez la chance de visiter l\u2019<strong>Indon\u00e9sie<\/strong>\u2026 Contrairement \u00e0 ce que l\u2019on pourrait croire, le site est plut\u00f4t facile d\u2019acc\u00e8s et bien balis\u00e9. Notre conseil\u00a0? S\u2019y rendre au petit matin pour contempler le lever du soleil, tr\u00e8s certainement le plus beau de votre vie. Attention tout de m\u00eame aux nuages qui peuvent rendre l\u2019endroit parfois dangereux\u2026<\/p>\n<figure id=\"attachment_4299\" aria-describedby=\"caption-attachment-4299\" style=\"width: 800px\" class=\"wp-caption aligncenter\"><a href=\"http:\/\/mag.abracadaroom.com\/fr\/wp-content\/uploads\/2017\/07\/kelimutu-sunrise.jpg\"><img decoding=\"async\" loading=\"lazy\" class=\"size-full wp-image-4299\" src=\"http:\/\/mag.abracadaroom.com\/fr\/wp-content\/uploads\/2017\/07\/kelimutu-sunrise.jpg\" alt=\"\" width=\"800\" height=\"534\" srcset=\"https:\/\/mag.abracadaroom.com\/fr\/wp-content\/uploads\/2017\/07\/kelimutu-sunrise.jpg 800w, https:\/\/mag.abracadaroom.com\/fr\/wp-content\/uploads\/2017\/07\/kelimutu-sunrise-324x216.jpg 324w, https:\/\/mag.abracadaroom.com\/fr\/wp-content\/uploads\/2017\/07\/kelimutu-sunrise-696x465.jpg 696w, https:\/\/mag.abracadaroom.com\/fr\/wp-content\/uploads\/2017\/07\/kelimutu-sunrise-629x420.jpg 629w, https:\/\/mag.abracadaroom.com\/fr\/wp-content\/uploads\/2017\/07\/kelimutu-sunrise-768x513.jpg 768w, https:\/\/mag.abracadaroom.com\/fr\/wp-content\/uploads\/2017\/07\/kelimutu-sunrise-300x200.jpg 300w\" sizes=\"(max-width: 800px) 100vw, 800px\" \/><\/a><figcaption id=\"caption-attachment-4299\" class=\"wp-caption-text\">Photo credit: <a href=\"http:\/\/www.flickr.com\/photos\/63328822@N00\/\">michael-day<\/a> via <a href=\"http:\/\/foter.com\/re\/983fd4\">Foter.com<\/a> \/ <a href=\"http:\/\/creativecommons.org\/licenses\/by\/2.0\/\">CC BY<\/a><\/figcaption><\/figure>\n<p><strong><em>Localisation\u00a0:<\/em><\/strong> sur l\u2019\u00eele de Flor\u00e8s au sud de l\u2019Indon\u00e9sie.<\/p>\n<p><strong><em>En quelques chiffres\u00a0: <\/em><\/strong><\/p>\n<ul style=\"text-align: justify\">\n<li>Le volcan culmine \u00e0 <strong>1\u00a0639 m d\u2019altitude<\/strong> et poss\u00e8de un sommet \u00e9tendu sur plus de 2km de long.<\/li>\n<li>Seulement une quinzaine de minutes en voiture pour acc\u00e9der au volcan depuis le village, une excursion simple d\u2019acc\u00e8s.<\/li>\n<li>La derni\u00e8re alerte date <strong>2013<\/strong> dans le lac \u00ab\u00a0 des jeunes hommes et des jeunes femmes\u00a0\u00bb, heureusement pas d\u2019\u00e9ruption volcanique \u00e0 proprement parler\u00a0!<\/li>\n<\/ul>\n<p style=\"text-align: justify\"><strong><em>Particularit\u00e9\u00a0:<\/em><\/strong> Des lacs de crat\u00e8res dont les teintes respectives varient au fil du temps et des saisons\u00a0! Le \u00ab\u00a0Lac des personnes \u00e2g\u00e9es\u00a0\u00bb est souvent noir encre, celui \u00ab\u00a0des jeunes hommes et des jeunes femmes\u00a0\u00bb entre vert \u00e9meraude et bleu turquoise et enfin le dernier \u00ab\u00a0le lac ensorcel\u00e9\u00a0\u00bb habituellement rouge peut \u00eatre bleu ou marron fonc\u00e9\u00a0! Totalement incroyable\u2026<\/p>\n<figure id=\"attachment_4300\" aria-describedby=\"caption-attachment-4300\" style=\"width: 800px\" class=\"wp-caption aligncenter\"><a href=\"http:\/\/mag.abracadaroom.com\/fr\/wp-content\/uploads\/2017\/07\/kelimutu-eastern-crater.jpg\"><img decoding=\"async\" loading=\"lazy\" class=\"size-full wp-image-4300\" src=\"http:\/\/mag.abracadaroom.com\/fr\/wp-content\/uploads\/2017\/07\/kelimutu-eastern-crater.jpg\" alt=\"\" width=\"800\" height=\"533\" srcset=\"https:\/\/mag.abracadaroom.com\/fr\/wp-content\/uploads\/2017\/07\/kelimutu-eastern-crater.jpg 800w, https:\/\/mag.abracadaroom.com\/fr\/wp-content\/uploads\/2017\/07\/kelimutu-eastern-crater-324x216.jpg 324w, https:\/\/mag.abracadaroom.com\/fr\/wp-content\/uploads\/2017\/07\/kelimutu-eastern-crater-696x464.jpg 696w, https:\/\/mag.abracadaroom.com\/fr\/wp-content\/uploads\/2017\/07\/kelimutu-eastern-crater-630x420.jpg 630w, https:\/\/mag.abracadaroom.com\/fr\/wp-content\/uploads\/2017\/07\/kelimutu-eastern-crater-768x512.jpg 768w, https:\/\/mag.abracadaroom.com\/fr\/wp-content\/uploads\/2017\/07\/kelimutu-eastern-crater-300x200.jpg 300w\" sizes=\"(max-width: 800px) 100vw, 800px\" \/><\/a><figcaption id=\"caption-attachment-4300\" class=\"wp-caption-text\">Photo credit: <a href=\"https:\/\/www.flickr.com\/photos\/whoisthatfreakwiththecamera\/8184683221\/\">michael-day<\/a> via <a href=\"http:\/\/foter.com\/re\/983fd4\">Foter.com<\/a> \/ <a href=\"http:\/\/creativecommons.org\/licenses\/by\/2.0\/\">CC BY<\/a><\/figcaption><\/figure>\n<p style=\"text-align: justify\"><strong><em>L\u2019explication\u00a0: <\/em><\/strong>Pas totalement s\u00fbrs de leurs hypoth\u00e8ses, les scientifiques parlent de variations chromatiques des eaux dues \u00e0 des r\u00e9actions chimiques li\u00e9es aux min\u00e9raux\u2026 Affaire \u00e0 suivre\u00a0!<\/p>\n<p style=\"text-align: justify\"><strong><em>Le mythe\u00a0: <\/em><\/strong>Dans les croyances locales lorsque les gens meurent, leur esprit se rend au sommet du volcan\u2026 En fonction de leur \u00e2ge des gardiens leur indiquent dans lequel ils doivent descendre. Attention \u00e0 ceux qui se sont mal comport\u00e9s durant leur vie\u00a0: le <strong>lac ensorcel\u00e9<\/strong> et ses eaux rouges les attendent. Pour expliquer ces changements de couleurs, les habitants parlent de variation de l\u2019humeur des esprits. Que de myst\u00e8res autour de ces <strong>lacs insolites\u00a0<\/strong>!<\/p>\n","protected":false},"excerpt":{"rendered":"<p>V\u00e9ritable star de sa r\u00e9gion, le Kelimutu est une attraction touristique \u00e0 ne pas manquer si vous avez la chance de visiter l\u2019Indon\u00e9sie\u2026 Contrairement \u00e0 ce que l\u2019on pourrait croire, le site est plut\u00f4t facile d\u2019acc\u00e8s et bien balis\u00e9. Notre conseil\u00a0? S\u2019y rendre au petit matin pour contempler le lever du soleil, tr\u00e8s certainement le [&hellip;]<\/p>\n","protected":false},"author":2,"featured_media":4299,"comment_status":"open","ping_status":"open","sticky":false,"template":"","format":"standard","meta":{"om_disable_all_campaigns":false,"_uf_show_specific_survey":0,"_uf_disable_surveys":false,"footnotes":""},"categories":[1],"tags":[480,411,479],"yoast_head":"<!-- This site is optimized with the Yoast SEO plugin v21.8 - https:\/\/yoast.com\/wordpress\/plugins\/seo\/ -->\n<title>Le Kelimutu : les lacs volcaniques qui changent de couleur !<\/title>\n<meta name=\"robots\" content=\"index, follow, max-snippet:-1, max-image-preview:large, max-video-preview:-1\" \/>\n<link rel=\"canonical\" href=\"https:\/\/mag.abracadaroom.com\/fr\/kelimutu-lacs-volcaniques-changent-de-couleur\/\" \/>\n<meta property=\"og:locale\" content=\"fr_FR\" \/>\n<meta property=\"og:type\" content=\"article\" \/>\n<meta property=\"og:title\" content=\"Le Kelimutu : les lacs volcaniques qui changent de couleur !\" \/>\n<meta property=\"og:description\" content=\"V\u00e9ritable star de sa r\u00e9gion, le Kelimutu est une attraction touristique \u00e0 ne pas manquer si vous avez la chance de visiter l\u2019Indon\u00e9sie\u2026 Contrairement \u00e0 ce que l\u2019on pourrait croire, le site est plut\u00f4t facile d\u2019acc\u00e8s et bien balis\u00e9. Notre conseil\u00a0? S\u2019y rendre au petit matin pour contempler le lever du soleil, tr\u00e8s certainement le [&hellip;]\" \/>\n<meta property=\"og:url\" content=\"https:\/\/mag.abracadaroom.com\/fr\/kelimutu-lacs-volcaniques-changent-de-couleur\/\" \/>\n<meta property=\"og:site_name\" content=\"Le blog du tourisme insolite\" \/>\n<meta property=\"article:publisher\" content=\"https:\/\/www.facebook.com\/abracadaroom\" \/>\n<meta property=\"article:published_time\" content=\"2017-07-18T18:46:02+00:00\" \/>\n<meta property=\"article:modified_time\" content=\"2019-07-04T11:04:40+00:00\" \/>\n<meta property=\"og:image\" content=\"https:\/\/mag.abracadaroom.com\/fr\/wp-content\/uploads\/2017\/07\/kelimutu-sunrise.jpg\" \/>\n\t<meta property=\"og:image:width\" content=\"800\" \/>\n\t<meta property=\"og:image:height\" content=\"534\" \/>\n\t<meta property=\"og:image:type\" content=\"image\/jpeg\" \/>\n<meta name=\"author\" content=\"Lydie Coste\" \/>\n<meta name=\"twitter:card\" content=\"summary_large_image\" \/>\n<meta name=\"twitter:creator\" content=\"@abracadaroom\" \/>\n<meta name=\"twitter:site\" content=\"@abracadaroom\" \/>\n<meta name=\"twitter:label1\" content=\"\u00c9crit par\" \/>\n\t<meta name=\"twitter:data1\" content=\"Lydie Coste\" \/>\n\t<meta name=\"twitter:label2\" content=\"Dur\u00e9e de lecture estim\u00e9e\" \/>\n\t<meta name=\"twitter:data2\" content=\"2 minutes\" \/>\n<script type=\"application\/ld+json\" class=\"yoast-schema-graph\">{\"@context\":\"https:\/\/schema.org\",\"@graph\":[{\"@type\":\"WebPage\",\"@id\":\"https:\/\/mag.abracadaroom.com\/fr\/kelimutu-lacs-volcaniques-changent-de-couleur\/\",\"url\":\"https:\/\/mag.abracadaroom.com\/fr\/kelimutu-lacs-volcaniques-changent-de-couleur\/\",\"name\":\"Le Kelimutu : les lacs volcaniques qui changent de couleur !\",\"isPartOf\":{\"@id\":\"https:\/\/mag.abracadaroom.com\/fr\/#website\"},\"datePublished\":\"2017-07-18T18:46:02+00:00\",\"dateModified\":\"2019-07-04T11:04:40+00:00\",\"author\":{\"@id\":\"https:\/\/mag.abracadaroom.com\/fr\/#\/schema\/person\/75ce15ddf80df3a5cb1935c20fe1f592\"},\"breadcrumb\":{\"@id\":\"https:\/\/mag.abracadaroom.com\/fr\/kelimutu-lacs-volcaniques-changent-de-couleur\/#breadcrumb\"},\"inLanguage\":\"fr-FR\",\"potentialAction\":[{\"@type\":\"ReadAction\",\"target\":[\"https:\/\/mag.abracadaroom.com\/fr\/kelimutu-lacs-volcaniques-changent-de-couleur\/\"]}]},{\"@type\":\"BreadcrumbList\",\"@id\":\"https:\/\/mag.abracadaroom.com\/fr\/kelimutu-lacs-volcaniques-changent-de-couleur\/#breadcrumb\",\"itemListElement\":[{\"@type\":\"ListItem\",\"position\":1,\"name\":\"Home\",\"item\":\"https:\/\/mag.abracadaroom.com\/fr\/\"},{\"@type\":\"ListItem\",\"position\":2,\"name\":\"Le Kelimutu : les lacs volcaniques qui changent de couleur !\"}]},{\"@type\":\"WebSite\",\"@id\":\"https:\/\/mag.abracadaroom.com\/fr\/#website\",\"url\":\"https:\/\/mag.abracadaroom.com\/fr\/\",\"name\":\"Le blog du tourisme insolite\",\"description\":\"\",\"potentialAction\":[{\"@type\":\"SearchAction\",\"target\":{\"@type\":\"EntryPoint\",\"urlTemplate\":\"https:\/\/mag.abracadaroom.com\/fr\/?s={search_term_string}\"},\"query-input\":\"required name=search_term_string\"}],\"inLanguage\":\"fr-FR\"},{\"@type\":\"Person\",\"@id\":\"https:\/\/mag.abracadaroom.com\/fr\/#\/schema\/person\/75ce15ddf80df3a5cb1935c20fe1f592\",\"name\":\"Lydie Coste\",\"image\":{\"@type\":\"ImageObject\",\"inLanguage\":\"fr-FR\",\"@id\":\"https:\/\/mag.abracadaroom.com\/fr\/#\/schema\/person\/image\/\",\"url\":\"https:\/\/secure.gravatar.com\/avatar\/4e9917e75d82f9408d38fa049d4f4b33?s=96&d=mm&r=g\",\"contentUrl\":\"https:\/\/secure.gravatar.com\/avatar\/4e9917e75d82f9408d38fa049d4f4b33?s=96&d=mm&r=g\",\"caption\":\"Lydie Coste\"},\"description\":\"Passionn\u00e9e par les voyages, je me suis naturellement dirig\u00e9e apr\u00e8s le bac vers des \u00e9tudes de g\u00e9ographie et de tourisme. Fervente adepte des randonn\u00e9es et du g\u00e9ocaching, me voici aujourd\u2019hui proche de la trentaine, un master de tourisme en poche et plusieurs p\u00e9riples \u00e0 travers l\u2019Europe \u00e0 mon actif ! Ma philosophie de vie ? \u00ab Le plus beau voyage c\u2019est celui que l\u2019on n\u2019a pas encore fait\u2026 \u00bb. A quand le prochain ?\",\"url\":\"https:\/\/mag.abracadaroom.com\/fr\/author\/lydie\/\"}]}<\/script>\n<!-- \/ Yoast SEO plugin. -->","yoast_head_json":{"title":"Le Kelimutu : les lacs volcaniques qui changent de couleur !","robots":{"index":"index","follow":"follow","max-snippet":"max-snippet:-1","max-image-preview":"max-image-preview:large","max-video-preview":"max-video-preview:-1"},"canonical":"https:\/\/mag.abracadaroom.com\/fr\/kelimutu-lacs-volcaniques-changent-de-couleur\/","og_locale":"fr_FR","og_type":"article","og_title":"Le Kelimutu : les lacs volcaniques qui changent de couleur !","og_description":"V\u00e9ritable star de sa r\u00e9gion, le Kelimutu est une attraction touristique \u00e0 ne pas manquer si vous avez la chance de visiter l\u2019Indon\u00e9sie\u2026 Contrairement \u00e0 ce que l\u2019on pourrait croire, le site est plut\u00f4t facile d\u2019acc\u00e8s et bien balis\u00e9. Notre conseil\u00a0? S\u2019y rendre au petit matin pour contempler le lever du soleil, tr\u00e8s certainement le [&hellip;]","og_url":"https:\/\/mag.abracadaroom.com\/fr\/kelimutu-lacs-volcaniques-changent-de-couleur\/","og_site_name":"Le blog du tourisme insolite","article_publisher":"https:\/\/www.facebook.com\/abracadaroom","article_published_time":"2017-07-18T18:46:02+00:00","article_modified_time":"2019-07-04T11:04:40+00:00","og_image":[{"width":800,"height":534,"url":"https:\/\/mag.abracadaroom.com\/fr\/wp-content\/uploads\/2017\/07\/kelimutu-sunrise.jpg","type":"image\/jpeg"}],"author":"Lydie Coste","twitter_card":"summary_large_image","twitter_creator":"@abracadaroom","twitter_site":"@abracadaroom","twitter_misc":{"\u00c9crit par":"Lydie Coste","Dur\u00e9e de lecture estim\u00e9e":"2 minutes"},"schema":{"@context":"https:\/\/schema.org","@graph":[{"@type":"WebPage","@id":"https:\/\/mag.abracadaroom.com\/fr\/kelimutu-lacs-volcaniques-changent-de-couleur\/","url":"https:\/\/mag.abracadaroom.com\/fr\/kelimutu-lacs-volcaniques-changent-de-couleur\/","name":"Le Kelimutu : les lacs volcaniques qui changent de couleur !","isPartOf":{"@id":"https:\/\/mag.abracadaroom.com\/fr\/#website"},"datePublished":"2017-07-18T18:46:02+00:00","dateModified":"2019-07-04T11:04:40+00:00","author":{"@id":"https:\/\/mag.abracadaroom.com\/fr\/#\/schema\/person\/75ce15ddf80df3a5cb1935c20fe1f592"},"breadcrumb":{"@id":"https:\/\/mag.abracadaroom.com\/fr\/kelimutu-lacs-volcaniques-changent-de-couleur\/#breadcrumb"},"inLanguage":"fr-FR","potentialAction":[{"@type":"ReadAction","target":["https:\/\/mag.abracadaroom.com\/fr\/kelimutu-lacs-volcaniques-changent-de-couleur\/"]}]},{"@type":"BreadcrumbList","@id":"https:\/\/mag.abracadaroom.com\/fr\/kelimutu-lacs-volcaniques-changent-de-couleur\/#breadcrumb","itemListElement":[{"@type":"ListItem","position":1,"name":"Home","item":"https:\/\/mag.abracadaroom.com\/fr\/"},{"@type":"ListItem","position":2,"name":"Le Kelimutu : les lacs volcaniques qui changent de couleur !"}]},{"@type":"WebSite","@id":"https:\/\/mag.abracadaroom.com\/fr\/#website","url":"https:\/\/mag.abracadaroom.com\/fr\/","name":"Le blog du tourisme insolite","description":"","potentialAction":[{"@type":"SearchAction","target":{"@type":"EntryPoint","urlTemplate":"https:\/\/mag.abracadaroom.com\/fr\/?s={search_term_string}"},"query-input":"required name=search_term_string"}],"inLanguage":"fr-FR"},{"@type":"Person","@id":"https:\/\/mag.abracadaroom.com\/fr\/#\/schema\/person\/75ce15ddf80df3a5cb1935c20fe1f592","name":"Lydie Coste","image":{"@type":"ImageObject","inLanguage":"fr-FR","@id":"https:\/\/mag.abracadaroom.com\/fr\/#\/schema\/person\/image\/","url":"https:\/\/secure.gravatar.com\/avatar\/4e9917e75d82f9408d38fa049d4f4b33?s=96&d=mm&r=g","contentUrl":"https:\/\/secure.gravatar.com\/avatar\/4e9917e75d82f9408d38fa049d4f4b33?s=96&d=mm&r=g","caption":"Lydie Coste"},"description":"Passionn\u00e9e par les voyages, je me suis naturellement dirig\u00e9e apr\u00e8s le bac vers des \u00e9tudes de g\u00e9ographie et de tourisme. Fervente adepte des randonn\u00e9es et du g\u00e9ocaching, me voici aujourd\u2019hui proche de la trentaine, un master de tourisme en poche et plusieurs p\u00e9riples \u00e0 travers l\u2019Europe \u00e0 mon actif ! Ma philosophie de vie ? \u00ab Le plus beau voyage c\u2019est celui que l\u2019on n\u2019a pas encore fait\u2026 \u00bb. A quand le prochain ?","url":"https:\/\/mag.abracadaroom.com\/fr\/author\/lydie\/"}]}},"_links":{"self":[{"href":"https:\/\/mag.abracadaroom.com\/fr\/wp-json\/wp\/v2\/posts\/4298"}],"collection":[{"href":"https:\/\/mag.abracadaroom.com\/fr\/wp-json\/wp\/v2\/posts"}],"about":[{"href":"https:\/\/mag.abracadaroom.com\/fr\/wp-json\/wp\/v2\/types\/post"}],"author":[{"embeddable":true,"href":"https:\/\/mag.abracadaroom.com\/fr\/wp-json\/wp\/v2\/users\/2"}],"replies":[{"embeddable":true,"href":"https:\/\/mag.abracadaroom.com\/fr\/wp-json\/wp\/v2\/comments?post=4298"}],"version-history":[{"count":1,"href":"https:\/\/mag.abracadaroom.com\/fr\/wp-json\/wp\/v2\/posts\/4298\/revisions"}],"predecessor-version":[{"id":7215,"href":"https:\/\/mag.abracadaroom.com\/fr\/wp-json\/wp\/v2\/posts\/4298\/revisions\/7215"}],"wp:featuredmedia":[{"embeddable":true,"href":"https:\/\/mag.abracadaroom.com\/fr\/wp-json\/wp\/v2\/media\/4299"}],"wp:attachment":[{"href":"https:\/\/mag.abracadaroom.com\/fr\/wp-json\/wp\/v2\/media?parent=4298"}],"wp:term":[{"taxonomy":"category","embeddable":true,"href":"https:\/\/mag.abracadaroom.com\/fr\/wp-json\/wp\/v2\/categories?post=4298"},{"taxonomy":"post_tag","embeddable":true,"href":"https:\/\/mag.abracadaroom.com\/fr\/wp-json\/wp\/v2\/tags?post=4298"}],"curies":[{"name":"wp","href":"https:\/\/api.w.org\/{rel}","templated":true}]}}