{"id":4324,"date":"2017-08-22T15:28:53","date_gmt":"2017-08-22T14:28:53","guid":{"rendered":"http:\/\/mag.abracadaroom.com\/fr\/?p=4324"},"modified":"2018-09-26T14:09:38","modified_gmt":"2018-09-26T13:09:38","slug":"interview-proprietaires-domaine-cabanes-de-belle","status":"publish","type":"post","link":"https:\/\/mag.abracadaroom.com\/fr\/interview-proprietaires-domaine-cabanes-de-belle\/","title":{"rendered":"Interview de l&rsquo;\u00e9quipe du domaine Cabanes de la Belle"},"content":{"rendered":"<p style=\"text-align: justify;\"><img decoding=\"async\" loading=\"lazy\" class=\"wp-image-4330 alignright\" src=\"http:\/\/mag.abracadaroom.com\/fr\/wp-content\/uploads\/2017\/08\/quipe-Parc-de-la-Belle.jpg\" alt=\"\" width=\"283\" height=\"212\" srcset=\"https:\/\/mag.abracadaroom.com\/fr\/wp-content\/uploads\/2017\/08\/quipe-Parc-de-la-Belle.jpg 640w, https:\/\/mag.abracadaroom.com\/fr\/wp-content\/uploads\/2017\/08\/quipe-Parc-de-la-Belle-324x243.jpg 324w, https:\/\/mag.abracadaroom.com\/fr\/wp-content\/uploads\/2017\/08\/quipe-Parc-de-la-Belle-80x60.jpg 80w, https:\/\/mag.abracadaroom.com\/fr\/wp-content\/uploads\/2017\/08\/quipe-Parc-de-la-Belle-265x198.jpg 265w, https:\/\/mag.abracadaroom.com\/fr\/wp-content\/uploads\/2017\/08\/quipe-Parc-de-la-Belle-560x420.jpg 560w, https:\/\/mag.abracadaroom.com\/fr\/wp-content\/uploads\/2017\/08\/quipe-Parc-de-la-Belle-300x225.jpg 300w\" sizes=\"(max-width: 283px) 100vw, 283px\" \/>Ce mois-ci, nous sommes ravis d\u2019accueillir l&rsquo;\u00e9quipe du domaine Les Cabanes de la Belle, situ\u00e9 <a href=\"https:\/\/www.abracadaroom.com\/fr\/week-end-insolite-vienne-86-poitou-charentes\/\" rel=\"noopener\" target=\"_blank\">dans la Vienne<\/a>. Le domaine poss\u00e8de 15 cabanes dans les arbres et 5 cabanes au coeur de la nature ! On vous laisse d\u00e9couvrir leur interview\u2026<\/p>\n<h2 style=\"text-align: justify;\"><span style=\"color: #7f204e;\">Pourriez-vous vous pr\u00e9senter aux lecteurs de Mon H\u00e9bergement Insolite ?<\/span><\/h2>\n<p style=\"text-align: justify;\">Le Parc de la Belle est situ\u00e9 pr\u00e8s de Poitiers, du Futuroscope et de la Vall\u00e9e des Singes.<\/p>\n<h2 style=\"text-align: justify;\"><span style=\"color: #7f204e;\">Pouvez-vous d\u00e9crire votre domaine en quelques mots ?<\/span><\/h2>\n<p style=\"text-align: justify;\">Au c\u0153ur d\u2019un parc de 12 hectares autour d\u2019une maison de ma\u00eetre du XIX\u00e8me si\u00e8cle, une promenade parmi plus de 20 000 plantes et de multiples essences d\u2019arbres.<br \/>\nC\u2019est un v\u00e9ritable \u00e9crin de verdure qui regroupe des h\u00e9bergements insolites : des <a href=\"https:\/\/www.abracadaroom.com\/fr\/nuit-insolite-cabane-dans-les-arbres\/\" rel=\"noopener\" target=\"_blank\">Cabanes dans les arbres<\/a> et des Lodges sur pilotis.<br \/>\nLes Cabanes sont construites dans le respect de la nature et des arbres, sans aucun clou, jusqu\u2019\u00e0 14 m\u00e8tres de hauteur. La Cabane invite \u00e0 la r\u00eaverie dans un nid douillet, authentique et chaleureux. Sans eau, ni \u00e9lectricit\u00e9, l\u2019ambiance intime des bougies qui scintillent invite au d\u00e9paysement total au c\u0153ur de la nature. Les Cabanes, d\u2019une capacit\u00e9 de 2 \u00e0 6 personnes, sont tr\u00e8s confortables et disposent toutes d\u2019une terrasse.<br \/>\nLes Lodges hauts de gamme allient charme, \u00e9l\u00e9gance, confort et modernit\u00e9, disposent de 2 chambres, d\u2019une salle de bain spacieuse et d\u2019un s\u00e9jour avec kitchenette. Tr\u00e8s fonctionnelle, une grande terrasse permet de profiter des ext\u00e9rieurs.<\/p>\n<p>&nbsp;<\/p>\n<p><img decoding=\"async\" loading=\"lazy\" class=\"aligncenter size-full wp-image-4331\" src=\"http:\/\/mag.abracadaroom.com\/fr\/wp-content\/uploads\/2017\/08\/Sans-titre-23.png\" alt=\"\" width=\"600\" height=\"250\" srcset=\"https:\/\/mag.abracadaroom.com\/fr\/wp-content\/uploads\/2017\/08\/Sans-titre-23.png 600w, https:\/\/mag.abracadaroom.com\/fr\/wp-content\/uploads\/2017\/08\/Sans-titre-23-324x135.png 324w, https:\/\/mag.abracadaroom.com\/fr\/wp-content\/uploads\/2017\/08\/Sans-titre-23-300x125.png 300w\" sizes=\"(max-width: 600px) 100vw, 600px\" \/><\/p>\n<h2 style=\"text-align: justify;\"><span style=\"color: #7f204e;\">Quels sont vos points forts, vos atouts (en terme d\u2019humain, activit\u00e9s, repas, \u00e9cologie, produits propos\u00e9s, nature, d\u00e9paysement, aventure, etc.) ?<br \/>\n<\/span><\/h2>\n<p style=\"text-align: justify;\">Des prestations sur place sont propos\u00e9es pour compl\u00e9ter le s\u00e9jour de la client\u00e8le : des petits d\u00e9jeuners et d\u00eeners livr\u00e9s au pied de votre Cabane et pour f\u00eater un \u00e9v\u00e9nement : des bouquets de fleurs, des paniers ap\u00e9ritifs ainsi que des g\u00e2teaux d\u2019anniversaire.<br \/>\nLe site dispose \u00e9galement d\u2019une salle de r\u00e9union et d\u2019un kota grill finlandais qui permet de savourer des produits locaux au feu de bois.<\/p>\n<h2 style=\"text-align: justify;\"><span style=\"color: #7f204e;\">Quelles activit\u00e9s peut-on retrouver sur votre domaine ?<br \/>\n<\/span><\/h2>\n<p style=\"text-align: justify;\">Une aire de jeux et une petite ferme pour les enfants sans oublier un Aventure Game, un parcours d\u2019\u00e9nigmes ponctu\u00e9 de pi\u00e8ces secr\u00e8tes ! Une visite originale pour tout public.<\/p>\n<p>&nbsp;<\/p>\n<p><img decoding=\"async\" loading=\"lazy\" class=\"aligncenter size-full wp-image-4332\" src=\"http:\/\/mag.abracadaroom.com\/fr\/wp-content\/uploads\/2017\/08\/Sans-titre-24.png\" alt=\"\" width=\"600\" height=\"250\" srcset=\"https:\/\/mag.abracadaroom.com\/fr\/wp-content\/uploads\/2017\/08\/Sans-titre-24.png 600w, https:\/\/mag.abracadaroom.com\/fr\/wp-content\/uploads\/2017\/08\/Sans-titre-24-324x135.png 324w, https:\/\/mag.abracadaroom.com\/fr\/wp-content\/uploads\/2017\/08\/Sans-titre-24-300x125.png 300w\" sizes=\"(max-width: 600px) 100vw, 600px\" \/><\/p>\n<h2 style=\"text-align: justify;\"><span style=\"color: #7f204e;\">Quelles sont les bons plans aux alentours de votre domaine ?<br \/>\n<\/span><\/h2>\n<p style=\"text-align: justify;\">De nombreuses visites autour du Parc de la Belle : la Vall\u00e9e des Singes, le Cormenier, le Futuroscope.<\/p>\n<h2 style=\"text-align: justify;\"><span style=\"color: #7f204e;\">Avez-vous une exp\u00e9rience ou une anecdote au sein de votre domaine \u00e0 nous raconter ?<\/span><\/h2>\n<p style=\"text-align: justify;\">Le Parc de la Belle a accueilli le tournage d&rsquo;un film avec G\u00e9rard Depardieu et Beno\u00eet Poelvoorde ! Ils ont ador\u00e9 le site !\u00a0Peut-\u00eatre entendrez-vous leurs rires communicatifs&#8230; pendant votre sommeil !<\/p>\n<p>&nbsp;<\/p>\n<p><img decoding=\"async\" loading=\"lazy\" class=\"aligncenter size-full wp-image-4333\" src=\"http:\/\/mag.abracadaroom.com\/fr\/wp-content\/uploads\/2017\/08\/Sans-titre-25.png\" alt=\"\" width=\"600\" height=\"250\" srcset=\"https:\/\/mag.abracadaroom.com\/fr\/wp-content\/uploads\/2017\/08\/Sans-titre-25.png 600w, https:\/\/mag.abracadaroom.com\/fr\/wp-content\/uploads\/2017\/08\/Sans-titre-25-324x135.png 324w, https:\/\/mag.abracadaroom.com\/fr\/wp-content\/uploads\/2017\/08\/Sans-titre-25-300x125.png 300w\" sizes=\"(max-width: 600px) 100vw, 600px\" \/><\/p>\n<h2 style=\"text-align: justify;\"><span style=\"color: #7f204e;\">Laissez un message \u00e0 nos lecteurs :<\/span><\/h2>\n<p style=\"text-align: justify;\">Nos h\u00e9bergements allient charme et \u00e9l\u00e9gance. Au plaisir de vous accueillir.<\/p>\n<p style=\"text-align: center;\"><a class=\"wt-btn wt-btn-large blinking2\" style=\"text-shadow: none;\" href=\"http:\/\/www.abracadaroom.com\/fr\/location-cabanes-de-la-belle-230\/\" target=\"_blank\" rel=\"noopener noreferrer\">D\u00e9couvrir le domaine Cabanes de la Belle !<\/a><\/p>\n","protected":false},"excerpt":{"rendered":"<p>Ce mois-ci, nous sommes ravis d\u2019accueillir l&rsquo;\u00e9quipe du domaine Les Cabanes de la Belle, situ\u00e9 dans la Vienne. Le domaine poss\u00e8de 15 cabanes dans les arbres et 5 cabanes au coeur de la nature ! On vous laisse d\u00e9couvrir leur interview\u2026 Pourriez-vous vous pr\u00e9senter aux lecteurs de Mon H\u00e9bergement Insolite ? Le Parc de la [&hellip;]<\/p>\n","protected":false},"author":1,"featured_media":4341,"comment_status":"open","ping_status":"open","sticky":false,"template":"","format":"standard","meta":{"om_disable_all_campaigns":false,"_uf_show_specific_survey":0,"_uf_disable_surveys":false,"footnotes":""},"categories":[10],"tags":[],"yoast_head":"<!-- This site is optimized with the Yoast SEO plugin v21.8 - https:\/\/yoast.com\/wordpress\/plugins\/seo\/ -->\n<title>Interview de l&#039;\u00e9quipe du domaine Cabanes de la Belle<\/title>\n<meta name=\"robots\" content=\"index, follow, max-snippet:-1, max-image-preview:large, max-video-preview:-1\" \/>\n<link rel=\"canonical\" href=\"https:\/\/mag.abracadaroom.com\/fr\/interview-proprietaires-domaine-cabanes-de-belle\/\" \/>\n<meta property=\"og:locale\" content=\"fr_FR\" \/>\n<meta property=\"og:type\" content=\"article\" \/>\n<meta property=\"og:title\" content=\"Interview de l&#039;\u00e9quipe du domaine Cabanes de la Belle\" \/>\n<meta property=\"og:description\" content=\"Ce mois-ci, nous sommes ravis d\u2019accueillir l&rsquo;\u00e9quipe du domaine Les Cabanes de la Belle, situ\u00e9 dans la Vienne. Le domaine poss\u00e8de 15 cabanes dans les arbres et 5 cabanes au coeur de la nature ! On vous laisse d\u00e9couvrir leur interview\u2026 Pourriez-vous vous pr\u00e9senter aux lecteurs de Mon H\u00e9bergement Insolite ? Le Parc de la [&hellip;]\" \/>\n<meta property=\"og:url\" content=\"https:\/\/mag.abracadaroom.com\/fr\/interview-proprietaires-domaine-cabanes-de-belle\/\" \/>\n<meta property=\"og:site_name\" content=\"Le blog du tourisme insolite\" \/>\n<meta property=\"article:publisher\" content=\"https:\/\/www.facebook.com\/abracadaroom\" \/>\n<meta property=\"article:author\" content=\"https:\/\/www.facebook.com\/abracadaroom\" \/>\n<meta property=\"article:published_time\" content=\"2017-08-22T14:28:53+00:00\" \/>\n<meta property=\"article:modified_time\" content=\"2018-09-26T13:09:38+00:00\" \/>\n<meta property=\"og:image\" content=\"https:\/\/mag.abracadaroom.com\/fr\/wp-content\/uploads\/2017\/08\/cabane-robinsons-facade-4.jpg\" \/>\n\t<meta property=\"og:image:width\" content=\"800\" \/>\n\t<meta property=\"og:image:height\" content=\"600\" \/>\n\t<meta property=\"og:image:type\" content=\"image\/jpeg\" \/>\n<meta name=\"author\" content=\"AbracadaRoom\" \/>\n<meta name=\"twitter:card\" content=\"summary_large_image\" \/>\n<meta name=\"twitter:creator\" content=\"@abracadaroom\" \/>\n<meta name=\"twitter:site\" content=\"@abracadaroom\" \/>\n<meta name=\"twitter:label1\" content=\"\u00c9crit par\" \/>\n\t<meta name=\"twitter:data1\" content=\"AbracadaRoom\" \/>\n\t<meta name=\"twitter:label2\" content=\"Dur\u00e9e de lecture estim\u00e9e\" \/>\n\t<meta name=\"twitter:data2\" content=\"2 minutes\" \/>\n<script type=\"application\/ld+json\" class=\"yoast-schema-graph\">{\"@context\":\"https:\/\/schema.org\",\"@graph\":[{\"@type\":\"WebPage\",\"@id\":\"https:\/\/mag.abracadaroom.com\/fr\/interview-proprietaires-domaine-cabanes-de-belle\/\",\"url\":\"https:\/\/mag.abracadaroom.com\/fr\/interview-proprietaires-domaine-cabanes-de-belle\/\",\"name\":\"Interview de l'\u00e9quipe du domaine Cabanes de la Belle\",\"isPartOf\":{\"@id\":\"https:\/\/mag.abracadaroom.com\/fr\/#website\"},\"datePublished\":\"2017-08-22T14:28:53+00:00\",\"dateModified\":\"2018-09-26T13:09:38+00:00\",\"author\":{\"@id\":\"https:\/\/mag.abracadaroom.com\/fr\/#\/schema\/person\/f1c1c8974118098e34156edf947b57bc\"},\"breadcrumb\":{\"@id\":\"https:\/\/mag.abracadaroom.com\/fr\/interview-proprietaires-domaine-cabanes-de-belle\/#breadcrumb\"},\"inLanguage\":\"fr-FR\",\"potentialAction\":[{\"@type\":\"ReadAction\",\"target\":[\"https:\/\/mag.abracadaroom.com\/fr\/interview-proprietaires-domaine-cabanes-de-belle\/\"]}]},{\"@type\":\"BreadcrumbList\",\"@id\":\"https:\/\/mag.abracadaroom.com\/fr\/interview-proprietaires-domaine-cabanes-de-belle\/#breadcrumb\",\"itemListElement\":[{\"@type\":\"ListItem\",\"position\":1,\"name\":\"Home\",\"item\":\"https:\/\/mag.abracadaroom.com\/fr\/\"},{\"@type\":\"ListItem\",\"position\":2,\"name\":\"Interview de l&rsquo;\u00e9quipe du domaine Cabanes de la Belle\"}]},{\"@type\":\"WebSite\",\"@id\":\"https:\/\/mag.abracadaroom.com\/fr\/#website\",\"url\":\"https:\/\/mag.abracadaroom.com\/fr\/\",\"name\":\"Le blog du tourisme insolite\",\"description\":\"\",\"potentialAction\":[{\"@type\":\"SearchAction\",\"target\":{\"@type\":\"EntryPoint\",\"urlTemplate\":\"https:\/\/mag.abracadaroom.com\/fr\/?s={search_term_string}\"},\"query-input\":\"required name=search_term_string\"}],\"inLanguage\":\"fr-FR\"},{\"@type\":\"Person\",\"@id\":\"https:\/\/mag.abracadaroom.com\/fr\/#\/schema\/person\/f1c1c8974118098e34156edf947b57bc\",\"name\":\"AbracadaRoom\",\"image\":{\"@type\":\"ImageObject\",\"inLanguage\":\"fr-FR\",\"@id\":\"https:\/\/mag.abracadaroom.com\/fr\/#\/schema\/person\/image\/\",\"url\":\"https:\/\/secure.gravatar.com\/avatar\/ce5805107876e0043e7386b8ce59081f?s=96&d=mm&r=g\",\"contentUrl\":\"https:\/\/secure.gravatar.com\/avatar\/ce5805107876e0043e7386b8ce59081f?s=96&d=mm&r=g\",\"caption\":\"AbracadaRoom\"},\"sameAs\":[\"http:\/\/abracadaroom.com\/fr\/\",\"https:\/\/www.facebook.com\/abracadaroom\",\"https:\/\/twitter.com\/abracadaroom\"],\"url\":\"https:\/\/mag.abracadaroom.com\/fr\/author\/lemag2083\/\"}]}<\/script>\n<!-- \/ Yoast SEO plugin. -->","yoast_head_json":{"title":"Interview de l'\u00e9quipe du domaine Cabanes de la Belle","robots":{"index":"index","follow":"follow","max-snippet":"max-snippet:-1","max-image-preview":"max-image-preview:large","max-video-preview":"max-video-preview:-1"},"canonical":"https:\/\/mag.abracadaroom.com\/fr\/interview-proprietaires-domaine-cabanes-de-belle\/","og_locale":"fr_FR","og_type":"article","og_title":"Interview de l'\u00e9quipe du domaine Cabanes de la Belle","og_description":"Ce mois-ci, nous sommes ravis d\u2019accueillir l&rsquo;\u00e9quipe du domaine Les Cabanes de la Belle, situ\u00e9 dans la Vienne. Le domaine poss\u00e8de 15 cabanes dans les arbres et 5 cabanes au coeur de la nature ! On vous laisse d\u00e9couvrir leur interview\u2026 Pourriez-vous vous pr\u00e9senter aux lecteurs de Mon H\u00e9bergement Insolite ? Le Parc de la [&hellip;]","og_url":"https:\/\/mag.abracadaroom.com\/fr\/interview-proprietaires-domaine-cabanes-de-belle\/","og_site_name":"Le blog du tourisme insolite","article_publisher":"https:\/\/www.facebook.com\/abracadaroom","article_author":"https:\/\/www.facebook.com\/abracadaroom","article_published_time":"2017-08-22T14:28:53+00:00","article_modified_time":"2018-09-26T13:09:38+00:00","og_image":[{"width":800,"height":600,"url":"https:\/\/mag.abracadaroom.com\/fr\/wp-content\/uploads\/2017\/08\/cabane-robinsons-facade-4.jpg","type":"image\/jpeg"}],"author":"AbracadaRoom","twitter_card":"summary_large_image","twitter_creator":"@abracadaroom","twitter_site":"@abracadaroom","twitter_misc":{"\u00c9crit par":"AbracadaRoom","Dur\u00e9e de lecture estim\u00e9e":"2 minutes"},"schema":{"@context":"https:\/\/schema.org","@graph":[{"@type":"WebPage","@id":"https:\/\/mag.abracadaroom.com\/fr\/interview-proprietaires-domaine-cabanes-de-belle\/","url":"https:\/\/mag.abracadaroom.com\/fr\/interview-proprietaires-domaine-cabanes-de-belle\/","name":"Interview de l'\u00e9quipe du domaine Cabanes de la Belle","isPartOf":{"@id":"https:\/\/mag.abracadaroom.com\/fr\/#website"},"datePublished":"2017-08-22T14:28:53+00:00","dateModified":"2018-09-26T13:09:38+00:00","author":{"@id":"https:\/\/mag.abracadaroom.com\/fr\/#\/schema\/person\/f1c1c8974118098e34156edf947b57bc"},"breadcrumb":{"@id":"https:\/\/mag.abracadaroom.com\/fr\/interview-proprietaires-domaine-cabanes-de-belle\/#breadcrumb"},"inLanguage":"fr-FR","potentialAction":[{"@type":"ReadAction","target":["https:\/\/mag.abracadaroom.com\/fr\/interview-proprietaires-domaine-cabanes-de-belle\/"]}]},{"@type":"BreadcrumbList","@id":"https:\/\/mag.abracadaroom.com\/fr\/interview-proprietaires-domaine-cabanes-de-belle\/#breadcrumb","itemListElement":[{"@type":"ListItem","position":1,"name":"Home","item":"https:\/\/mag.abracadaroom.com\/fr\/"},{"@type":"ListItem","position":2,"name":"Interview de l&rsquo;\u00e9quipe du domaine Cabanes de la Belle"}]},{"@type":"WebSite","@id":"https:\/\/mag.abracadaroom.com\/fr\/#website","url":"https:\/\/mag.abracadaroom.com\/fr\/","name":"Le blog du tourisme insolite","description":"","potentialAction":[{"@type":"SearchAction","target":{"@type":"EntryPoint","urlTemplate":"https:\/\/mag.abracadaroom.com\/fr\/?s={search_term_string}"},"query-input":"required name=search_term_string"}],"inLanguage":"fr-FR"},{"@type":"Person","@id":"https:\/\/mag.abracadaroom.com\/fr\/#\/schema\/person\/f1c1c8974118098e34156edf947b57bc","name":"AbracadaRoom","image":{"@type":"ImageObject","inLanguage":"fr-FR","@id":"https:\/\/mag.abracadaroom.com\/fr\/#\/schema\/person\/image\/","url":"https:\/\/secure.gravatar.com\/avatar\/ce5805107876e0043e7386b8ce59081f?s=96&d=mm&r=g","contentUrl":"https:\/\/secure.gravatar.com\/avatar\/ce5805107876e0043e7386b8ce59081f?s=96&d=mm&r=g","caption":"AbracadaRoom"},"sameAs":["http:\/\/abracadaroom.com\/fr\/","https:\/\/www.facebook.com\/abracadaroom","https:\/\/twitter.com\/abracadaroom"],"url":"https:\/\/mag.abracadaroom.com\/fr\/author\/lemag2083\/"}]}},"_links":{"self":[{"href":"https:\/\/mag.abracadaroom.com\/fr\/wp-json\/wp\/v2\/posts\/4324"}],"collection":[{"href":"https:\/\/mag.abracadaroom.com\/fr\/wp-json\/wp\/v2\/posts"}],"about":[{"href":"https:\/\/mag.abracadaroom.com\/fr\/wp-json\/wp\/v2\/types\/post"}],"author":[{"embeddable":true,"href":"https:\/\/mag.abracadaroom.com\/fr\/wp-json\/wp\/v2\/users\/1"}],"replies":[{"embeddable":true,"href":"https:\/\/mag.abracadaroom.com\/fr\/wp-json\/wp\/v2\/comments?post=4324"}],"version-history":[{"count":9,"href":"https:\/\/mag.abracadaroom.com\/fr\/wp-json\/wp\/v2\/posts\/4324\/revisions"}],"predecessor-version":[{"id":6363,"href":"https:\/\/mag.abracadaroom.com\/fr\/wp-json\/wp\/v2\/posts\/4324\/revisions\/6363"}],"wp:featuredmedia":[{"embeddable":true,"href":"https:\/\/mag.abracadaroom.com\/fr\/wp-json\/wp\/v2\/media\/4341"}],"wp:attachment":[{"href":"https:\/\/mag.abracadaroom.com\/fr\/wp-json\/wp\/v2\/media?parent=4324"}],"wp:term":[{"taxonomy":"category","embeddable":true,"href":"https:\/\/mag.abracadaroom.com\/fr\/wp-json\/wp\/v2\/categories?post=4324"},{"taxonomy":"post_tag","embeddable":true,"href":"https:\/\/mag.abracadaroom.com\/fr\/wp-json\/wp\/v2\/tags?post=4324"}],"curies":[{"name":"wp","href":"https:\/\/api.w.org\/{rel}","templated":true}]}}