{"id":4880,"date":"2018-03-03T11:05:59","date_gmt":"2018-03-03T10:05:59","guid":{"rendered":"https:\/\/mag.abracadaroom.com\/fr\/?p=4880"},"modified":"2018-03-03T11:05:59","modified_gmt":"2018-03-03T10:05:59","slug":"the-umbrella-sky-project","status":"publish","type":"post","link":"https:\/\/mag.abracadaroom.com\/fr\/the-umbrella-sky-project\/","title":{"rendered":"The Umbrella Sky Project"},"content":{"rendered":"<p>Nous sommes de grands enfants, vous le savez \u2026. \ud83d\ude42<\/p>\n<p>Alors nous sommes tout de suite tomb\u00e9s sous le charme du projet Umbrella Sky\u00a0!<a href=\"https:\/\/mag.abracadaroom.com\/fr\/wp-content\/uploads\/2018\/03\/floating-umbrellas-agueda-portugal-2014-1-Patricia-Almeida.jpg\"><img decoding=\"async\" loading=\"lazy\" class=\"alignnone wp-image-4891 size-full\" src=\"https:\/\/mag.abracadaroom.com\/fr\/wp-content\/uploads\/2018\/03\/floating-umbrellas-agueda-portugal-2014-1-Patricia-Almeida.jpg\" alt=\"\" width=\"880\" height=\"587\" srcset=\"https:\/\/mag.abracadaroom.com\/fr\/wp-content\/uploads\/2018\/03\/floating-umbrellas-agueda-portugal-2014-1-Patricia-Almeida.jpg 880w, https:\/\/mag.abracadaroom.com\/fr\/wp-content\/uploads\/2018\/03\/floating-umbrellas-agueda-portugal-2014-1-Patricia-Almeida-324x216.jpg 324w, https:\/\/mag.abracadaroom.com\/fr\/wp-content\/uploads\/2018\/03\/floating-umbrellas-agueda-portugal-2014-1-Patricia-Almeida-696x464.jpg 696w, https:\/\/mag.abracadaroom.com\/fr\/wp-content\/uploads\/2018\/03\/floating-umbrellas-agueda-portugal-2014-1-Patricia-Almeida-630x420.jpg 630w, https:\/\/mag.abracadaroom.com\/fr\/wp-content\/uploads\/2018\/03\/floating-umbrellas-agueda-portugal-2014-1-Patricia-Almeida-768x512.jpg 768w, https:\/\/mag.abracadaroom.com\/fr\/wp-content\/uploads\/2018\/03\/floating-umbrellas-agueda-portugal-2014-1-Patricia-Almeida-300x200.jpg 300w\" sizes=\"(max-width: 880px) 100vw, 880px\" \/>\u00a0<\/a><\/p>\n<h6>\u00a0\u00a9Patricia Almeida<\/h6>\n<p>&nbsp;<\/p>\n<p>Initi\u00e9 en 2012 par un collectif d\u2019artistes dans la ville d\u2019Agueda au sud de Porto, cette \u0153uvre tout en po\u00e9sie nous a imm\u00e9diatement s\u00e9duits.<\/p>\n<p><img decoding=\"async\" loading=\"lazy\" class=\"size-medium wp-image-4883 alignright\" src=\"https:\/\/mag.abracadaroom.com\/fr\/wp-content\/uploads\/2018\/03\/Agueda-224x300.jpg\" alt=\"\" width=\"224\" height=\"300\" srcset=\"https:\/\/mag.abracadaroom.com\/fr\/wp-content\/uploads\/2018\/03\/Agueda-224x300.jpg 224w, https:\/\/mag.abracadaroom.com\/fr\/wp-content\/uploads\/2018\/03\/Agueda-696x932.jpg 696w, https:\/\/mag.abracadaroom.com\/fr\/wp-content\/uploads\/2018\/03\/Agueda-314x420.jpg 314w, https:\/\/mag.abracadaroom.com\/fr\/wp-content\/uploads\/2018\/03\/Agueda.jpg 717w\" sizes=\"(max-width: 224px) 100vw, 224px\" \/><\/p>\n<p>Inspir\u00e9 par Mary Poppins, le projet\u00a0 Umbrella Sky consiste en une multitude d\u2019installations, dispers\u00e9es dans la ville d\u2019Agueda et dont le ciel de parapluies color\u00e9s semblant flotter dans les airs est la pi\u00e8ce maitresse.<a href=\"https:\/\/mag.abracadaroom.com\/fr\/wp-content\/uploads\/2018\/03\/Beja-Portugal.jpg\"><img decoding=\"async\" loading=\"lazy\" class=\"size-medium wp-image-4889 alignright\" src=\"https:\/\/mag.abracadaroom.com\/fr\/wp-content\/uploads\/2018\/03\/Beja-Portugal-199x300.jpg\" alt=\"\" width=\"199\" height=\"300\" srcset=\"https:\/\/mag.abracadaroom.com\/fr\/wp-content\/uploads\/2018\/03\/Beja-Portugal-199x300.jpg 199w, https:\/\/mag.abracadaroom.com\/fr\/wp-content\/uploads\/2018\/03\/Beja-Portugal-696x1047.jpg 696w, https:\/\/mag.abracadaroom.com\/fr\/wp-content\/uploads\/2018\/03\/Beja-Portugal-279x420.jpg 279w, https:\/\/mag.abracadaroom.com\/fr\/wp-content\/uploads\/2018\/03\/Beja-Portugal-681x1024.jpg 681w, https:\/\/mag.abracadaroom.com\/fr\/wp-content\/uploads\/2018\/03\/Beja-Portugal.jpg 718w\" sizes=\"(max-width: 199px) 100vw, 199px\" \/><\/a><\/p>\n<p>&nbsp;<\/p>\n<p>Le fil conducteur de cette exposition temporaire est de colorer la vie, apporter des couleurs aux espaces gris de la ville et des sourires sur les visages des passants qui s\u2019y prom\u00e8nent.<\/p>\n<p><img decoding=\"async\" loading=\"lazy\" class=\"size-medium wp-image-4885 alignleft\" src=\"https:\/\/mag.abracadaroom.com\/fr\/wp-content\/uploads\/2018\/03\/Agueda2-199x300.jpg\" alt=\"\" width=\"199\" height=\"300\" srcset=\"https:\/\/mag.abracadaroom.com\/fr\/wp-content\/uploads\/2018\/03\/Agueda2-199x300.jpg 199w, https:\/\/mag.abracadaroom.com\/fr\/wp-content\/uploads\/2018\/03\/Agueda2-696x1047.jpg 696w, https:\/\/mag.abracadaroom.com\/fr\/wp-content\/uploads\/2018\/03\/Agueda2-279x420.jpg 279w, https:\/\/mag.abracadaroom.com\/fr\/wp-content\/uploads\/2018\/03\/Agueda2-681x1024.jpg 681w, https:\/\/mag.abracadaroom.com\/fr\/wp-content\/uploads\/2018\/03\/Agueda2.jpg 718w\" sizes=\"(max-width: 199px) 100vw, 199px\" \/><\/p>\n<p><img decoding=\"async\" loading=\"lazy\" class=\"size-medium wp-image-4882 alignleft\" src=\"https:\/\/mag.abracadaroom.com\/fr\/wp-content\/uploads\/2018\/03\/Aguda3-221x300.jpg\" alt=\"\" width=\"221\" height=\"300\" srcset=\"https:\/\/mag.abracadaroom.com\/fr\/wp-content\/uploads\/2018\/03\/Aguda3-221x300.jpg 221w, https:\/\/mag.abracadaroom.com\/fr\/wp-content\/uploads\/2018\/03\/Aguda3-696x947.jpg 696w, https:\/\/mag.abracadaroom.com\/fr\/wp-content\/uploads\/2018\/03\/Aguda3-309x420.jpg 309w, https:\/\/mag.abracadaroom.com\/fr\/wp-content\/uploads\/2018\/03\/Aguda3-768x1045.jpg 768w, https:\/\/mag.abracadaroom.com\/fr\/wp-content\/uploads\/2018\/03\/Aguda3-753x1024.jpg 753w, https:\/\/mag.abracadaroom.com\/fr\/wp-content\/uploads\/2018\/03\/Aguda3.jpg 794w\" sizes=\"(max-width: 221px) 100vw, 221px\" \/><\/p>\n<p>&nbsp;<\/p>\n<p>&nbsp;<\/p>\n<p>Une id\u00e9e simple qui apporte vie et protection contre les rayons du soleil estival aux espaces publics, tout en nous transportant dans un univers magique.<\/p>\n<h6>\u00a0\u00a9Sextafeia<\/h6>\n<p>&nbsp;<\/p>\n<p>&nbsp;<\/p>\n<p>&nbsp;<\/p>\n<p>&nbsp;<\/p>\n<p>Nous ne sommes d\u2019ailleurs pas les seuls \u00e0 \u00eatre charm\u00e9s par cette initiative puis qu\u2019en 6 ans elle fait de nombreux adeptes et les ciels de parapluies se multiplient autours du globe, nous offrant de merveilleuses images\u00a0!<\/p>\n<p><a href=\"https:\/\/mag.abracadaroom.com\/fr\/wp-content\/uploads\/2018\/03\/Bordeaux.jpg\">\u00a0<\/a><a href=\"https:\/\/mag.abracadaroom.com\/fr\/wp-content\/uploads\/2018\/03\/Bordeaux.jpg\"><img decoding=\"async\" loading=\"lazy\" class=\"alignnone wp-image-4890 size-full\" src=\"https:\/\/mag.abracadaroom.com\/fr\/wp-content\/uploads\/2018\/03\/Bordeaux.jpg\" alt=\"\" width=\"1080\" height=\"782\" srcset=\"https:\/\/mag.abracadaroom.com\/fr\/wp-content\/uploads\/2018\/03\/Bordeaux.jpg 1080w, https:\/\/mag.abracadaroom.com\/fr\/wp-content\/uploads\/2018\/03\/Bordeaux-324x235.jpg 324w, https:\/\/mag.abracadaroom.com\/fr\/wp-content\/uploads\/2018\/03\/Bordeaux-696x504.jpg 696w, https:\/\/mag.abracadaroom.com\/fr\/wp-content\/uploads\/2018\/03\/Bordeaux-1068x773.jpg 1068w, https:\/\/mag.abracadaroom.com\/fr\/wp-content\/uploads\/2018\/03\/Bordeaux-580x420.jpg 580w, https:\/\/mag.abracadaroom.com\/fr\/wp-content\/uploads\/2018\/03\/Bordeaux-768x556.jpg 768w, https:\/\/mag.abracadaroom.com\/fr\/wp-content\/uploads\/2018\/03\/Bordeaux-1024x741.jpg 1024w, https:\/\/mag.abracadaroom.com\/fr\/wp-content\/uploads\/2018\/03\/Bordeaux-300x217.jpg 300w\" sizes=\"(max-width: 1080px) 100vw, 1080px\" \/><\/a><\/p>\n<h6>\u00a0\u00a9Sextafeira\/ Pluie color\u00e9e \u00e0 Bordeaux<\/h6>\n<p><a href=\"https:\/\/mag.abracadaroom.com\/fr\/wp-content\/uploads\/2018\/03\/Pensacola-Brenda-Wells.jpg\">\u00a0<\/a><a href=\"https:\/\/mag.abracadaroom.com\/fr\/wp-content\/uploads\/2018\/03\/Pensacola-Brenda-Wells.jpg\"><img decoding=\"async\" loading=\"lazy\" class=\"alignnone wp-image-4895 size-full\" src=\"https:\/\/mag.abracadaroom.com\/fr\/wp-content\/uploads\/2018\/03\/Pensacola-Brenda-Wells.jpg\" alt=\"\" width=\"640\" height=\"635\" srcset=\"https:\/\/mag.abracadaroom.com\/fr\/wp-content\/uploads\/2018\/03\/Pensacola-Brenda-Wells.jpg 640w, https:\/\/mag.abracadaroom.com\/fr\/wp-content\/uploads\/2018\/03\/Pensacola-Brenda-Wells-302x300.jpg 302w, https:\/\/mag.abracadaroom.com\/fr\/wp-content\/uploads\/2018\/03\/Pensacola-Brenda-Wells-423x420.jpg 423w, https:\/\/mag.abracadaroom.com\/fr\/wp-content\/uploads\/2018\/03\/Pensacola-Brenda-Wells-150x150.jpg 150w, https:\/\/mag.abracadaroom.com\/fr\/wp-content\/uploads\/2018\/03\/Pensacola-Brenda-Wells-300x298.jpg 300w, https:\/\/mag.abracadaroom.com\/fr\/wp-content\/uploads\/2018\/03\/Pensacola-Brenda-Wells-75x75.jpg 75w\" sizes=\"(max-width: 640px) 100vw, 640px\" \/><\/a><\/p>\n<h6>\u00a0\u00a9Brenda Wells\/ Pensacola, USA<\/h6>\n<p><a href=\"https:\/\/mag.abracadaroom.com\/fr\/wp-content\/uploads\/2018\/03\/Saint-Chamond1.jpg\"><img decoding=\"async\" loading=\"lazy\" class=\"alignnone wp-image-4892 size-full\" src=\"https:\/\/mag.abracadaroom.com\/fr\/wp-content\/uploads\/2018\/03\/Kingdom-of-Bahrain.jpg\" alt=\"\" width=\"1624\" height=\"1080\" srcset=\"https:\/\/mag.abracadaroom.com\/fr\/wp-content\/uploads\/2018\/03\/Kingdom-of-Bahrain.jpg 1624w, https:\/\/mag.abracadaroom.com\/fr\/wp-content\/uploads\/2018\/03\/Kingdom-of-Bahrain-324x215.jpg 324w, https:\/\/mag.abracadaroom.com\/fr\/wp-content\/uploads\/2018\/03\/Kingdom-of-Bahrain-696x463.jpg 696w, https:\/\/mag.abracadaroom.com\/fr\/wp-content\/uploads\/2018\/03\/Kingdom-of-Bahrain-1068x710.jpg 1068w, https:\/\/mag.abracadaroom.com\/fr\/wp-content\/uploads\/2018\/03\/Kingdom-of-Bahrain-632x420.jpg 632w, https:\/\/mag.abracadaroom.com\/fr\/wp-content\/uploads\/2018\/03\/Kingdom-of-Bahrain-768x511.jpg 768w, https:\/\/mag.abracadaroom.com\/fr\/wp-content\/uploads\/2018\/03\/Kingdom-of-Bahrain-1024x681.jpg 1024w, https:\/\/mag.abracadaroom.com\/fr\/wp-content\/uploads\/2018\/03\/Kingdom-of-Bahrain-300x200.jpg 300w\" sizes=\"(max-width: 1624px) 100vw, 1624px\" \/><\/a><\/p>\n<h6>\u00a0\u00a9Sextafeira\/Christmas Umbrellas Kingdom of Bahrain<\/h6>\n<p><a href=\"https:\/\/mag.abracadaroom.com\/fr\/wp-content\/uploads\/2018\/03\/umbrella-sky3-st-petersbourg-dom-boutique-hotel.jpg\"><img decoding=\"async\" loading=\"lazy\" class=\"alignnone wp-image-4913 size-full\" src=\"https:\/\/mag.abracadaroom.com\/fr\/wp-content\/uploads\/2018\/03\/umbrella-sky3-st-petersbourg-dom-boutique-hotel.jpg\" alt=\"\" width=\"1024\" height=\"683\" srcset=\"https:\/\/mag.abracadaroom.com\/fr\/wp-content\/uploads\/2018\/03\/umbrella-sky3-st-petersbourg-dom-boutique-hotel.jpg 1024w, https:\/\/mag.abracadaroom.com\/fr\/wp-content\/uploads\/2018\/03\/umbrella-sky3-st-petersbourg-dom-boutique-hotel-324x216.jpg 324w, https:\/\/mag.abracadaroom.com\/fr\/wp-content\/uploads\/2018\/03\/umbrella-sky3-st-petersbourg-dom-boutique-hotel-696x464.jpg 696w, https:\/\/mag.abracadaroom.com\/fr\/wp-content\/uploads\/2018\/03\/umbrella-sky3-st-petersbourg-dom-boutique-hotel-630x420.jpg 630w, https:\/\/mag.abracadaroom.com\/fr\/wp-content\/uploads\/2018\/03\/umbrella-sky3-st-petersbourg-dom-boutique-hotel-768x512.jpg 768w, https:\/\/mag.abracadaroom.com\/fr\/wp-content\/uploads\/2018\/03\/umbrella-sky3-st-petersbourg-dom-boutique-hotel-300x200.jpg 300w\" sizes=\"(max-width: 1024px) 100vw, 1024px\" \/><\/a><\/p>\n<h6>\u00a9Dom Boutique Hotel\/ Saint Petersbourg<\/h6>\n<p>&nbsp;<\/p>\n<p>&nbsp;<\/p>\n<p>Pour suivre les actualit\u00e9s du collectif, rendez-vous sur leur page <a href=\"https:\/\/www.facebook.com\/pg\/UmbrellaSkyProject\/posts\/?ref=page_internal\">Facebook<\/a>.<\/p>\n<p><a href=\"https:\/\/www.facebook.com\/pg\/UmbrellaSkyProject\/posts\/?ref=page_internal\"><img decoding=\"async\" loading=\"lazy\" class=\"alignnone wp-image-4881 size-medium\" src=\"https:\/\/mag.abracadaroom.com\/fr\/wp-content\/uploads\/2018\/03\/26678468_1982725821744177_1574233110253936293_o-300x114.jpg\" alt=\"\" width=\"300\" height=\"114\" srcset=\"https:\/\/mag.abracadaroom.com\/fr\/wp-content\/uploads\/2018\/03\/26678468_1982725821744177_1574233110253936293_o-300x114.jpg 300w, https:\/\/mag.abracadaroom.com\/fr\/wp-content\/uploads\/2018\/03\/26678468_1982725821744177_1574233110253936293_o-324x123.jpg 324w, https:\/\/mag.abracadaroom.com\/fr\/wp-content\/uploads\/2018\/03\/26678468_1982725821744177_1574233110253936293_o-696x265.jpg 696w, https:\/\/mag.abracadaroom.com\/fr\/wp-content\/uploads\/2018\/03\/26678468_1982725821744177_1574233110253936293_o-1068x406.jpg 1068w, https:\/\/mag.abracadaroom.com\/fr\/wp-content\/uploads\/2018\/03\/26678468_1982725821744177_1574233110253936293_o-1104x420.jpg 1104w, https:\/\/mag.abracadaroom.com\/fr\/wp-content\/uploads\/2018\/03\/26678468_1982725821744177_1574233110253936293_o-1920x730.jpg 1920w, https:\/\/mag.abracadaroom.com\/fr\/wp-content\/uploads\/2018\/03\/26678468_1982725821744177_1574233110253936293_o-768x292.jpg 768w, https:\/\/mag.abracadaroom.com\/fr\/wp-content\/uploads\/2018\/03\/26678468_1982725821744177_1574233110253936293_o-1024x390.jpg 1024w\" sizes=\"(max-width: 300px) 100vw, 300px\" \/><\/a><\/p>\n<p>&nbsp;<\/p>\n","protected":false},"excerpt":{"rendered":"<p>Nous sommes de grands enfants, vous le savez \u2026. \ud83d\ude42 Alors nous sommes tout de suite tomb\u00e9s sous le charme du projet Umbrella Sky\u00a0!\u00a0 \u00a0\u00a9Patricia Almeida &nbsp; Initi\u00e9 en 2012 par un collectif d\u2019artistes dans la ville d\u2019Agueda au sud de Porto, cette \u0153uvre tout en po\u00e9sie nous a imm\u00e9diatement s\u00e9duits. Inspir\u00e9 par Mary Poppins, [&hellip;]<\/p>\n","protected":false},"author":6,"featured_media":4894,"comment_status":"open","ping_status":"open","sticky":false,"template":"","format":"standard","meta":{"om_disable_all_campaigns":false,"_uf_show_specific_survey":0,"_uf_disable_surveys":false,"footnotes":""},"categories":[1],"tags":[],"yoast_head":"<!-- This site is optimized with the Yoast SEO plugin v21.8 - https:\/\/yoast.com\/wordpress\/plugins\/seo\/ -->\n<title>The Umbrella Sky Project<\/title>\n<meta name=\"robots\" content=\"index, follow, max-snippet:-1, max-image-preview:large, max-video-preview:-1\" \/>\n<link rel=\"canonical\" href=\"https:\/\/mag.abracadaroom.com\/fr\/the-umbrella-sky-project\/\" \/>\n<meta property=\"og:locale\" content=\"fr_FR\" \/>\n<meta property=\"og:type\" content=\"article\" \/>\n<meta property=\"og:title\" content=\"The Umbrella Sky Project\" \/>\n<meta property=\"og:description\" content=\"Nous sommes de grands enfants, vous le savez \u2026. \ud83d\ude42 Alors nous sommes tout de suite tomb\u00e9s sous le charme du projet Umbrella Sky\u00a0!\u00a0 \u00a0\u00a9Patricia Almeida &nbsp; Initi\u00e9 en 2012 par un collectif d\u2019artistes dans la ville d\u2019Agueda au sud de Porto, cette \u0153uvre tout en po\u00e9sie nous a imm\u00e9diatement s\u00e9duits. Inspir\u00e9 par Mary Poppins, [&hellip;]\" \/>\n<meta property=\"og:url\" content=\"https:\/\/mag.abracadaroom.com\/fr\/the-umbrella-sky-project\/\" \/>\n<meta property=\"og:site_name\" content=\"Le blog du tourisme insolite\" \/>\n<meta property=\"article:publisher\" content=\"https:\/\/www.facebook.com\/abracadaroom\" \/>\n<meta property=\"article:published_time\" content=\"2018-03-03T10:05:59+00:00\" \/>\n<meta property=\"og:image\" content=\"https:\/\/mag.abracadaroom.com\/fr\/wp-content\/uploads\/2018\/03\/parapluies-agueda-portugal-10-Marilyn-Marques.jpg\" \/>\n\t<meta property=\"og:image:width\" content=\"880\" \/>\n\t<meta property=\"og:image:height\" content=\"1328\" \/>\n\t<meta property=\"og:image:type\" content=\"image\/jpeg\" \/>\n<meta name=\"author\" content=\"Sandra\" \/>\n<meta name=\"twitter:card\" content=\"summary_large_image\" \/>\n<meta name=\"twitter:creator\" content=\"@abracadaroom\" \/>\n<meta name=\"twitter:site\" content=\"@abracadaroom\" \/>\n<meta name=\"twitter:label1\" content=\"\u00c9crit par\" \/>\n\t<meta name=\"twitter:data1\" content=\"Sandra\" \/>\n\t<meta name=\"twitter:label2\" content=\"Dur\u00e9e de lecture estim\u00e9e\" \/>\n\t<meta name=\"twitter:data2\" content=\"1 minute\" \/>\n<script type=\"application\/ld+json\" class=\"yoast-schema-graph\">{\"@context\":\"https:\/\/schema.org\",\"@graph\":[{\"@type\":\"WebPage\",\"@id\":\"https:\/\/mag.abracadaroom.com\/fr\/the-umbrella-sky-project\/\",\"url\":\"https:\/\/mag.abracadaroom.com\/fr\/the-umbrella-sky-project\/\",\"name\":\"The Umbrella Sky Project\",\"isPartOf\":{\"@id\":\"https:\/\/mag.abracadaroom.com\/fr\/#website\"},\"datePublished\":\"2018-03-03T10:05:59+00:00\",\"dateModified\":\"2018-03-03T10:05:59+00:00\",\"author\":{\"@id\":\"https:\/\/mag.abracadaroom.com\/fr\/#\/schema\/person\/662aa76e6e48f4083adcf93af5444499\"},\"breadcrumb\":{\"@id\":\"https:\/\/mag.abracadaroom.com\/fr\/the-umbrella-sky-project\/#breadcrumb\"},\"inLanguage\":\"fr-FR\",\"potentialAction\":[{\"@type\":\"ReadAction\",\"target\":[\"https:\/\/mag.abracadaroom.com\/fr\/the-umbrella-sky-project\/\"]}]},{\"@type\":\"BreadcrumbList\",\"@id\":\"https:\/\/mag.abracadaroom.com\/fr\/the-umbrella-sky-project\/#breadcrumb\",\"itemListElement\":[{\"@type\":\"ListItem\",\"position\":1,\"name\":\"Home\",\"item\":\"https:\/\/mag.abracadaroom.com\/fr\/\"},{\"@type\":\"ListItem\",\"position\":2,\"name\":\"The Umbrella Sky Project\"}]},{\"@type\":\"WebSite\",\"@id\":\"https:\/\/mag.abracadaroom.com\/fr\/#website\",\"url\":\"https:\/\/mag.abracadaroom.com\/fr\/\",\"name\":\"Le blog du tourisme insolite\",\"description\":\"\",\"potentialAction\":[{\"@type\":\"SearchAction\",\"target\":{\"@type\":\"EntryPoint\",\"urlTemplate\":\"https:\/\/mag.abracadaroom.com\/fr\/?s={search_term_string}\"},\"query-input\":\"required name=search_term_string\"}],\"inLanguage\":\"fr-FR\"},{\"@type\":\"Person\",\"@id\":\"https:\/\/mag.abracadaroom.com\/fr\/#\/schema\/person\/662aa76e6e48f4083adcf93af5444499\",\"name\":\"Sandra\",\"image\":{\"@type\":\"ImageObject\",\"inLanguage\":\"fr-FR\",\"@id\":\"https:\/\/mag.abracadaroom.com\/fr\/#\/schema\/person\/image\/\",\"url\":\"https:\/\/secure.gravatar.com\/avatar\/05694f570aa843a13bc3f0a1c5f9b355?s=96&d=mm&r=g\",\"contentUrl\":\"https:\/\/secure.gravatar.com\/avatar\/05694f570aa843a13bc3f0a1c5f9b355?s=96&d=mm&r=g\",\"caption\":\"Sandra\"},\"description\":\"Curieuse, fan de lecture, avide d'insolite et de nouveaut\u00e9.\",\"url\":\"https:\/\/mag.abracadaroom.com\/fr\/author\/sandra\/\"}]}<\/script>\n<!-- \/ Yoast SEO plugin. -->","yoast_head_json":{"title":"The Umbrella Sky Project","robots":{"index":"index","follow":"follow","max-snippet":"max-snippet:-1","max-image-preview":"max-image-preview:large","max-video-preview":"max-video-preview:-1"},"canonical":"https:\/\/mag.abracadaroom.com\/fr\/the-umbrella-sky-project\/","og_locale":"fr_FR","og_type":"article","og_title":"The Umbrella Sky Project","og_description":"Nous sommes de grands enfants, vous le savez \u2026. \ud83d\ude42 Alors nous sommes tout de suite tomb\u00e9s sous le charme du projet Umbrella Sky\u00a0!\u00a0 \u00a0\u00a9Patricia Almeida &nbsp; Initi\u00e9 en 2012 par un collectif d\u2019artistes dans la ville d\u2019Agueda au sud de Porto, cette \u0153uvre tout en po\u00e9sie nous a imm\u00e9diatement s\u00e9duits. Inspir\u00e9 par Mary Poppins, [&hellip;]","og_url":"https:\/\/mag.abracadaroom.com\/fr\/the-umbrella-sky-project\/","og_site_name":"Le blog du tourisme insolite","article_publisher":"https:\/\/www.facebook.com\/abracadaroom","article_published_time":"2018-03-03T10:05:59+00:00","og_image":[{"width":880,"height":1328,"url":"https:\/\/mag.abracadaroom.com\/fr\/wp-content\/uploads\/2018\/03\/parapluies-agueda-portugal-10-Marilyn-Marques.jpg","type":"image\/jpeg"}],"author":"Sandra","twitter_card":"summary_large_image","twitter_creator":"@abracadaroom","twitter_site":"@abracadaroom","twitter_misc":{"\u00c9crit par":"Sandra","Dur\u00e9e de lecture estim\u00e9e":"1 minute"},"schema":{"@context":"https:\/\/schema.org","@graph":[{"@type":"WebPage","@id":"https:\/\/mag.abracadaroom.com\/fr\/the-umbrella-sky-project\/","url":"https:\/\/mag.abracadaroom.com\/fr\/the-umbrella-sky-project\/","name":"The Umbrella Sky Project","isPartOf":{"@id":"https:\/\/mag.abracadaroom.com\/fr\/#website"},"datePublished":"2018-03-03T10:05:59+00:00","dateModified":"2018-03-03T10:05:59+00:00","author":{"@id":"https:\/\/mag.abracadaroom.com\/fr\/#\/schema\/person\/662aa76e6e48f4083adcf93af5444499"},"breadcrumb":{"@id":"https:\/\/mag.abracadaroom.com\/fr\/the-umbrella-sky-project\/#breadcrumb"},"inLanguage":"fr-FR","potentialAction":[{"@type":"ReadAction","target":["https:\/\/mag.abracadaroom.com\/fr\/the-umbrella-sky-project\/"]}]},{"@type":"BreadcrumbList","@id":"https:\/\/mag.abracadaroom.com\/fr\/the-umbrella-sky-project\/#breadcrumb","itemListElement":[{"@type":"ListItem","position":1,"name":"Home","item":"https:\/\/mag.abracadaroom.com\/fr\/"},{"@type":"ListItem","position":2,"name":"The Umbrella Sky Project"}]},{"@type":"WebSite","@id":"https:\/\/mag.abracadaroom.com\/fr\/#website","url":"https:\/\/mag.abracadaroom.com\/fr\/","name":"Le blog du tourisme insolite","description":"","potentialAction":[{"@type":"SearchAction","target":{"@type":"EntryPoint","urlTemplate":"https:\/\/mag.abracadaroom.com\/fr\/?s={search_term_string}"},"query-input":"required name=search_term_string"}],"inLanguage":"fr-FR"},{"@type":"Person","@id":"https:\/\/mag.abracadaroom.com\/fr\/#\/schema\/person\/662aa76e6e48f4083adcf93af5444499","name":"Sandra","image":{"@type":"ImageObject","inLanguage":"fr-FR","@id":"https:\/\/mag.abracadaroom.com\/fr\/#\/schema\/person\/image\/","url":"https:\/\/secure.gravatar.com\/avatar\/05694f570aa843a13bc3f0a1c5f9b355?s=96&d=mm&r=g","contentUrl":"https:\/\/secure.gravatar.com\/avatar\/05694f570aa843a13bc3f0a1c5f9b355?s=96&d=mm&r=g","caption":"Sandra"},"description":"Curieuse, fan de lecture, avide d'insolite et de nouveaut\u00e9.","url":"https:\/\/mag.abracadaroom.com\/fr\/author\/sandra\/"}]}},"_links":{"self":[{"href":"https:\/\/mag.abracadaroom.com\/fr\/wp-json\/wp\/v2\/posts\/4880"}],"collection":[{"href":"https:\/\/mag.abracadaroom.com\/fr\/wp-json\/wp\/v2\/posts"}],"about":[{"href":"https:\/\/mag.abracadaroom.com\/fr\/wp-json\/wp\/v2\/types\/post"}],"author":[{"embeddable":true,"href":"https:\/\/mag.abracadaroom.com\/fr\/wp-json\/wp\/v2\/users\/6"}],"replies":[{"embeddable":true,"href":"https:\/\/mag.abracadaroom.com\/fr\/wp-json\/wp\/v2\/comments?post=4880"}],"version-history":[{"count":15,"href":"https:\/\/mag.abracadaroom.com\/fr\/wp-json\/wp\/v2\/posts\/4880\/revisions"}],"predecessor-version":[{"id":4916,"href":"https:\/\/mag.abracadaroom.com\/fr\/wp-json\/wp\/v2\/posts\/4880\/revisions\/4916"}],"wp:featuredmedia":[{"embeddable":true,"href":"https:\/\/mag.abracadaroom.com\/fr\/wp-json\/wp\/v2\/media\/4894"}],"wp:attachment":[{"href":"https:\/\/mag.abracadaroom.com\/fr\/wp-json\/wp\/v2\/media?parent=4880"}],"wp:term":[{"taxonomy":"category","embeddable":true,"href":"https:\/\/mag.abracadaroom.com\/fr\/wp-json\/wp\/v2\/categories?post=4880"},{"taxonomy":"post_tag","embeddable":true,"href":"https:\/\/mag.abracadaroom.com\/fr\/wp-json\/wp\/v2\/tags?post=4880"}],"curies":[{"name":"wp","href":"https:\/\/api.w.org\/{rel}","templated":true}]}}