{"id":5159,"date":"2018-07-17T17:00:29","date_gmt":"2018-07-17T16:00:29","guid":{"rendered":"https:\/\/mag.abracadaroom.com\/fr\/?p=5159"},"modified":"2018-09-26T14:03:42","modified_gmt":"2018-09-26T13:03:42","slug":"interview-grand-chene","status":"publish","type":"post","link":"https:\/\/mag.abracadaroom.com\/fr\/interview-grand-chene\/","title":{"rendered":"Interview du propri\u00e9taire du domaine du Grand Ch\u00eane"},"content":{"rendered":"<p style=\"text-align: justify;\"><img decoding=\"async\" class=\"wp-image-4330 alignright\" src=\"https:\/\/mag.abracadaroom.com\/fr\/wp-content\/uploads\/2018\/05\/IMG_20170513_172610-2.jpg\" alt=\"Propri\u00e9taire Grand Ch\u00eane\" width=\"250\" \/>Cette semaine, nous accueillons le propri\u00e9taire du domaine du Grand Ch\u00eane, dans le Tarn. Le domaine vous propose de passer une nuit magique dans sa bulle sous un magnifique ciel \u00e9toil\u00e9e ! On vous laisse d\u00e9couvrir son interview\u2026<\/p>\n<h2 style=\"text-align: justify;\"><span style=\"color: #7f204e;\">Pourriez-vous vous pr\u00e9senter aux lecteurs d&rsquo;AbracadaRoom ?<\/span><\/h2>\n<p style=\"text-align: justify;\">Bonjour, Philippe CHEMIER, je suis le propri\u00e9taire du Domaine du Grand Ch\u00eane o\u00f9 se situe la <a href=\"https:\/\/www.abracadaroom.com\/fr\/reservation-domaine-du-grand-chene-bulles-belle-ile-en-bulle-2124\/\" rel=\"noopener\" target=\"_blank\">Belle \u00cele en Bulle<\/a> !<\/p>\n<h2 style=\"text-align: justify;\"><span style=\"color: #7f204e;\">Pouvez-vous d\u00e9crire votre domaine en quelques mots ?<\/span><\/h2>\n<p style=\"text-align: justify;\">Notre structure est une petite unit\u00e9 de 12 chalets situ\u00e9s \u00e0 12km d&rsquo;Albi dont la cit\u00e9 \u00e9piscopale est class\u00e9e au patrimoine Mondial de l&rsquo;UNESCO. C&rsquo;est l&rsquo;an dernier que mon fils B\u00e9ranger (g\u00e9rant du restaurant du Domaine) a eu l&rsquo;id\u00e9e d&rsquo;exploiter la petite \u00eele qui se trouve au milieu de notre Lac. Bien s\u00fbr, une bulle s&rsquo;imposait pour b\u00e9n\u00e9ficier pleinement de cette espace naturel.<\/p>\n<h2 style=\"text-align: justify;\"><span style=\"color: #7f204e;\">Quels sont vos points forts, vos atouts (en terme d\u2019humain, activit\u00e9s, repas, \u00e9cologie, produits propos\u00e9s, nature, d\u00e9paysement, aventure, etc.) ?<\/span><\/h2>\n<p style=\"text-align: justify;\">Nous sommes depuis de nombreuses ann\u00e9es dans une d\u00e9marche \u00e9co-responsable. Nous valorisons notre territoire et ses produits. Sur la bulle, nous vous proposons des sodas, du cola et des bi\u00e8res artisanales. Les produits de votre repas proviennent de producteurs locaux \u00e0 qui nos clients peuvent rendre visite pour s&rsquo;approvisionner. Sur l&rsquo;\u00eele, vous vous retrouvez seul au monde, en mode Robinson, pour profiter pleinement du jacuzzi, du salon, de la balancelle et du calme. Vous aurez pour seuls compagnons : des canards et les poissons du lac.<\/p>\n<p><img decoding=\"async\" class=\"aligncenter size-full wp-image-4318\" src=\"https:\/\/mag.abracadaroom.com\/fr\/wp-content\/uploads\/2018\/05\/belle-ile-en-bulle.png\" alt=\"Belle \u00eele en bulle\" width=\"600\"\/><\/p>\n<h2 style=\"text-align: justify;\"><span style=\"color: #7f204e;\">Quelles activit\u00e9s peut-on retrouver sur votre domaine ?<\/span><\/h2>\n<p style=\"text-align: justify;\">Sur le site vous trouverez une aire de jeux pour enfants, le restaurant qui organise de nombreuses soir\u00e9es et les soir\u00e9es moules frites du jeudi soir qui sont une institution dans la r\u00e9gion. Bien s\u00fbr, vous ne pouvez pas venir dans le Tarn et sur notre domaine sans rendre visite \u00e0 Albi la rouge et sa majestueuse cath\u00e9drale de brique rouge : la plus grande d\u2019Europe.<\/p>\n<h2 style=\"text-align: justify;\"><span style=\"color: #7f204e;\">Quelles sont les bons plans aux alentours de votre domaine ?<\/span><\/h2>\n<p style=\"text-align: justify;\">La visite d&rsquo;Albi et la cit\u00e9 \u00e9piscopale, le mus\u00e9e Toulouse Lautrec, Corde sur Ciel, le vignoble Gaillacois, le march\u00e9 de R\u00e9almont le mercredi matin, le petit Village de Lautrec, l&rsquo;espace zoologique \u00ab\u00a0EXOTICAMIS\u00a0\u00bb, les cascades d&rsquo;Arifat&#8230; Le <a href=\"https:\/\/www.abracadaroom.com\/fr\/week-end-insolite-tarn-81-midi-pyrenees\/\" target=\"_blank\">Tarn<\/a> est si riche que vous ne pourrez pas le d\u00e9couvrir en une seule visite.<\/p>\n<h2 style=\"text-align: justify;\"><span style=\"color: #7f204e;\">Avez-vous une exp\u00e9rience ou une anecdote au sein de votre domaine \u00e0 nous raconter ?<\/span><\/h2>\n<p style=\"text-align: justify;\">Lors de la construction de la terrasse de la bulle nous avons du n\u00e9goci\u00e9 avec \u00ab\u00a0les zadistes canards\u00a0\u00bb qui voyaient d&rsquo;un tr\u00e8s mauvais \u0153il l&rsquo;arriv\u00e9e d&rsquo;intrus sur leur \u00eele. Un compromis de cohabitation a \u00e9t\u00e9 sign\u00e9 et tous les locataires doivent respecter l&rsquo;intimit\u00e9 des canards.<\/p>\n<p><img decoding=\"async\" class=\"wp-image-4330 alignleft\" src=\"https:\/\/mag.abracadaroom.com\/fr\/wp-content\/uploads\/2018\/05\/12857-fo-normal___v_6f5c4c182d58eb03fe5c6d1dd519dd11.jpg\" alt=\"Le Grand Ch\u00eane\" width=\"280\" \/><\/p>\n<h2 style=\"text-align: justify;\"><span style=\"color: #7f204e;\">Laissez un message \u00e0 nos lecteurs : <\/span><\/h2>\n<p style=\"text-align: justify;\">Plus qu&rsquo;une nuit sous une bulle, Belle \u00cele en Bulle vous propose un vrai moment de d\u00e9compression. Seul au monde sur cette petite \u00eele, vous \u00eates en mode Robinson&#8230; Avec le confort en plus ! Alors laissez-vous embarquer !!!<\/p>\n<p><\/br><br \/>\n<\/br><\/p>\n<p style=\"text-align: center;\"><a style=\"text-shadow: none; font-family: Amatic SC; font-size: 25px; padding: 15px; background-color: #01aeb6; color: white;\" href=\"https:\/\/www.abracadaroom.com\/fr\/location-domaine-du-grand-chene-2044\/\" target=\"_blank\" rel=\"noopener noreferrer\"><b>D\u00e9couvrir le domaine du Grand Ch\u00eane !<\/b><\/a><\/p>\n","protected":false},"excerpt":{"rendered":"<p>Cette semaine, nous accueillons le propri\u00e9taire du domaine du Grand Ch\u00eane, dans le Tarn. Le domaine vous propose de passer une nuit magique dans sa bulle sous un magnifique ciel \u00e9toil\u00e9e ! On vous laisse d\u00e9couvrir son interview\u2026 Pourriez-vous vous pr\u00e9senter aux lecteurs d&rsquo;AbracadaRoom ? Bonjour, Philippe CHEMIER, je suis le propri\u00e9taire du Domaine du [&hellip;]<\/p>\n","protected":false},"author":8,"featured_media":5676,"comment_status":"open","ping_status":"open","sticky":false,"template":"","format":"standard","meta":{"om_disable_all_campaigns":false,"_uf_show_specific_survey":0,"_uf_disable_surveys":false,"footnotes":""},"categories":[10],"tags":[],"yoast_head":"<!-- This site is optimized with the Yoast SEO plugin v21.8 - https:\/\/yoast.com\/wordpress\/plugins\/seo\/ -->\n<title>Interview du propri\u00e9taire du domaine du Grand Ch\u00eane<\/title>\n<meta name=\"robots\" content=\"index, follow, max-snippet:-1, max-image-preview:large, max-video-preview:-1\" \/>\n<link rel=\"canonical\" href=\"https:\/\/mag.abracadaroom.com\/fr\/interview-grand-chene\/\" \/>\n<meta property=\"og:locale\" content=\"fr_FR\" \/>\n<meta property=\"og:type\" content=\"article\" \/>\n<meta property=\"og:title\" content=\"Interview du propri\u00e9taire du domaine du Grand Ch\u00eane\" \/>\n<meta property=\"og:description\" content=\"Cette semaine, nous accueillons le propri\u00e9taire du domaine du Grand Ch\u00eane, dans le Tarn. Le domaine vous propose de passer une nuit magique dans sa bulle sous un magnifique ciel \u00e9toil\u00e9e ! On vous laisse d\u00e9couvrir son interview\u2026 Pourriez-vous vous pr\u00e9senter aux lecteurs d&rsquo;AbracadaRoom ? Bonjour, Philippe CHEMIER, je suis le propri\u00e9taire du Domaine du [&hellip;]\" \/>\n<meta property=\"og:url\" content=\"https:\/\/mag.abracadaroom.com\/fr\/interview-grand-chene\/\" \/>\n<meta property=\"og:site_name\" content=\"Le blog du tourisme insolite\" \/>\n<meta property=\"article:publisher\" content=\"https:\/\/www.facebook.com\/abracadaroom\" \/>\n<meta property=\"article:published_time\" content=\"2018-07-17T16:00:29+00:00\" \/>\n<meta property=\"article:modified_time\" content=\"2018-09-26T13:03:42+00:00\" \/>\n<meta property=\"og:image\" content=\"https:\/\/mag.abracadaroom.com\/fr\/wp-content\/uploads\/2018\/07\/Sans-titre-300.png\" \/>\n\t<meta property=\"og:image:width\" content=\"800\" \/>\n\t<meta property=\"og:image:height\" content=\"533\" \/>\n\t<meta property=\"og:image:type\" content=\"image\/png\" \/>\n<meta name=\"author\" content=\"Oumay\" \/>\n<meta name=\"twitter:card\" content=\"summary_large_image\" \/>\n<meta name=\"twitter:creator\" content=\"@abracadaroom\" \/>\n<meta name=\"twitter:site\" content=\"@abracadaroom\" \/>\n<meta name=\"twitter:label1\" content=\"\u00c9crit par\" \/>\n\t<meta name=\"twitter:data1\" content=\"Oumay\" \/>\n\t<meta name=\"twitter:label2\" content=\"Dur\u00e9e de lecture estim\u00e9e\" \/>\n\t<meta name=\"twitter:data2\" content=\"3 minutes\" \/>\n<script type=\"application\/ld+json\" class=\"yoast-schema-graph\">{\"@context\":\"https:\/\/schema.org\",\"@graph\":[{\"@type\":\"WebPage\",\"@id\":\"https:\/\/mag.abracadaroom.com\/fr\/interview-grand-chene\/\",\"url\":\"https:\/\/mag.abracadaroom.com\/fr\/interview-grand-chene\/\",\"name\":\"Interview du propri\u00e9taire du domaine du Grand Ch\u00eane\",\"isPartOf\":{\"@id\":\"https:\/\/mag.abracadaroom.com\/fr\/#website\"},\"datePublished\":\"2018-07-17T16:00:29+00:00\",\"dateModified\":\"2018-09-26T13:03:42+00:00\",\"author\":{\"@id\":\"https:\/\/mag.abracadaroom.com\/fr\/#\/schema\/person\/c12fff50dd61fb4dbce6819851805f9d\"},\"breadcrumb\":{\"@id\":\"https:\/\/mag.abracadaroom.com\/fr\/interview-grand-chene\/#breadcrumb\"},\"inLanguage\":\"fr-FR\",\"potentialAction\":[{\"@type\":\"ReadAction\",\"target\":[\"https:\/\/mag.abracadaroom.com\/fr\/interview-grand-chene\/\"]}]},{\"@type\":\"BreadcrumbList\",\"@id\":\"https:\/\/mag.abracadaroom.com\/fr\/interview-grand-chene\/#breadcrumb\",\"itemListElement\":[{\"@type\":\"ListItem\",\"position\":1,\"name\":\"Home\",\"item\":\"https:\/\/mag.abracadaroom.com\/fr\/\"},{\"@type\":\"ListItem\",\"position\":2,\"name\":\"Interview du propri\u00e9taire du domaine du Grand Ch\u00eane\"}]},{\"@type\":\"WebSite\",\"@id\":\"https:\/\/mag.abracadaroom.com\/fr\/#website\",\"url\":\"https:\/\/mag.abracadaroom.com\/fr\/\",\"name\":\"Le blog du tourisme insolite\",\"description\":\"\",\"potentialAction\":[{\"@type\":\"SearchAction\",\"target\":{\"@type\":\"EntryPoint\",\"urlTemplate\":\"https:\/\/mag.abracadaroom.com\/fr\/?s={search_term_string}\"},\"query-input\":\"required name=search_term_string\"}],\"inLanguage\":\"fr-FR\"},{\"@type\":\"Person\",\"@id\":\"https:\/\/mag.abracadaroom.com\/fr\/#\/schema\/person\/c12fff50dd61fb4dbce6819851805f9d\",\"name\":\"Oumay\",\"image\":{\"@type\":\"ImageObject\",\"inLanguage\":\"fr-FR\",\"@id\":\"https:\/\/mag.abracadaroom.com\/fr\/#\/schema\/person\/image\/\",\"url\":\"https:\/\/secure.gravatar.com\/avatar\/14cf8522d67c8b18ca19bb5f27b1459f?s=96&d=mm&r=g\",\"contentUrl\":\"https:\/\/secure.gravatar.com\/avatar\/14cf8522d67c8b18ca19bb5f27b1459f?s=96&d=mm&r=g\",\"caption\":\"Oumay\"},\"url\":\"https:\/\/mag.abracadaroom.com\/fr\/author\/oumay\/\"}]}<\/script>\n<!-- \/ Yoast SEO plugin. -->","yoast_head_json":{"title":"Interview du propri\u00e9taire du domaine du Grand Ch\u00eane","robots":{"index":"index","follow":"follow","max-snippet":"max-snippet:-1","max-image-preview":"max-image-preview:large","max-video-preview":"max-video-preview:-1"},"canonical":"https:\/\/mag.abracadaroom.com\/fr\/interview-grand-chene\/","og_locale":"fr_FR","og_type":"article","og_title":"Interview du propri\u00e9taire du domaine du Grand Ch\u00eane","og_description":"Cette semaine, nous accueillons le propri\u00e9taire du domaine du Grand Ch\u00eane, dans le Tarn. Le domaine vous propose de passer une nuit magique dans sa bulle sous un magnifique ciel \u00e9toil\u00e9e ! On vous laisse d\u00e9couvrir son interview\u2026 Pourriez-vous vous pr\u00e9senter aux lecteurs d&rsquo;AbracadaRoom ? Bonjour, Philippe CHEMIER, je suis le propri\u00e9taire du Domaine du [&hellip;]","og_url":"https:\/\/mag.abracadaroom.com\/fr\/interview-grand-chene\/","og_site_name":"Le blog du tourisme insolite","article_publisher":"https:\/\/www.facebook.com\/abracadaroom","article_published_time":"2018-07-17T16:00:29+00:00","article_modified_time":"2018-09-26T13:03:42+00:00","og_image":[{"width":800,"height":533,"url":"https:\/\/mag.abracadaroom.com\/fr\/wp-content\/uploads\/2018\/07\/Sans-titre-300.png","type":"image\/png"}],"author":"Oumay","twitter_card":"summary_large_image","twitter_creator":"@abracadaroom","twitter_site":"@abracadaroom","twitter_misc":{"\u00c9crit par":"Oumay","Dur\u00e9e de lecture estim\u00e9e":"3 minutes"},"schema":{"@context":"https:\/\/schema.org","@graph":[{"@type":"WebPage","@id":"https:\/\/mag.abracadaroom.com\/fr\/interview-grand-chene\/","url":"https:\/\/mag.abracadaroom.com\/fr\/interview-grand-chene\/","name":"Interview du propri\u00e9taire du domaine du Grand Ch\u00eane","isPartOf":{"@id":"https:\/\/mag.abracadaroom.com\/fr\/#website"},"datePublished":"2018-07-17T16:00:29+00:00","dateModified":"2018-09-26T13:03:42+00:00","author":{"@id":"https:\/\/mag.abracadaroom.com\/fr\/#\/schema\/person\/c12fff50dd61fb4dbce6819851805f9d"},"breadcrumb":{"@id":"https:\/\/mag.abracadaroom.com\/fr\/interview-grand-chene\/#breadcrumb"},"inLanguage":"fr-FR","potentialAction":[{"@type":"ReadAction","target":["https:\/\/mag.abracadaroom.com\/fr\/interview-grand-chene\/"]}]},{"@type":"BreadcrumbList","@id":"https:\/\/mag.abracadaroom.com\/fr\/interview-grand-chene\/#breadcrumb","itemListElement":[{"@type":"ListItem","position":1,"name":"Home","item":"https:\/\/mag.abracadaroom.com\/fr\/"},{"@type":"ListItem","position":2,"name":"Interview du propri\u00e9taire du domaine du Grand Ch\u00eane"}]},{"@type":"WebSite","@id":"https:\/\/mag.abracadaroom.com\/fr\/#website","url":"https:\/\/mag.abracadaroom.com\/fr\/","name":"Le blog du tourisme insolite","description":"","potentialAction":[{"@type":"SearchAction","target":{"@type":"EntryPoint","urlTemplate":"https:\/\/mag.abracadaroom.com\/fr\/?s={search_term_string}"},"query-input":"required name=search_term_string"}],"inLanguage":"fr-FR"},{"@type":"Person","@id":"https:\/\/mag.abracadaroom.com\/fr\/#\/schema\/person\/c12fff50dd61fb4dbce6819851805f9d","name":"Oumay","image":{"@type":"ImageObject","inLanguage":"fr-FR","@id":"https:\/\/mag.abracadaroom.com\/fr\/#\/schema\/person\/image\/","url":"https:\/\/secure.gravatar.com\/avatar\/14cf8522d67c8b18ca19bb5f27b1459f?s=96&d=mm&r=g","contentUrl":"https:\/\/secure.gravatar.com\/avatar\/14cf8522d67c8b18ca19bb5f27b1459f?s=96&d=mm&r=g","caption":"Oumay"},"url":"https:\/\/mag.abracadaroom.com\/fr\/author\/oumay\/"}]}},"_links":{"self":[{"href":"https:\/\/mag.abracadaroom.com\/fr\/wp-json\/wp\/v2\/posts\/5159"}],"collection":[{"href":"https:\/\/mag.abracadaroom.com\/fr\/wp-json\/wp\/v2\/posts"}],"about":[{"href":"https:\/\/mag.abracadaroom.com\/fr\/wp-json\/wp\/v2\/types\/post"}],"author":[{"embeddable":true,"href":"https:\/\/mag.abracadaroom.com\/fr\/wp-json\/wp\/v2\/users\/8"}],"replies":[{"embeddable":true,"href":"https:\/\/mag.abracadaroom.com\/fr\/wp-json\/wp\/v2\/comments?post=5159"}],"version-history":[{"count":18,"href":"https:\/\/mag.abracadaroom.com\/fr\/wp-json\/wp\/v2\/posts\/5159\/revisions"}],"predecessor-version":[{"id":6354,"href":"https:\/\/mag.abracadaroom.com\/fr\/wp-json\/wp\/v2\/posts\/5159\/revisions\/6354"}],"wp:featuredmedia":[{"embeddable":true,"href":"https:\/\/mag.abracadaroom.com\/fr\/wp-json\/wp\/v2\/media\/5676"}],"wp:attachment":[{"href":"https:\/\/mag.abracadaroom.com\/fr\/wp-json\/wp\/v2\/media?parent=5159"}],"wp:term":[{"taxonomy":"category","embeddable":true,"href":"https:\/\/mag.abracadaroom.com\/fr\/wp-json\/wp\/v2\/categories?post=5159"},{"taxonomy":"post_tag","embeddable":true,"href":"https:\/\/mag.abracadaroom.com\/fr\/wp-json\/wp\/v2\/tags?post=5159"}],"curies":[{"name":"wp","href":"https:\/\/api.w.org\/{rel}","templated":true}]}}