{"id":6104,"date":"2018-09-06T18:00:53","date_gmt":"2018-09-06T17:00:53","guid":{"rendered":"https:\/\/mag.abracadaroom.com\/fr\/?p=6104"},"modified":"2019-07-04T12:01:58","modified_gmt":"2019-07-04T11:01:58","slug":"nuit-insolite-dans-le-gard","status":"publish","type":"post","link":"https:\/\/mag.abracadaroom.com\/fr\/nuit-insolite-dans-le-gard\/","title":{"rendered":"Programmez une nuit insolite dans le Gard !"},"content":{"rendered":"<p style=\"text-align: justify;\">Le Gard est un d\u00e9partement qui regorge de lieux et d&rsquo;exp\u00e9riences \u00e0 d\u00e9couvrir ! Le Pont du Gard, les C\u00e9vennes, la Camargue, la mer, N\u00eemes et ses ar\u00e8nes&#8230; Envie de partir \u00e0 la conqu\u00eate de ce fabuleux territoire ? D\u00e9couvrez une s\u00e9lection de nos h\u00e9bergements insolites dans le Gard et rendez votre excursion encore plus inoubliable et insolite !<\/p>\n<h2>La Tente Lotus du Camping Le Moulin du Luech<\/h2>\n<p><img decoding=\"async\" src=\"https:\/\/mag.abracadaroom.com\/fr\/wp-content\/uploads\/2018\/09\/luech.jpg\" alt=\"Camping Moulin du Luech\" class=\"alignnone size-medium wp-image-5681\" \/><\/p>\n<p style=\"text-align: justify;\">Un petit s\u00e9jour en famille dans le Gard, \u00e7a vous dit ? Et bien sachez que le Camping Le Moulin du Luech, dans la ville de Peyremale, vous propose de s\u00e9journer dans sa <a href=\"https:\/\/www.abracadaroom.com\/fr\/reservation-camping-le-moulin-du-luech-tente-et-tente-lodge-tente-lotus-35-personnes-2255\/\" rel=\"noopener\" target=\"_blank\">Ch\u00e2taigne Familiale<\/a> pouvant accueillir jusqu&rsquo;\u00e0 5 personnes ! En pleine nature, vous profiterez de l&rsquo;environnement reposant qui vous entoure et de l&rsquo;espace zen muni de hamacs sur lesquels vous pourrez vous d\u00e9tendre en toute tranquillit\u00e9. Proche du Parc des C\u00e9vennes, c&rsquo;est un h\u00e9bergement parfait pour un ressourcement en famille !<\/p>\n<h2>La Cabane Zen du domaine OXYZEN<\/h2>\n<p><img decoding=\"async\" src=\"https:\/\/mag.abracadaroom.com\/fr\/wp-content\/uploads\/2018\/09\/Capture-d\u2019e\u0301cran-2016-12-22-a\u0300-12.19.31.png\" alt=\"Domaine OXYZEN\" class=\"alignnone size-medium wp-image-5681\" \/><\/p>\n<p style=\"text-align: justify;\">\u00c0 N\u00eemes, le domaine OXYZEN propose des cabanes luxe \u00e0 th\u00e8me, au c\u0153ur de la Garrigue. <a href=\"https:\/\/www.abracadaroom.com\/fr\/reservation-oxyzen-cabane-la-cabane-zen-1652\/\" rel=\"noopener\" target=\"_blank\">La Cabane Zen<\/a> est tourn\u00e9e sur la th\u00e9matique de la z\u00e9nitude et dispose d&rsquo;une terrasse privative qui est totalement int\u00e9gr\u00e9e dans la nature ! Ainsi, vous pourrez vous reposer en toute tranquillit\u00e9, loin du bruit et de la pollution urbaine. Vous pourrez y s\u00e9journer en couple ou entre amis puisque cette cabane peut accueillir 3 personnes. <\/p>\n<h2>La Cabane du domaine Bivouac Nature<\/h2>\n<p><img decoding=\"async\" src=\"https:\/\/mag.abracadaroom.com\/fr\/wp-content\/uploads\/2018\/09\/bivouacnature.jpg\" alt=\"Bivouac Nature\" class=\"alignnone size-medium wp-image-5681\"\/><\/p>\n<p style=\"text-align: justify;\"><a href=\"https:\/\/www.abracadaroom.com\/fr\/reservation-bivouac-nature-cabane-la-cabane-6-personnes-1835\/\" rel=\"noopener\" target=\"_blank\">Une cabane en toile<\/a>&#8230; C&rsquo;est ce que vous propose le domaine Bivouac Nature pour une nuit insolite \u00e0 Saint Jean Du Gard ! Pouvant accueillir jusqu&rsquo;\u00e0 6 personnes, elle est \u00e9quip\u00e9e d&rsquo;une mezzanine et offre un tr\u00e8s grand espace lumineux gr\u00e2ce \u00e0 ses nombreuses ouvertures dans le salon, la chambre mais aussi la cuisine. \u00c0 proximit\u00e9 du domaine se trouve la Bambouseraie en C\u00e9vennes, un magnifique jardin exotique : Parfait pour une balade en famille !<\/p>\n<h2>Le Bateau du Mas d&rsquo;Acanthe<\/h2>\n<p><img decoding=\"async\" src=\"https:\/\/mag.abracadaroom.com\/fr\/wp-content\/uploads\/2018\/08\/Le-Bateau.jpg\" alt=\"Mas d'Acanthe\" class=\"alignnone size-medium wp-image-5681\" \/><\/p>\n<p style=\"text-align: justify;\">Celui-ci, vous le connaissez d\u00e9j\u00e0 ! Nous vous en avions parl\u00e9 dans notre article qui vous pr\u00e9sentait les <a href=\"https:\/\/mag.abracadaroom.com\/fr\/experience-atypique-sejournez-comme-un-marin\/\" rel=\"noopener\" target=\"_blank\">h\u00e9bergements vous permettant de s\u00e9journer comme un marin<\/a>. Parfait pour un s\u00e9jour \u00e0 deux, ce domaine, \u00e0 Montfaucon, se trouve \u00e0 proximit\u00e9 d&rsquo;Avignon, Orange mais \u00e9galement du Parc d&rsquo;Aventure Amazonia ! Si vous souhaitez vous d\u00e9tendre sur place, une piscine se trouve juste \u00e0 c\u00f4t\u00e9 du bateau.<\/p>\n<p><\/br><\/p>\n<hr>\n<p><\/br><\/p>\n<p style=\"text-align: center;\">N&rsquo;attendez plus, r\u00e9servez d\u00e8s \u00e0 pr\u00e9sent votre h\u00e9bergement insolite pour un s\u00e9jour dans le Gard !<\/p>\n<p><\/br><\/p>\n<p style=\"text-align: center;\"><a style=\"text-shadow: none; font-family: Amatic SC; font-size: 25px; padding: 15px; background-color: #01aeb6; color: white;\" href=\"https:\/\/www.abracadaroom.com\/fr\/week-end-insolite-gard-30-languedoc-roussillon\/\" target=\"_blank\" rel=\"noopener noreferrer\"><b>Je r\u00e9serve mon h\u00e9bergement insolite dans le Gard !<\/b><\/a><\/p>\n","protected":false},"excerpt":{"rendered":"<p>Le Gard est un d\u00e9partement qui regorge de lieux et d&rsquo;exp\u00e9riences \u00e0 d\u00e9couvrir ! Le Pont du Gard, les C\u00e9vennes, la Camargue, la mer, N\u00eemes et ses ar\u00e8nes&#8230; Envie de partir \u00e0 la conqu\u00eate de ce fabuleux territoire ? D\u00e9couvrez une s\u00e9lection de nos h\u00e9bergements insolites dans le Gard et rendez votre excursion encore plus [&hellip;]<\/p>\n","protected":false},"author":8,"featured_media":6109,"comment_status":"open","ping_status":"open","sticky":false,"template":"","format":"standard","meta":{"om_disable_all_campaigns":false,"_uf_show_specific_survey":0,"_uf_disable_surveys":false,"footnotes":""},"categories":[485],"tags":[],"yoast_head":"<!-- This site is optimized with the Yoast SEO plugin v21.8 - https:\/\/yoast.com\/wordpress\/plugins\/seo\/ -->\n<title>Programmez une nuit insolite dans le Gard !<\/title>\n<meta name=\"robots\" content=\"index, follow, max-snippet:-1, max-image-preview:large, max-video-preview:-1\" \/>\n<link rel=\"canonical\" href=\"https:\/\/mag.abracadaroom.com\/fr\/nuit-insolite-dans-le-gard\/\" \/>\n<meta property=\"og:locale\" content=\"fr_FR\" \/>\n<meta property=\"og:type\" content=\"article\" \/>\n<meta property=\"og:title\" content=\"Programmez une nuit insolite dans le Gard !\" \/>\n<meta property=\"og:description\" content=\"Le Gard est un d\u00e9partement qui regorge de lieux et d&rsquo;exp\u00e9riences \u00e0 d\u00e9couvrir ! Le Pont du Gard, les C\u00e9vennes, la Camargue, la mer, N\u00eemes et ses ar\u00e8nes&#8230; Envie de partir \u00e0 la conqu\u00eate de ce fabuleux territoire ? D\u00e9couvrez une s\u00e9lection de nos h\u00e9bergements insolites dans le Gard et rendez votre excursion encore plus [&hellip;]\" \/>\n<meta property=\"og:url\" content=\"https:\/\/mag.abracadaroom.com\/fr\/nuit-insolite-dans-le-gard\/\" \/>\n<meta property=\"og:site_name\" content=\"Le blog du tourisme insolite\" \/>\n<meta property=\"article:publisher\" content=\"https:\/\/www.facebook.com\/abracadaroom\" \/>\n<meta property=\"article:published_time\" content=\"2018-09-06T17:00:53+00:00\" \/>\n<meta property=\"article:modified_time\" content=\"2019-07-04T11:01:58+00:00\" \/>\n<meta property=\"og:image\" content=\"https:\/\/mag.abracadaroom.com\/fr\/wp-content\/uploads\/2018\/09\/Capture-d\u2019e\u0301cran-2016-12-22-a\u0300-12.19.31-1024x681.png\" \/>\n\t<meta property=\"og:image:width\" content=\"1024\" \/>\n\t<meta property=\"og:image:height\" content=\"681\" \/>\n\t<meta property=\"og:image:type\" content=\"image\/png\" \/>\n<meta name=\"author\" content=\"Oumay\" \/>\n<meta name=\"twitter:card\" content=\"summary_large_image\" \/>\n<meta name=\"twitter:creator\" content=\"@abracadaroom\" \/>\n<meta name=\"twitter:site\" content=\"@abracadaroom\" \/>\n<meta name=\"twitter:label1\" content=\"\u00c9crit par\" \/>\n\t<meta name=\"twitter:data1\" content=\"Oumay\" \/>\n\t<meta name=\"twitter:label2\" content=\"Dur\u00e9e de lecture estim\u00e9e\" \/>\n\t<meta name=\"twitter:data2\" content=\"2 minutes\" \/>\n<script type=\"application\/ld+json\" class=\"yoast-schema-graph\">{\"@context\":\"https:\/\/schema.org\",\"@graph\":[{\"@type\":\"WebPage\",\"@id\":\"https:\/\/mag.abracadaroom.com\/fr\/nuit-insolite-dans-le-gard\/\",\"url\":\"https:\/\/mag.abracadaroom.com\/fr\/nuit-insolite-dans-le-gard\/\",\"name\":\"Programmez une nuit insolite dans le Gard !\",\"isPartOf\":{\"@id\":\"https:\/\/mag.abracadaroom.com\/fr\/#website\"},\"datePublished\":\"2018-09-06T17:00:53+00:00\",\"dateModified\":\"2019-07-04T11:01:58+00:00\",\"author\":{\"@id\":\"https:\/\/mag.abracadaroom.com\/fr\/#\/schema\/person\/c12fff50dd61fb4dbce6819851805f9d\"},\"breadcrumb\":{\"@id\":\"https:\/\/mag.abracadaroom.com\/fr\/nuit-insolite-dans-le-gard\/#breadcrumb\"},\"inLanguage\":\"fr-FR\",\"potentialAction\":[{\"@type\":\"ReadAction\",\"target\":[\"https:\/\/mag.abracadaroom.com\/fr\/nuit-insolite-dans-le-gard\/\"]}]},{\"@type\":\"BreadcrumbList\",\"@id\":\"https:\/\/mag.abracadaroom.com\/fr\/nuit-insolite-dans-le-gard\/#breadcrumb\",\"itemListElement\":[{\"@type\":\"ListItem\",\"position\":1,\"name\":\"Home\",\"item\":\"https:\/\/mag.abracadaroom.com\/fr\/\"},{\"@type\":\"ListItem\",\"position\":2,\"name\":\"Programmez une nuit insolite dans le Gard !\"}]},{\"@type\":\"WebSite\",\"@id\":\"https:\/\/mag.abracadaroom.com\/fr\/#website\",\"url\":\"https:\/\/mag.abracadaroom.com\/fr\/\",\"name\":\"Le blog du tourisme insolite\",\"description\":\"\",\"potentialAction\":[{\"@type\":\"SearchAction\",\"target\":{\"@type\":\"EntryPoint\",\"urlTemplate\":\"https:\/\/mag.abracadaroom.com\/fr\/?s={search_term_string}\"},\"query-input\":\"required name=search_term_string\"}],\"inLanguage\":\"fr-FR\"},{\"@type\":\"Person\",\"@id\":\"https:\/\/mag.abracadaroom.com\/fr\/#\/schema\/person\/c12fff50dd61fb4dbce6819851805f9d\",\"name\":\"Oumay\",\"image\":{\"@type\":\"ImageObject\",\"inLanguage\":\"fr-FR\",\"@id\":\"https:\/\/mag.abracadaroom.com\/fr\/#\/schema\/person\/image\/\",\"url\":\"https:\/\/secure.gravatar.com\/avatar\/14cf8522d67c8b18ca19bb5f27b1459f?s=96&d=mm&r=g\",\"contentUrl\":\"https:\/\/secure.gravatar.com\/avatar\/14cf8522d67c8b18ca19bb5f27b1459f?s=96&d=mm&r=g\",\"caption\":\"Oumay\"},\"url\":\"https:\/\/mag.abracadaroom.com\/fr\/author\/oumay\/\"}]}<\/script>\n<!-- \/ Yoast SEO plugin. -->","yoast_head_json":{"title":"Programmez une nuit insolite dans le Gard !","robots":{"index":"index","follow":"follow","max-snippet":"max-snippet:-1","max-image-preview":"max-image-preview:large","max-video-preview":"max-video-preview:-1"},"canonical":"https:\/\/mag.abracadaroom.com\/fr\/nuit-insolite-dans-le-gard\/","og_locale":"fr_FR","og_type":"article","og_title":"Programmez une nuit insolite dans le Gard !","og_description":"Le Gard est un d\u00e9partement qui regorge de lieux et d&rsquo;exp\u00e9riences \u00e0 d\u00e9couvrir ! Le Pont du Gard, les C\u00e9vennes, la Camargue, la mer, N\u00eemes et ses ar\u00e8nes&#8230; Envie de partir \u00e0 la conqu\u00eate de ce fabuleux territoire ? D\u00e9couvrez une s\u00e9lection de nos h\u00e9bergements insolites dans le Gard et rendez votre excursion encore plus [&hellip;]","og_url":"https:\/\/mag.abracadaroom.com\/fr\/nuit-insolite-dans-le-gard\/","og_site_name":"Le blog du tourisme insolite","article_publisher":"https:\/\/www.facebook.com\/abracadaroom","article_published_time":"2018-09-06T17:00:53+00:00","article_modified_time":"2019-07-04T11:01:58+00:00","og_image":[{"width":1024,"height":681,"url":"https:\/\/mag.abracadaroom.com\/fr\/wp-content\/uploads\/2018\/09\/Capture-d\u2019e\u0301cran-2016-12-22-a\u0300-12.19.31-1024x681.png","type":"image\/png"}],"author":"Oumay","twitter_card":"summary_large_image","twitter_creator":"@abracadaroom","twitter_site":"@abracadaroom","twitter_misc":{"\u00c9crit par":"Oumay","Dur\u00e9e de lecture estim\u00e9e":"2 minutes"},"schema":{"@context":"https:\/\/schema.org","@graph":[{"@type":"WebPage","@id":"https:\/\/mag.abracadaroom.com\/fr\/nuit-insolite-dans-le-gard\/","url":"https:\/\/mag.abracadaroom.com\/fr\/nuit-insolite-dans-le-gard\/","name":"Programmez une nuit insolite dans le Gard !","isPartOf":{"@id":"https:\/\/mag.abracadaroom.com\/fr\/#website"},"datePublished":"2018-09-06T17:00:53+00:00","dateModified":"2019-07-04T11:01:58+00:00","author":{"@id":"https:\/\/mag.abracadaroom.com\/fr\/#\/schema\/person\/c12fff50dd61fb4dbce6819851805f9d"},"breadcrumb":{"@id":"https:\/\/mag.abracadaroom.com\/fr\/nuit-insolite-dans-le-gard\/#breadcrumb"},"inLanguage":"fr-FR","potentialAction":[{"@type":"ReadAction","target":["https:\/\/mag.abracadaroom.com\/fr\/nuit-insolite-dans-le-gard\/"]}]},{"@type":"BreadcrumbList","@id":"https:\/\/mag.abracadaroom.com\/fr\/nuit-insolite-dans-le-gard\/#breadcrumb","itemListElement":[{"@type":"ListItem","position":1,"name":"Home","item":"https:\/\/mag.abracadaroom.com\/fr\/"},{"@type":"ListItem","position":2,"name":"Programmez une nuit insolite dans le Gard !"}]},{"@type":"WebSite","@id":"https:\/\/mag.abracadaroom.com\/fr\/#website","url":"https:\/\/mag.abracadaroom.com\/fr\/","name":"Le blog du tourisme insolite","description":"","potentialAction":[{"@type":"SearchAction","target":{"@type":"EntryPoint","urlTemplate":"https:\/\/mag.abracadaroom.com\/fr\/?s={search_term_string}"},"query-input":"required name=search_term_string"}],"inLanguage":"fr-FR"},{"@type":"Person","@id":"https:\/\/mag.abracadaroom.com\/fr\/#\/schema\/person\/c12fff50dd61fb4dbce6819851805f9d","name":"Oumay","image":{"@type":"ImageObject","inLanguage":"fr-FR","@id":"https:\/\/mag.abracadaroom.com\/fr\/#\/schema\/person\/image\/","url":"https:\/\/secure.gravatar.com\/avatar\/14cf8522d67c8b18ca19bb5f27b1459f?s=96&d=mm&r=g","contentUrl":"https:\/\/secure.gravatar.com\/avatar\/14cf8522d67c8b18ca19bb5f27b1459f?s=96&d=mm&r=g","caption":"Oumay"},"url":"https:\/\/mag.abracadaroom.com\/fr\/author\/oumay\/"}]}},"_links":{"self":[{"href":"https:\/\/mag.abracadaroom.com\/fr\/wp-json\/wp\/v2\/posts\/6104"}],"collection":[{"href":"https:\/\/mag.abracadaroom.com\/fr\/wp-json\/wp\/v2\/posts"}],"about":[{"href":"https:\/\/mag.abracadaroom.com\/fr\/wp-json\/wp\/v2\/types\/post"}],"author":[{"embeddable":true,"href":"https:\/\/mag.abracadaroom.com\/fr\/wp-json\/wp\/v2\/users\/8"}],"replies":[{"embeddable":true,"href":"https:\/\/mag.abracadaroom.com\/fr\/wp-json\/wp\/v2\/comments?post=6104"}],"version-history":[{"count":36,"href":"https:\/\/mag.abracadaroom.com\/fr\/wp-json\/wp\/v2\/posts\/6104\/revisions"}],"predecessor-version":[{"id":6335,"href":"https:\/\/mag.abracadaroom.com\/fr\/wp-json\/wp\/v2\/posts\/6104\/revisions\/6335"}],"wp:featuredmedia":[{"embeddable":true,"href":"https:\/\/mag.abracadaroom.com\/fr\/wp-json\/wp\/v2\/media\/6109"}],"wp:attachment":[{"href":"https:\/\/mag.abracadaroom.com\/fr\/wp-json\/wp\/v2\/media?parent=6104"}],"wp:term":[{"taxonomy":"category","embeddable":true,"href":"https:\/\/mag.abracadaroom.com\/fr\/wp-json\/wp\/v2\/categories?post=6104"},{"taxonomy":"post_tag","embeddable":true,"href":"https:\/\/mag.abracadaroom.com\/fr\/wp-json\/wp\/v2\/tags?post=6104"}],"curies":[{"name":"wp","href":"https:\/\/api.w.org\/{rel}","templated":true}]}}