{"id":6197,"date":"2018-09-11T17:00:19","date_gmt":"2018-09-11T16:00:19","guid":{"rendered":"https:\/\/mag.abracadaroom.com\/fr\/?p=6197"},"modified":"2020-01-31T11:18:06","modified_gmt":"2020-01-31T10:18:06","slug":"interview-du-proprietaire-des-insolites-deljie","status":"publish","type":"post","link":"https:\/\/mag.abracadaroom.com\/fr\/interview-du-proprietaire-des-insolites-deljie\/","title":{"rendered":"Interview du propri\u00e9taire des Insolites d&rsquo;Eljie"},"content":{"rendered":"<p style=\"text-align: justify;\"><img decoding=\"async\" class=\"wp-image-4330 alignright\" src=\"https:\/\/mag.abracadaroom.com\/fr\/wp-content\/uploads\/2018\/09\/IMG_20180620_120923.jpg\" alt=\"Propri\u00e9taires des Insolites d'Eljie\" width=\"200\" \/>Cette semaine, nous accueillons les propri\u00e9taires des Insolites d&rsquo;Eljie. Le domaine vous propose de s\u00e9journer dans une cabane et une <a href=\"https:\/\/www.abracadaroom.com\/fr\/nuit-insolite-tente-lodge-haute-garonne\/\" target=\"_blank\" rel=\"noopener\">tente en Haute-Garonne<\/a> ! On vous laisse d\u00e9couvrir l&rsquo;interview\u2026<\/p>\n<h2 style=\"text-align: justify;\"><span style=\"color: #7f204e;\">Pourriez-vous vous pr\u00e9senter aux lecteurs d&rsquo;AbracadaRoom ?<\/span><\/h2>\n<p style=\"text-align: justify;\">Jessica, 32 ans et Lucile, 29 ans install\u00e9es sur le Col des Ares depuis l&rsquo;ann\u00e9e 2013.<\/p>\n<p style=\"text-align: justify;\">Depuis quelques ann\u00e9es, nous r\u00eavions de cr\u00e9er un lieu o\u00f9 nous pourrions exercer de multiples activit\u00e9s. \u00c0 la fin de l&rsquo;ann\u00e9e 2012, notre r\u00eave s&rsquo;est r\u00e9alis\u00e9 : nous avions trouv\u00e9 l&rsquo;endroit id\u00e9al ! Il y avait au d\u00e9but, beaucoup de ronces, de bois et de lianes mais tant de potentiel et de beaut\u00e9&#8230;<\/p>\n<p style=\"text-align: justify;\">Nous avons construit nos h\u00e9bergements en harmonie avec la nature et avons voulu garder un esprit rustique pour que vous puissiez vivre une exp\u00e9rience d\u00e9paysante. Vous aurez sans doute l&rsquo;occasion de croiser nos deux chevaux de M\u00e9rens. Vous pourrez profiter de la vue sur les montagnes, du jardin, de la for\u00eat, des balades environnantes, des \u00e9cureuils sautant d&rsquo;arbre en arbre&#8230;<\/p>\n<p style=\"text-align: justify;\">C&rsquo;est un endroit calme, simple o\u00f9 l&rsquo;on peut venir d\u00e9couvrir ou red\u00e9couvrir la nature le temps d&rsquo;une nuit ou durant quelques jours.<\/p>\n<p style=\"text-align: justify;\">Nous sommes \u00e9galement productrices de confitures. Nous produisons nos produits de fa\u00e7on \u00e9cologique et durable et pratiquons la m\u00e9thode du paillage afin de r\u00e9duire notre impact sur les ressources en eau mais aussi pour nourrir notre sol. Nous ajoutons chaque ann\u00e9e le plus d&rsquo;esp\u00e8ces possibles de fleurs et d&rsquo;arbustes afin de cr\u00e9er une riche biodiversit\u00e9.<br \/>\nNotre but est d&rsquo;atteindre un syst\u00e8me permaculturel afin de garantir une autonomie du lieu.<br \/>\nVous aurez l&rsquo;occasion de d\u00e9guster nos confitures lors de votre petit-d\u00e9jeuner.<\/p>\n<h2 style=\"text-align: justify;\"><span style=\"color: #7f204e;\">Pouvez-vous d\u00e9crire votre domaine en quelques mots ?<\/span><\/h2>\n<p style=\"text-align: justify;\">Au sein de la montagne pyr\u00e9n\u00e9enne, avec une vue splendide sur le pic du Cagire, <a href=\"https:\/\/www.abracadaroom.com\/fr\/reservation-les-insolites-deljie-cabane-sur-pilotis-la-cabane-2287\/\" target=\"_blank\" rel=\"noopener\">une Cabane en bois<\/a> et une <a href=\"https:\/\/www.abracadaroom.com\/fr\/reservation-les-insolites-deljie-tente-et-tente-lodge-la-tente-inuit-2288\/\" target=\"_blank\" rel=\"noopener\">Tente Inuit<\/a> et leurs terrasses vous attendent aux pieds des arbres.<\/p>\n<p><img decoding=\"async\" class=\"aligncenter size-full wp-image-4318\" src=\"https:\/\/mag.abracadaroom.com\/fr\/wp-content\/uploads\/2018\/09\/interview.jpg\" alt=\"Les Insolites d'Eljie\" width=\"600\" \/><\/p>\n<h2 style=\"text-align: justify;\"><span style=\"color: #7f204e;\">Quels sont vos points forts, vos atouts (en terme d\u2019humain, activit\u00e9s, repas, \u00e9cologie, produits propos\u00e9s, nature, d\u00e9paysement, aventure, etc.) ?<\/span><\/h2>\n<p style=\"text-align: justify;\">Accueil simple et sympathique. Prix attractif. Compagnie des chevaux. Nature, d\u00e9paysement, <a href=\"https:\/\/www.abracadaroom.com\/fr\/sejour-nature-ecotourisme\/\" rel=\"noopener\" target=\"_blank\">lieu \u00e9co-responsable<\/a> (douche solaire avec shampoing douche bio, toilettes s\u00e8ches) produits du terroir (charcuterie et fromages locaux, confitures maison cuites au chaudron, pain aux figues, laitages fermiers), d\u00e9tente. Riche biodiversit\u00e9 (oiseaux, papillons, \u00e9cureuils&#8230;) \u00c0 proximit\u00e9 : randonn\u00e9es, balades, sports et parcs d&rsquo;aventure et de d\u00e9couverte, village atypique (St Bertrand de Comminges), ville thermale.<\/p>\n<h2 style=\"text-align: justify;\"><span style=\"color: #7f204e;\">Quelles activit\u00e9s peut-on retrouver sur votre domaine ?<\/span><\/h2>\n<p style=\"text-align: justify;\">D\u00e9tente, promenade en pleine nature, observation de la biodiversit\u00e9 et du ciel \u00e9toil\u00e9, compagnie des chevaux&#8230;<\/p>\n<h2 style=\"text-align: justify;\"><span style=\"color: #7f204e;\">Quelles sont les bons plans aux alentours de votre domaine ?<\/span><\/h2>\n<p style=\"text-align: justify;\">Il y a plusieurs sites \u00e0 visiter dans les alentours tels que St Bertrand de Comminges, St Just de Valcabr\u00e8re, Bagn\u00e8res de Luchon, La coll\u00e9giale de St-Gaudens, La villa gallo-romaine de Montmaurin, Les grottes pr\u00e9historiques de Gargas et Nestploria !<\/p>\n<p>Enfin, des tas d&rsquo;activit\u00e9s s&rsquo;offrent \u00e0 vous telles qu&rsquo;une randonn\u00e9e sur les traces de l&rsquo;ours de Pyr\u00e9n\u00e9es \u00e0 Arbas, une Cani-rando avec chiens de traineau hors neige au Col de Peyresourdes, les Bains du monde, Thermes de Luchon, le Parc d&rsquo;aventures, etc.<\/p>\n<h2 style=\"text-align: justify;\"><span style=\"color: #7f204e;\">Avez-vous une exp\u00e9rience ou une anecdote au sein de votre domaine \u00e0 nous raconter ?<\/span><\/h2>\n<p style=\"text-align: justify;\">Nos chevaux aiment bien se faire remarquer : quelquefois, au petit matin, ils aiment surprendre les dormeurs en broutant au pied des h\u00e9bergements. Nous nous souvenons particuli\u00e8rement de deux soeurs qui, le matin au petit-d\u00e9jeuner, nous racontent, hilares, que l&rsquo;une d&rsquo;elles s&rsquo;est r\u00e9veill\u00e9e en entendant un dr\u00f4le de bruit et qui s&rsquo;est alors demand\u00e9e \u00ab\u00a0C&rsquo;est ma soeur qui fait ce bruit ?\u00a0\u00bb. Elles \u00e9taient ensuite ravies d&rsquo;aller cajoler nos chevaux, qui n&rsquo;attendaient que \u00e7a.<\/p>\n<p><img decoding=\"async\" class=\"wp-image-4330 alignleft\" src=\"https:\/\/mag.abracadaroom.com\/fr\/wp-content\/uploads\/2018\/09\/les-insolites-deljie-17061-fo-normal___v_84a7fd84d749b23daa6be7154b819932.jpg\" alt=\"Les Insolites d'Eljie\" width=\"280\" \/><\/p>\n<h2 style=\"text-align: justify;\"><span style=\"color: #7f204e;\">Laissez un message \u00e0 nos lecteurs : <\/span><\/h2>\n<p style=\"text-align: justify;\">Laissez-vous tenter par une exp\u00e9rience d\u00e9paysante et originale en pleine nature avec une vue splendide sur le pic du Cagire&#8230; et le nez sous les \u00e9toiles.<\/p>\n<p>&nbsp;<\/p>\n<p style=\"text-align: center;\"><a style=\"text-shadow: none; font-family: Amatic SC; font-size: 25px; padding: 15px; background-color: #01aeb6; color: white;\" href=\"https:\/\/www.abracadaroom.com\/fr\/location-les-insolites-deljie-2104\/\" target=\"_blank\" rel=\"noopener noreferrer\"><b>D\u00e9couvrir Les Insolites d&rsquo;Eljie !<\/b><\/a><\/p>\n","protected":false},"excerpt":{"rendered":"<p>Cette semaine, nous accueillons les propri\u00e9taires des Insolites d&rsquo;Eljie. Le domaine vous propose de s\u00e9journer dans une cabane et une tente en Haute-Garonne ! On vous laisse d\u00e9couvrir l&rsquo;interview\u2026 Pourriez-vous vous pr\u00e9senter aux lecteurs d&rsquo;AbracadaRoom ? Jessica, 32 ans et Lucile, 29 ans install\u00e9es sur le Col des Ares depuis l&rsquo;ann\u00e9e 2013. Depuis quelques ann\u00e9es, [&hellip;]<\/p>\n","protected":false},"author":8,"featured_media":6207,"comment_status":"open","ping_status":"open","sticky":false,"template":"","format":"standard","meta":{"om_disable_all_campaigns":false,"_uf_show_specific_survey":0,"_uf_disable_surveys":false,"footnotes":""},"categories":[10],"tags":[],"yoast_head":"<!-- This site is optimized with the Yoast SEO plugin v21.8 - https:\/\/yoast.com\/wordpress\/plugins\/seo\/ -->\n<title>Interview du propri\u00e9taire des Insolites d&#039;Eljie<\/title>\n<meta name=\"robots\" content=\"index, follow, max-snippet:-1, max-image-preview:large, max-video-preview:-1\" \/>\n<link rel=\"canonical\" href=\"https:\/\/mag.abracadaroom.com\/fr\/interview-du-proprietaire-des-insolites-deljie\/\" \/>\n<meta property=\"og:locale\" content=\"fr_FR\" \/>\n<meta property=\"og:type\" content=\"article\" \/>\n<meta property=\"og:title\" content=\"Interview du propri\u00e9taire des Insolites d&#039;Eljie\" \/>\n<meta property=\"og:description\" content=\"Cette semaine, nous accueillons les propri\u00e9taires des Insolites d&rsquo;Eljie. Le domaine vous propose de s\u00e9journer dans une cabane et une tente en Haute-Garonne ! On vous laisse d\u00e9couvrir l&rsquo;interview\u2026 Pourriez-vous vous pr\u00e9senter aux lecteurs d&rsquo;AbracadaRoom ? Jessica, 32 ans et Lucile, 29 ans install\u00e9es sur le Col des Ares depuis l&rsquo;ann\u00e9e 2013. Depuis quelques ann\u00e9es, [&hellip;]\" \/>\n<meta property=\"og:url\" content=\"https:\/\/mag.abracadaroom.com\/fr\/interview-du-proprietaire-des-insolites-deljie\/\" \/>\n<meta property=\"og:site_name\" content=\"Le blog du tourisme insolite\" \/>\n<meta property=\"article:publisher\" content=\"https:\/\/www.facebook.com\/abracadaroom\" \/>\n<meta property=\"article:published_time\" content=\"2018-09-11T16:00:19+00:00\" \/>\n<meta property=\"article:modified_time\" content=\"2020-01-31T10:18:06+00:00\" \/>\n<meta property=\"og:image\" content=\"https:\/\/mag.abracadaroom.com\/fr\/wp-content\/uploads\/2018\/09\/les-insolites-deljie-17061-fo-normal___v_84a7fd84d749b23daa6be7154b819932.jpg\" \/>\n\t<meta property=\"og:image:width\" content=\"900\" \/>\n\t<meta property=\"og:image:height\" content=\"506\" \/>\n\t<meta property=\"og:image:type\" content=\"image\/jpeg\" \/>\n<meta name=\"author\" content=\"Oumay\" \/>\n<meta name=\"twitter:card\" content=\"summary_large_image\" \/>\n<meta name=\"twitter:creator\" content=\"@abracadaroom\" \/>\n<meta name=\"twitter:site\" content=\"@abracadaroom\" \/>\n<meta name=\"twitter:label1\" content=\"\u00c9crit par\" \/>\n\t<meta name=\"twitter:data1\" content=\"Oumay\" \/>\n\t<meta name=\"twitter:label2\" content=\"Dur\u00e9e de lecture estim\u00e9e\" \/>\n\t<meta name=\"twitter:data2\" content=\"3 minutes\" \/>\n<script type=\"application\/ld+json\" class=\"yoast-schema-graph\">{\"@context\":\"https:\/\/schema.org\",\"@graph\":[{\"@type\":\"WebPage\",\"@id\":\"https:\/\/mag.abracadaroom.com\/fr\/interview-du-proprietaire-des-insolites-deljie\/\",\"url\":\"https:\/\/mag.abracadaroom.com\/fr\/interview-du-proprietaire-des-insolites-deljie\/\",\"name\":\"Interview du propri\u00e9taire des Insolites d'Eljie\",\"isPartOf\":{\"@id\":\"https:\/\/mag.abracadaroom.com\/fr\/#website\"},\"datePublished\":\"2018-09-11T16:00:19+00:00\",\"dateModified\":\"2020-01-31T10:18:06+00:00\",\"author\":{\"@id\":\"https:\/\/mag.abracadaroom.com\/fr\/#\/schema\/person\/c12fff50dd61fb4dbce6819851805f9d\"},\"breadcrumb\":{\"@id\":\"https:\/\/mag.abracadaroom.com\/fr\/interview-du-proprietaire-des-insolites-deljie\/#breadcrumb\"},\"inLanguage\":\"fr-FR\",\"potentialAction\":[{\"@type\":\"ReadAction\",\"target\":[\"https:\/\/mag.abracadaroom.com\/fr\/interview-du-proprietaire-des-insolites-deljie\/\"]}]},{\"@type\":\"BreadcrumbList\",\"@id\":\"https:\/\/mag.abracadaroom.com\/fr\/interview-du-proprietaire-des-insolites-deljie\/#breadcrumb\",\"itemListElement\":[{\"@type\":\"ListItem\",\"position\":1,\"name\":\"Home\",\"item\":\"https:\/\/mag.abracadaroom.com\/fr\/\"},{\"@type\":\"ListItem\",\"position\":2,\"name\":\"Interview du propri\u00e9taire des Insolites d&rsquo;Eljie\"}]},{\"@type\":\"WebSite\",\"@id\":\"https:\/\/mag.abracadaroom.com\/fr\/#website\",\"url\":\"https:\/\/mag.abracadaroom.com\/fr\/\",\"name\":\"Le blog du tourisme insolite\",\"description\":\"\",\"potentialAction\":[{\"@type\":\"SearchAction\",\"target\":{\"@type\":\"EntryPoint\",\"urlTemplate\":\"https:\/\/mag.abracadaroom.com\/fr\/?s={search_term_string}\"},\"query-input\":\"required name=search_term_string\"}],\"inLanguage\":\"fr-FR\"},{\"@type\":\"Person\",\"@id\":\"https:\/\/mag.abracadaroom.com\/fr\/#\/schema\/person\/c12fff50dd61fb4dbce6819851805f9d\",\"name\":\"Oumay\",\"image\":{\"@type\":\"ImageObject\",\"inLanguage\":\"fr-FR\",\"@id\":\"https:\/\/mag.abracadaroom.com\/fr\/#\/schema\/person\/image\/\",\"url\":\"https:\/\/secure.gravatar.com\/avatar\/14cf8522d67c8b18ca19bb5f27b1459f?s=96&d=mm&r=g\",\"contentUrl\":\"https:\/\/secure.gravatar.com\/avatar\/14cf8522d67c8b18ca19bb5f27b1459f?s=96&d=mm&r=g\",\"caption\":\"Oumay\"},\"url\":\"https:\/\/mag.abracadaroom.com\/fr\/author\/oumay\/\"}]}<\/script>\n<!-- \/ Yoast SEO plugin. -->","yoast_head_json":{"title":"Interview du propri\u00e9taire des Insolites d'Eljie","robots":{"index":"index","follow":"follow","max-snippet":"max-snippet:-1","max-image-preview":"max-image-preview:large","max-video-preview":"max-video-preview:-1"},"canonical":"https:\/\/mag.abracadaroom.com\/fr\/interview-du-proprietaire-des-insolites-deljie\/","og_locale":"fr_FR","og_type":"article","og_title":"Interview du propri\u00e9taire des Insolites d'Eljie","og_description":"Cette semaine, nous accueillons les propri\u00e9taires des Insolites d&rsquo;Eljie. Le domaine vous propose de s\u00e9journer dans une cabane et une tente en Haute-Garonne ! On vous laisse d\u00e9couvrir l&rsquo;interview\u2026 Pourriez-vous vous pr\u00e9senter aux lecteurs d&rsquo;AbracadaRoom ? Jessica, 32 ans et Lucile, 29 ans install\u00e9es sur le Col des Ares depuis l&rsquo;ann\u00e9e 2013. Depuis quelques ann\u00e9es, [&hellip;]","og_url":"https:\/\/mag.abracadaroom.com\/fr\/interview-du-proprietaire-des-insolites-deljie\/","og_site_name":"Le blog du tourisme insolite","article_publisher":"https:\/\/www.facebook.com\/abracadaroom","article_published_time":"2018-09-11T16:00:19+00:00","article_modified_time":"2020-01-31T10:18:06+00:00","og_image":[{"width":900,"height":506,"url":"https:\/\/mag.abracadaroom.com\/fr\/wp-content\/uploads\/2018\/09\/les-insolites-deljie-17061-fo-normal___v_84a7fd84d749b23daa6be7154b819932.jpg","type":"image\/jpeg"}],"author":"Oumay","twitter_card":"summary_large_image","twitter_creator":"@abracadaroom","twitter_site":"@abracadaroom","twitter_misc":{"\u00c9crit par":"Oumay","Dur\u00e9e de lecture estim\u00e9e":"3 minutes"},"schema":{"@context":"https:\/\/schema.org","@graph":[{"@type":"WebPage","@id":"https:\/\/mag.abracadaroom.com\/fr\/interview-du-proprietaire-des-insolites-deljie\/","url":"https:\/\/mag.abracadaroom.com\/fr\/interview-du-proprietaire-des-insolites-deljie\/","name":"Interview du propri\u00e9taire des Insolites d'Eljie","isPartOf":{"@id":"https:\/\/mag.abracadaroom.com\/fr\/#website"},"datePublished":"2018-09-11T16:00:19+00:00","dateModified":"2020-01-31T10:18:06+00:00","author":{"@id":"https:\/\/mag.abracadaroom.com\/fr\/#\/schema\/person\/c12fff50dd61fb4dbce6819851805f9d"},"breadcrumb":{"@id":"https:\/\/mag.abracadaroom.com\/fr\/interview-du-proprietaire-des-insolites-deljie\/#breadcrumb"},"inLanguage":"fr-FR","potentialAction":[{"@type":"ReadAction","target":["https:\/\/mag.abracadaroom.com\/fr\/interview-du-proprietaire-des-insolites-deljie\/"]}]},{"@type":"BreadcrumbList","@id":"https:\/\/mag.abracadaroom.com\/fr\/interview-du-proprietaire-des-insolites-deljie\/#breadcrumb","itemListElement":[{"@type":"ListItem","position":1,"name":"Home","item":"https:\/\/mag.abracadaroom.com\/fr\/"},{"@type":"ListItem","position":2,"name":"Interview du propri\u00e9taire des Insolites d&rsquo;Eljie"}]},{"@type":"WebSite","@id":"https:\/\/mag.abracadaroom.com\/fr\/#website","url":"https:\/\/mag.abracadaroom.com\/fr\/","name":"Le blog du tourisme insolite","description":"","potentialAction":[{"@type":"SearchAction","target":{"@type":"EntryPoint","urlTemplate":"https:\/\/mag.abracadaroom.com\/fr\/?s={search_term_string}"},"query-input":"required name=search_term_string"}],"inLanguage":"fr-FR"},{"@type":"Person","@id":"https:\/\/mag.abracadaroom.com\/fr\/#\/schema\/person\/c12fff50dd61fb4dbce6819851805f9d","name":"Oumay","image":{"@type":"ImageObject","inLanguage":"fr-FR","@id":"https:\/\/mag.abracadaroom.com\/fr\/#\/schema\/person\/image\/","url":"https:\/\/secure.gravatar.com\/avatar\/14cf8522d67c8b18ca19bb5f27b1459f?s=96&d=mm&r=g","contentUrl":"https:\/\/secure.gravatar.com\/avatar\/14cf8522d67c8b18ca19bb5f27b1459f?s=96&d=mm&r=g","caption":"Oumay"},"url":"https:\/\/mag.abracadaroom.com\/fr\/author\/oumay\/"}]}},"_links":{"self":[{"href":"https:\/\/mag.abracadaroom.com\/fr\/wp-json\/wp\/v2\/posts\/6197"}],"collection":[{"href":"https:\/\/mag.abracadaroom.com\/fr\/wp-json\/wp\/v2\/posts"}],"about":[{"href":"https:\/\/mag.abracadaroom.com\/fr\/wp-json\/wp\/v2\/types\/post"}],"author":[{"embeddable":true,"href":"https:\/\/mag.abracadaroom.com\/fr\/wp-json\/wp\/v2\/users\/8"}],"replies":[{"embeddable":true,"href":"https:\/\/mag.abracadaroom.com\/fr\/wp-json\/wp\/v2\/comments?post=6197"}],"version-history":[{"count":10,"href":"https:\/\/mag.abracadaroom.com\/fr\/wp-json\/wp\/v2\/posts\/6197\/revisions"}],"predecessor-version":[{"id":8709,"href":"https:\/\/mag.abracadaroom.com\/fr\/wp-json\/wp\/v2\/posts\/6197\/revisions\/8709"}],"wp:featuredmedia":[{"embeddable":true,"href":"https:\/\/mag.abracadaroom.com\/fr\/wp-json\/wp\/v2\/media\/6207"}],"wp:attachment":[{"href":"https:\/\/mag.abracadaroom.com\/fr\/wp-json\/wp\/v2\/media?parent=6197"}],"wp:term":[{"taxonomy":"category","embeddable":true,"href":"https:\/\/mag.abracadaroom.com\/fr\/wp-json\/wp\/v2\/categories?post=6197"},{"taxonomy":"post_tag","embeddable":true,"href":"https:\/\/mag.abracadaroom.com\/fr\/wp-json\/wp\/v2\/tags?post=6197"}],"curies":[{"name":"wp","href":"https:\/\/api.w.org\/{rel}","templated":true}]}}