{"id":7078,"date":"2019-02-19T17:00:26","date_gmt":"2019-02-19T16:00:26","guid":{"rendered":"https:\/\/mag.abracadaroom.com\/fr\/?p=7078"},"modified":"2019-02-19T09:43:49","modified_gmt":"2019-02-19T08:43:49","slug":"interview-des-proprietaires-du-domaine-yourte-de-montagne-de-ratery","status":"publish","type":"post","link":"https:\/\/mag.abracadaroom.com\/fr\/interview-des-proprietaires-du-domaine-yourte-de-montagne-de-ratery\/","title":{"rendered":"Interview des propri\u00e9taires du domaine Yourte de Montagne de Ratery"},"content":{"rendered":"<p style=\"text-align: justify;\"><img decoding=\"async\" class=\"wp-image-4330 alignright\" src=\"https:\/\/mag.abracadaroom.com\/fr\/wp-content\/uploads\/2019\/02\/IMG_6969.jpg\" alt=\"Propri\u00e9taires Yourte de Ratery\" width=\"250\" \/>Cette semaine, nous accueillons les propri\u00e9taires du domaine Yourte de Montagne de Ratery. Ils vous proposent de <a href=\"https:\/\/www.abracadaroom.com\/fr\/nuit-insolite-yourte-alpes-de-haute-provence\/\" rel=\"noopener\" target=\"_blank\">dormir dans une Yourte dans les Alpes-de-Haute-Provence<\/a> ! On vous laisse d\u00e9couvrir l&rsquo;interview\u2026<\/p>\n<h2 style=\"text-align: justify;\"><span style=\"color: #7f204e;\">Pourriez-vous vous pr\u00e9senter aux lecteurs d&rsquo;AbracadaRoom ?<\/span><\/h2>\n<p style=\"text-align: justify;\">Nous nous sommes rencontr\u00e9s en Laponie. Tous deux passionn\u00e9s de nature, de grands espaces et d&rsquo;aventure, nous aimons partager ces passions avec les gens que nous recevons.<br \/>\n<strong>Fabien<\/strong> : je suis accompagnateur en montagne et je vous guiderai en nocturne sous les \u00e9toiles et les m\u00e9l\u00e8zes.<br \/>\n<strong>Morgane<\/strong> : cuisini\u00e8re voyageuse, je vous concocterai de bons p&rsquo;tits plats, \u00e0 base de produits locaux, direct producteurs et le plus possible bio.<\/p>\n<h2 style=\"text-align: justify;\"><span style=\"color: #7f204e;\">Pouvez-vous d\u00e9crire votre domaine en quelques mots ?<\/span><\/h2>\n<p style=\"text-align: justify;\">Venir \u00e0 Ratery, c&rsquo;est renouer avec la nature \u00e0 l&rsquo;\u00e9tat brut : <a href=\"https:\/\/www.abracadaroom.com\/fr\/sejour-montagne\/\" rel=\"noopener\" target=\"_blank\">vue sur les montagnes<\/a> \u00e0 360 degr\u00e9s, ciel \u00e9toil\u00e9 avec peu de pollution lumineuse, levers et couchers de soleil \u00e0 couper le souffle&#8230;.<\/p>\n<h2 style=\"text-align: justify;\"><span style=\"color: #7f204e;\">Quels sont vos points forts, vos atouts (en terme d\u2019humain, activit\u00e9s, repas, \u00e9cologie, produits propos\u00e9s, nature, d\u00e9paysement, aventure, etc.) ?<\/span><\/h2>\n<p style=\"text-align: justify;\">Nous vous proposons une cuisine enti\u00e8rement maison, avec des bons produits que nous avons pris le soin de s\u00e9lectionner aupr\u00e8s de nos producteurs locaux. Pour les produits plus lointain, nous favorisons le commerce \u00e9quitable.<br \/>\nNous offrons des activit\u00e9s douces dans la nature (raquettes en nocturnes, soir\u00e9es trappeurs sur les traces d&rsquo;animaux, ski de fond en nocturne&#8230;)<br \/>\nDes soir\u00e9es sympas au coin du feu de bois dans le chalet, \u00e0 jouer \u00e0 des jeux de soci\u00e9t\u00e9s avec nous.<\/p>\n<p><img decoding=\"async\" class=\"aligncenter size-full wp-image-4318\" src=\"https:\/\/mag.abracadaroom.com\/fr\/wp-content\/uploads\/2019\/02\/ratery.jpg\" alt=\"Yourte de Montagne de Ratery\" width=\"900\"\/><\/p>\n<h2 style=\"text-align: justify;\"><span style=\"color: #7f204e;\">Quelles activit\u00e9s peut-on retrouver sur votre domaine ?<\/span><\/h2>\n<p style=\"text-align: justify;\">Du ski de fond, un sentier raquettes balis\u00e9 et dam\u00e9, une piste de luge, la location du mat\u00e9riel sur place.<\/p>\n<h2 style=\"text-align: justify;\"><span style=\"color: #7f204e;\">Quels sont les bons plans aux alentours de votre domaine ?<\/span><\/h2>\n<p style=\"text-align: justify;\">&#8211; Deux stations de ski de pistes \u00e0 25 min et 40 min du domaine,<br \/>\n&#8211; Le village de Colmars les Alpes (village fortifi\u00e9 tr\u00e8s charmant),<br \/>\n&#8211; Des sentiers raquettes balis\u00e9s au d\u00e9part d&rsquo;Allos (20 min),<br \/>\n&#8211; Une maison de pays avec des bons produits directs producteurs \u00e0 Beauvezer (25min).<\/p>\n<h2 style=\"text-align: justify;\"><span style=\"color: #7f204e;\">Avez-vous une exp\u00e9rience ou une anecdote au sein de votre domaine \u00e0 nous raconter ?<\/span><\/h2>\n<p style=\"text-align: justify;\">Lors de la derni\u00e8re randonn\u00e9e raquettes en nocturne, nous avons \u00e9t\u00e9 \u00e9clair\u00e9s par la pleine lune tout au long de la ballade, et berc\u00e9s par les chants des loups qui se r\u00e9pondaient. Cela f\u00fbt un moment magique !<\/p>\n<h2 style=\"text-align: justify;\"><span style=\"color: #7f204e;\">Laissez un message \u00e0 nos lecteurs : <\/span><\/h2>\n<p><img decoding=\"async\" class=\"wp-image-4330 alignright\" src=\"https:\/\/mag.abracadaroom.com\/fr\/wp-content\/uploads\/2019\/02\/ratery2.jpg\" alt=\"Yourte de Montagne de Ratery\" width=\"300\" \/><\/p>\n<p style=\"text-align: justify;\">N&rsquo;h\u00e9sitez pas \u00e0 venir nous rencontrer, et \u00e0 exp\u00e9rimenter une nuit dans une yourte \u00e0 1700m d&rsquo;altitude !<\/p>\n<p><\/br><\/br><\/p>\n<p style=\"text-align: center;\"><a style=\"text-shadow: none; font-family: Amatic SC; font-size: 22px; padding: 15px; background-color: #01aeb6; color: white;\" href=\"https:\/\/www.abracadaroom.com\/fr\/reservation-yourte-de-montagne-de-ratery-yourte-yourte-de-montagne-de-ratery-2438\/\" target=\"_blank\" rel=\"noopener noreferrer\"><b>D\u00e9couvrir Yourte de Montagne de Ratery !<\/b><\/a><\/p>\n","protected":false},"excerpt":{"rendered":"<p>Cette semaine, nous accueillons les propri\u00e9taires du domaine Yourte de Montagne de Ratery. Ils vous proposent de dormir dans une Yourte dans les Alpes-de-Haute-Provence ! On vous laisse d\u00e9couvrir l&rsquo;interview\u2026 Pourriez-vous vous pr\u00e9senter aux lecteurs d&rsquo;AbracadaRoom ? Nous nous sommes rencontr\u00e9s en Laponie. Tous deux passionn\u00e9s de nature, de grands espaces et d&rsquo;aventure, nous aimons [&hellip;]<\/p>\n","protected":false},"author":8,"featured_media":7088,"comment_status":"open","ping_status":"open","sticky":false,"template":"","format":"standard","meta":{"om_disable_all_campaigns":false,"_uf_show_specific_survey":0,"_uf_disable_surveys":false,"footnotes":""},"categories":[10],"tags":[],"yoast_head":"<!-- This site is optimized with the Yoast SEO plugin v21.8 - https:\/\/yoast.com\/wordpress\/plugins\/seo\/ -->\n<title>Interview des propri\u00e9taires du domaine Yourte de Montagne de Ratery<\/title>\n<meta name=\"robots\" content=\"index, follow, max-snippet:-1, max-image-preview:large, max-video-preview:-1\" \/>\n<link rel=\"canonical\" href=\"https:\/\/mag.abracadaroom.com\/fr\/interview-des-proprietaires-du-domaine-yourte-de-montagne-de-ratery\/\" \/>\n<meta property=\"og:locale\" content=\"fr_FR\" \/>\n<meta property=\"og:type\" content=\"article\" \/>\n<meta property=\"og:title\" content=\"Interview des propri\u00e9taires du domaine Yourte de Montagne de Ratery\" \/>\n<meta property=\"og:description\" content=\"Cette semaine, nous accueillons les propri\u00e9taires du domaine Yourte de Montagne de Ratery. Ils vous proposent de dormir dans une Yourte dans les Alpes-de-Haute-Provence ! On vous laisse d\u00e9couvrir l&rsquo;interview\u2026 Pourriez-vous vous pr\u00e9senter aux lecteurs d&rsquo;AbracadaRoom ? Nous nous sommes rencontr\u00e9s en Laponie. Tous deux passionn\u00e9s de nature, de grands espaces et d&rsquo;aventure, nous aimons [&hellip;]\" \/>\n<meta property=\"og:url\" content=\"https:\/\/mag.abracadaroom.com\/fr\/interview-des-proprietaires-du-domaine-yourte-de-montagne-de-ratery\/\" \/>\n<meta property=\"og:site_name\" content=\"Le blog du tourisme insolite\" \/>\n<meta property=\"article:publisher\" content=\"https:\/\/www.facebook.com\/abracadaroom\" \/>\n<meta property=\"article:published_time\" content=\"2019-02-19T16:00:26+00:00\" \/>\n<meta property=\"article:modified_time\" content=\"2019-02-19T08:43:49+00:00\" \/>\n<meta property=\"og:image\" content=\"https:\/\/mag.abracadaroom.com\/fr\/wp-content\/uploads\/2019\/02\/ratery2.jpg\" \/>\n\t<meta property=\"og:image:width\" content=\"1000\" \/>\n\t<meta property=\"og:image:height\" content=\"750\" \/>\n\t<meta property=\"og:image:type\" content=\"image\/jpeg\" \/>\n<meta name=\"author\" content=\"Oumay\" \/>\n<meta name=\"twitter:card\" content=\"summary_large_image\" \/>\n<meta name=\"twitter:creator\" content=\"@abracadaroom\" \/>\n<meta name=\"twitter:site\" content=\"@abracadaroom\" \/>\n<meta name=\"twitter:label1\" content=\"\u00c9crit par\" \/>\n\t<meta name=\"twitter:data1\" content=\"Oumay\" \/>\n\t<meta name=\"twitter:label2\" content=\"Dur\u00e9e de lecture estim\u00e9e\" \/>\n\t<meta name=\"twitter:data2\" content=\"2 minutes\" \/>\n<script type=\"application\/ld+json\" class=\"yoast-schema-graph\">{\"@context\":\"https:\/\/schema.org\",\"@graph\":[{\"@type\":\"WebPage\",\"@id\":\"https:\/\/mag.abracadaroom.com\/fr\/interview-des-proprietaires-du-domaine-yourte-de-montagne-de-ratery\/\",\"url\":\"https:\/\/mag.abracadaroom.com\/fr\/interview-des-proprietaires-du-domaine-yourte-de-montagne-de-ratery\/\",\"name\":\"Interview des propri\u00e9taires du domaine Yourte de Montagne de Ratery\",\"isPartOf\":{\"@id\":\"https:\/\/mag.abracadaroom.com\/fr\/#website\"},\"datePublished\":\"2019-02-19T16:00:26+00:00\",\"dateModified\":\"2019-02-19T08:43:49+00:00\",\"author\":{\"@id\":\"https:\/\/mag.abracadaroom.com\/fr\/#\/schema\/person\/c12fff50dd61fb4dbce6819851805f9d\"},\"breadcrumb\":{\"@id\":\"https:\/\/mag.abracadaroom.com\/fr\/interview-des-proprietaires-du-domaine-yourte-de-montagne-de-ratery\/#breadcrumb\"},\"inLanguage\":\"fr-FR\",\"potentialAction\":[{\"@type\":\"ReadAction\",\"target\":[\"https:\/\/mag.abracadaroom.com\/fr\/interview-des-proprietaires-du-domaine-yourte-de-montagne-de-ratery\/\"]}]},{\"@type\":\"BreadcrumbList\",\"@id\":\"https:\/\/mag.abracadaroom.com\/fr\/interview-des-proprietaires-du-domaine-yourte-de-montagne-de-ratery\/#breadcrumb\",\"itemListElement\":[{\"@type\":\"ListItem\",\"position\":1,\"name\":\"Home\",\"item\":\"https:\/\/mag.abracadaroom.com\/fr\/\"},{\"@type\":\"ListItem\",\"position\":2,\"name\":\"Interview des propri\u00e9taires du domaine Yourte de Montagne de Ratery\"}]},{\"@type\":\"WebSite\",\"@id\":\"https:\/\/mag.abracadaroom.com\/fr\/#website\",\"url\":\"https:\/\/mag.abracadaroom.com\/fr\/\",\"name\":\"Le blog du tourisme insolite\",\"description\":\"\",\"potentialAction\":[{\"@type\":\"SearchAction\",\"target\":{\"@type\":\"EntryPoint\",\"urlTemplate\":\"https:\/\/mag.abracadaroom.com\/fr\/?s={search_term_string}\"},\"query-input\":\"required name=search_term_string\"}],\"inLanguage\":\"fr-FR\"},{\"@type\":\"Person\",\"@id\":\"https:\/\/mag.abracadaroom.com\/fr\/#\/schema\/person\/c12fff50dd61fb4dbce6819851805f9d\",\"name\":\"Oumay\",\"image\":{\"@type\":\"ImageObject\",\"inLanguage\":\"fr-FR\",\"@id\":\"https:\/\/mag.abracadaroom.com\/fr\/#\/schema\/person\/image\/\",\"url\":\"https:\/\/secure.gravatar.com\/avatar\/14cf8522d67c8b18ca19bb5f27b1459f?s=96&d=mm&r=g\",\"contentUrl\":\"https:\/\/secure.gravatar.com\/avatar\/14cf8522d67c8b18ca19bb5f27b1459f?s=96&d=mm&r=g\",\"caption\":\"Oumay\"},\"url\":\"https:\/\/mag.abracadaroom.com\/fr\/author\/oumay\/\"}]}<\/script>\n<!-- \/ Yoast SEO plugin. -->","yoast_head_json":{"title":"Interview des propri\u00e9taires du domaine Yourte de Montagne de Ratery","robots":{"index":"index","follow":"follow","max-snippet":"max-snippet:-1","max-image-preview":"max-image-preview:large","max-video-preview":"max-video-preview:-1"},"canonical":"https:\/\/mag.abracadaroom.com\/fr\/interview-des-proprietaires-du-domaine-yourte-de-montagne-de-ratery\/","og_locale":"fr_FR","og_type":"article","og_title":"Interview des propri\u00e9taires du domaine Yourte de Montagne de Ratery","og_description":"Cette semaine, nous accueillons les propri\u00e9taires du domaine Yourte de Montagne de Ratery. Ils vous proposent de dormir dans une Yourte dans les Alpes-de-Haute-Provence ! On vous laisse d\u00e9couvrir l&rsquo;interview\u2026 Pourriez-vous vous pr\u00e9senter aux lecteurs d&rsquo;AbracadaRoom ? Nous nous sommes rencontr\u00e9s en Laponie. Tous deux passionn\u00e9s de nature, de grands espaces et d&rsquo;aventure, nous aimons [&hellip;]","og_url":"https:\/\/mag.abracadaroom.com\/fr\/interview-des-proprietaires-du-domaine-yourte-de-montagne-de-ratery\/","og_site_name":"Le blog du tourisme insolite","article_publisher":"https:\/\/www.facebook.com\/abracadaroom","article_published_time":"2019-02-19T16:00:26+00:00","article_modified_time":"2019-02-19T08:43:49+00:00","og_image":[{"width":1000,"height":750,"url":"https:\/\/mag.abracadaroom.com\/fr\/wp-content\/uploads\/2019\/02\/ratery2.jpg","type":"image\/jpeg"}],"author":"Oumay","twitter_card":"summary_large_image","twitter_creator":"@abracadaroom","twitter_site":"@abracadaroom","twitter_misc":{"\u00c9crit par":"Oumay","Dur\u00e9e de lecture estim\u00e9e":"2 minutes"},"schema":{"@context":"https:\/\/schema.org","@graph":[{"@type":"WebPage","@id":"https:\/\/mag.abracadaroom.com\/fr\/interview-des-proprietaires-du-domaine-yourte-de-montagne-de-ratery\/","url":"https:\/\/mag.abracadaroom.com\/fr\/interview-des-proprietaires-du-domaine-yourte-de-montagne-de-ratery\/","name":"Interview des propri\u00e9taires du domaine Yourte de Montagne de Ratery","isPartOf":{"@id":"https:\/\/mag.abracadaroom.com\/fr\/#website"},"datePublished":"2019-02-19T16:00:26+00:00","dateModified":"2019-02-19T08:43:49+00:00","author":{"@id":"https:\/\/mag.abracadaroom.com\/fr\/#\/schema\/person\/c12fff50dd61fb4dbce6819851805f9d"},"breadcrumb":{"@id":"https:\/\/mag.abracadaroom.com\/fr\/interview-des-proprietaires-du-domaine-yourte-de-montagne-de-ratery\/#breadcrumb"},"inLanguage":"fr-FR","potentialAction":[{"@type":"ReadAction","target":["https:\/\/mag.abracadaroom.com\/fr\/interview-des-proprietaires-du-domaine-yourte-de-montagne-de-ratery\/"]}]},{"@type":"BreadcrumbList","@id":"https:\/\/mag.abracadaroom.com\/fr\/interview-des-proprietaires-du-domaine-yourte-de-montagne-de-ratery\/#breadcrumb","itemListElement":[{"@type":"ListItem","position":1,"name":"Home","item":"https:\/\/mag.abracadaroom.com\/fr\/"},{"@type":"ListItem","position":2,"name":"Interview des propri\u00e9taires du domaine Yourte de Montagne de Ratery"}]},{"@type":"WebSite","@id":"https:\/\/mag.abracadaroom.com\/fr\/#website","url":"https:\/\/mag.abracadaroom.com\/fr\/","name":"Le blog du tourisme insolite","description":"","potentialAction":[{"@type":"SearchAction","target":{"@type":"EntryPoint","urlTemplate":"https:\/\/mag.abracadaroom.com\/fr\/?s={search_term_string}"},"query-input":"required name=search_term_string"}],"inLanguage":"fr-FR"},{"@type":"Person","@id":"https:\/\/mag.abracadaroom.com\/fr\/#\/schema\/person\/c12fff50dd61fb4dbce6819851805f9d","name":"Oumay","image":{"@type":"ImageObject","inLanguage":"fr-FR","@id":"https:\/\/mag.abracadaroom.com\/fr\/#\/schema\/person\/image\/","url":"https:\/\/secure.gravatar.com\/avatar\/14cf8522d67c8b18ca19bb5f27b1459f?s=96&d=mm&r=g","contentUrl":"https:\/\/secure.gravatar.com\/avatar\/14cf8522d67c8b18ca19bb5f27b1459f?s=96&d=mm&r=g","caption":"Oumay"},"url":"https:\/\/mag.abracadaroom.com\/fr\/author\/oumay\/"}]}},"_links":{"self":[{"href":"https:\/\/mag.abracadaroom.com\/fr\/wp-json\/wp\/v2\/posts\/7078"}],"collection":[{"href":"https:\/\/mag.abracadaroom.com\/fr\/wp-json\/wp\/v2\/posts"}],"about":[{"href":"https:\/\/mag.abracadaroom.com\/fr\/wp-json\/wp\/v2\/types\/post"}],"author":[{"embeddable":true,"href":"https:\/\/mag.abracadaroom.com\/fr\/wp-json\/wp\/v2\/users\/8"}],"replies":[{"embeddable":true,"href":"https:\/\/mag.abracadaroom.com\/fr\/wp-json\/wp\/v2\/comments?post=7078"}],"version-history":[{"count":13,"href":"https:\/\/mag.abracadaroom.com\/fr\/wp-json\/wp\/v2\/posts\/7078\/revisions"}],"predecessor-version":[{"id":7094,"href":"https:\/\/mag.abracadaroom.com\/fr\/wp-json\/wp\/v2\/posts\/7078\/revisions\/7094"}],"wp:featuredmedia":[{"embeddable":true,"href":"https:\/\/mag.abracadaroom.com\/fr\/wp-json\/wp\/v2\/media\/7088"}],"wp:attachment":[{"href":"https:\/\/mag.abracadaroom.com\/fr\/wp-json\/wp\/v2\/media?parent=7078"}],"wp:term":[{"taxonomy":"category","embeddable":true,"href":"https:\/\/mag.abracadaroom.com\/fr\/wp-json\/wp\/v2\/categories?post=7078"},{"taxonomy":"post_tag","embeddable":true,"href":"https:\/\/mag.abracadaroom.com\/fr\/wp-json\/wp\/v2\/tags?post=7078"}],"curies":[{"name":"wp","href":"https:\/\/api.w.org\/{rel}","templated":true}]}}