{"id":7095,"date":"2019-02-26T17:00:09","date_gmt":"2019-02-26T16:00:09","guid":{"rendered":"https:\/\/mag.abracadaroom.com\/fr\/?p=7095"},"modified":"2019-02-19T09:44:47","modified_gmt":"2019-02-19T08:44:47","slug":"interview-du-proprietaire-de-la-ferme-de-largente","status":"publish","type":"post","link":"https:\/\/mag.abracadaroom.com\/fr\/interview-du-proprietaire-de-la-ferme-de-largente\/","title":{"rendered":"Interview du propri\u00e9taire de la Ferme de l&rsquo;Argent\u00e9"},"content":{"rendered":"<p style=\"text-align: justify;\"><img decoding=\"async\" class=\"wp-image-4330 alignright\" src=\"https:\/\/mag.abracadaroom.com\/fr\/wp-content\/uploads\/2019\/02\/argente.jpg\" alt=\"Propri\u00e9taire La Ferme de l'Argent\u00e9\" width=\"240\" \/>Cette semaine, nous accueillons le propri\u00e9taire de La Ferme de l&rsquo;Argent\u00e9. Ce dernier vous invite \u00e0 <a href=\"https:\/\/www.abracadaroom.com\/fr\/nuit-insolite-cabane-dans-les-arbres-lot-et-garonne\/\" rel=\"noopener\" target=\"_blank\">passer une nuit dans une cabane dans les arbres dans le Lot-et-Garonne<\/a> ! On vous laisse d\u00e9couvrir l&rsquo;interview\u2026<\/p>\n<h2 style=\"text-align: justify;\"><span style=\"color: #7f204e;\">Pourriez-vous vous pr\u00e9senter aux lecteurs d&rsquo;AbracadaRoom ?<\/span><\/h2>\n<p style=\"text-align: justify;\">Bonjour \u00e0 tous, je suis Bruno, propri\u00e9taire de La Ferme de l&rsquo;Argent\u00e9. Je suis aviculteur, \u00e9leveur de volailles et de cervid\u00e9s !<\/p>\n<h2 style=\"text-align: justify;\"><span style=\"color: #7f204e;\">Pouvez-vous d\u00e9crire votre domaine en quelques mots ?<\/span><\/h2>\n<p style=\"text-align: justify;\">La Ferme de l&rsquo;Argent\u00e9 vous propose de s\u00e9journer dans une ferme et de partir \u00e0 la rencontre de ses animaux ! Vous y trouverez des daims, des cerfs, des biches, des poneys, des poules, des canards et d&rsquo;autres magnifiques animaux sauvages.<\/p>\n<h2 style=\"text-align: justify;\"><span style=\"color: #7f204e;\">Quels sont vos points forts, vos atouts (en terme d\u2019humain, activit\u00e9s, repas, \u00e9cologie, produits propos\u00e9s, nature, d\u00e9paysement, aventure, etc.) ?<\/span><\/h2>\n<p style=\"text-align: justify;\">Sur place, nous avons un magasin de produit du terroir, que nous fabriquons nous-m\u00eame ! Il y a du foie gras, du confit, du p\u00e2t\u00e9 et d&rsquo;autres produits que vous pourrez d\u00e9couvrir sur place, en nous rendant visite ! \ud83d\ude09<\/p>\n<p><img decoding=\"async\" class=\"aligncenter size-full wp-image-4318\" src=\"https:\/\/mag.abracadaroom.com\/fr\/wp-content\/uploads\/2019\/02\/argente1.jpg\" alt=\"Ferme de l'Argent\u00e9\" width=\"900\"\/><\/p>\n<h2 style=\"text-align: justify;\"><span style=\"color: #7f204e;\">Quelles activit\u00e9s peut-on retrouver sur votre domaine ?<\/span><\/h2>\n<p style=\"text-align: justify;\">Vous pourrez visiter notre jolie ferme, vous promener dans la for\u00eat landaise qui nous entoure ou tester notre parcours fl\u00e9ch\u00e9 !<\/p>\n<h2 style=\"text-align: justify;\"><span style=\"color: #7f204e;\">Quels sont les bons plans aux alentours de votre domaine ?<\/span><\/h2>\n<p style=\"text-align: justify;\">Pour les grands marcheurs, il vous sera possible de faire la randonn\u00e9e \u00e0 proximit\u00e9 : vous serez s\u00e9duits par les environs ! Vous pourrez \u00e9galement visiter l&rsquo;\u00e9glise en bois ou d\u00e9couvrir la pisciculture !<\/p>\n<h2 style=\"text-align: justify;\"><span style=\"color: #7f204e;\">Avez-vous une exp\u00e9rience ou une anecdote au sein de votre domaine \u00e0 nous raconter ?<\/span><\/h2>\n<p style=\"text-align: justify;\">Il y en a eu tellement&#8230; Cela fait 12 ans que je suis dans la location ! \ud83d\ude42<\/p>\n<h2 style=\"text-align: justify;\"><span style=\"color: #7f204e;\">Laissez un message \u00e0 nos lecteurs : <\/span><\/h2>\n<p><img decoding=\"async\" class=\"wp-image-4330 alignright\" src=\"https:\/\/mag.abracadaroom.com\/fr\/wp-content\/uploads\/2019\/02\/ferme-de-largente.jpg\" alt=\"Yourte de Montagne de Ratery\" width=\"300\" \/><\/p>\n<p style=\"text-align: justify;\">Au c\u0153ur de la for\u00eat landaise, nous serons heureux de vous accueillir dans notre cabane dans les arbres, o\u00f9 nous vous ferons d\u00e9couvrir notre parc de grand cervid\u00e9s. Bienvenue \u00e0 la Ferme de l&rsquo;Argent\u00e9 !<\/p>\n<p><\/br><\/p>\n<p style=\"text-align: center;\"><a style=\"text-shadow: none; font-family: Amatic SC; font-size: 22px; padding: 15px; background-color: #01aeb6; color: white;\" href=\"https:\/\/www.abracadaroom.com\/fr\/reservation-la-ferme-de-largente-cabane-dans-les-arbres-cabane-des-cerfs-2415\/\" target=\"_blank\" rel=\"noopener noreferrer\"><b>D\u00e9couvrir La Ferme de l&rsquo;Argent\u00e9 !<\/b><\/a><\/p>\n","protected":false},"excerpt":{"rendered":"<p>Cette semaine, nous accueillons le propri\u00e9taire de La Ferme de l&rsquo;Argent\u00e9. Ce dernier vous invite \u00e0 passer une nuit dans une cabane dans les arbres dans le Lot-et-Garonne ! On vous laisse d\u00e9couvrir l&rsquo;interview\u2026 Pourriez-vous vous pr\u00e9senter aux lecteurs d&rsquo;AbracadaRoom ? Bonjour \u00e0 tous, je suis Bruno, propri\u00e9taire de La Ferme de l&rsquo;Argent\u00e9. Je suis [&hellip;]<\/p>\n","protected":false},"author":8,"featured_media":7122,"comment_status":"open","ping_status":"open","sticky":false,"template":"","format":"standard","meta":{"om_disable_all_campaigns":false,"_uf_show_specific_survey":0,"_uf_disable_surveys":false,"footnotes":""},"categories":[10],"tags":[],"yoast_head":"<!-- This site is optimized with the Yoast SEO plugin v21.8 - https:\/\/yoast.com\/wordpress\/plugins\/seo\/ -->\n<title>Interview du propri\u00e9taire de la Ferme de l&#039;Argent\u00e9<\/title>\n<meta name=\"robots\" content=\"index, follow, max-snippet:-1, max-image-preview:large, max-video-preview:-1\" \/>\n<link rel=\"canonical\" href=\"https:\/\/mag.abracadaroom.com\/fr\/interview-du-proprietaire-de-la-ferme-de-largente\/\" \/>\n<meta property=\"og:locale\" content=\"fr_FR\" \/>\n<meta property=\"og:type\" content=\"article\" \/>\n<meta property=\"og:title\" content=\"Interview du propri\u00e9taire de la Ferme de l&#039;Argent\u00e9\" \/>\n<meta property=\"og:description\" content=\"Cette semaine, nous accueillons le propri\u00e9taire de La Ferme de l&rsquo;Argent\u00e9. Ce dernier vous invite \u00e0 passer une nuit dans une cabane dans les arbres dans le Lot-et-Garonne ! On vous laisse d\u00e9couvrir l&rsquo;interview\u2026 Pourriez-vous vous pr\u00e9senter aux lecteurs d&rsquo;AbracadaRoom ? Bonjour \u00e0 tous, je suis Bruno, propri\u00e9taire de La Ferme de l&rsquo;Argent\u00e9. Je suis [&hellip;]\" \/>\n<meta property=\"og:url\" content=\"https:\/\/mag.abracadaroom.com\/fr\/interview-du-proprietaire-de-la-ferme-de-largente\/\" \/>\n<meta property=\"og:site_name\" content=\"Le blog du tourisme insolite\" \/>\n<meta property=\"article:publisher\" content=\"https:\/\/www.facebook.com\/abracadaroom\" \/>\n<meta property=\"article:published_time\" content=\"2019-02-26T16:00:09+00:00\" \/>\n<meta property=\"article:modified_time\" content=\"2019-02-19T08:44:47+00:00\" \/>\n<meta property=\"og:image\" content=\"https:\/\/mag.abracadaroom.com\/fr\/wp-content\/uploads\/2019\/02\/19244-fo-normal___v_e4b71796d45024bc92f452d9259a0dc0.jpg\" \/>\n\t<meta property=\"og:image:width\" content=\"800\" \/>\n\t<meta property=\"og:image:height\" content=\"600\" \/>\n\t<meta property=\"og:image:type\" content=\"image\/jpeg\" \/>\n<meta name=\"author\" content=\"Oumay\" \/>\n<meta name=\"twitter:card\" content=\"summary_large_image\" \/>\n<meta name=\"twitter:creator\" content=\"@abracadaroom\" \/>\n<meta name=\"twitter:site\" content=\"@abracadaroom\" \/>\n<meta name=\"twitter:label1\" content=\"\u00c9crit par\" \/>\n\t<meta name=\"twitter:data1\" content=\"Oumay\" \/>\n\t<meta name=\"twitter:label2\" content=\"Dur\u00e9e de lecture estim\u00e9e\" \/>\n\t<meta name=\"twitter:data2\" content=\"2 minutes\" \/>\n<script type=\"application\/ld+json\" class=\"yoast-schema-graph\">{\"@context\":\"https:\/\/schema.org\",\"@graph\":[{\"@type\":\"WebPage\",\"@id\":\"https:\/\/mag.abracadaroom.com\/fr\/interview-du-proprietaire-de-la-ferme-de-largente\/\",\"url\":\"https:\/\/mag.abracadaroom.com\/fr\/interview-du-proprietaire-de-la-ferme-de-largente\/\",\"name\":\"Interview du propri\u00e9taire de la Ferme de l'Argent\u00e9\",\"isPartOf\":{\"@id\":\"https:\/\/mag.abracadaroom.com\/fr\/#website\"},\"datePublished\":\"2019-02-26T16:00:09+00:00\",\"dateModified\":\"2019-02-19T08:44:47+00:00\",\"author\":{\"@id\":\"https:\/\/mag.abracadaroom.com\/fr\/#\/schema\/person\/c12fff50dd61fb4dbce6819851805f9d\"},\"breadcrumb\":{\"@id\":\"https:\/\/mag.abracadaroom.com\/fr\/interview-du-proprietaire-de-la-ferme-de-largente\/#breadcrumb\"},\"inLanguage\":\"fr-FR\",\"potentialAction\":[{\"@type\":\"ReadAction\",\"target\":[\"https:\/\/mag.abracadaroom.com\/fr\/interview-du-proprietaire-de-la-ferme-de-largente\/\"]}]},{\"@type\":\"BreadcrumbList\",\"@id\":\"https:\/\/mag.abracadaroom.com\/fr\/interview-du-proprietaire-de-la-ferme-de-largente\/#breadcrumb\",\"itemListElement\":[{\"@type\":\"ListItem\",\"position\":1,\"name\":\"Home\",\"item\":\"https:\/\/mag.abracadaroom.com\/fr\/\"},{\"@type\":\"ListItem\",\"position\":2,\"name\":\"Interview du propri\u00e9taire de la Ferme de l&rsquo;Argent\u00e9\"}]},{\"@type\":\"WebSite\",\"@id\":\"https:\/\/mag.abracadaroom.com\/fr\/#website\",\"url\":\"https:\/\/mag.abracadaroom.com\/fr\/\",\"name\":\"Le blog du tourisme insolite\",\"description\":\"\",\"potentialAction\":[{\"@type\":\"SearchAction\",\"target\":{\"@type\":\"EntryPoint\",\"urlTemplate\":\"https:\/\/mag.abracadaroom.com\/fr\/?s={search_term_string}\"},\"query-input\":\"required name=search_term_string\"}],\"inLanguage\":\"fr-FR\"},{\"@type\":\"Person\",\"@id\":\"https:\/\/mag.abracadaroom.com\/fr\/#\/schema\/person\/c12fff50dd61fb4dbce6819851805f9d\",\"name\":\"Oumay\",\"image\":{\"@type\":\"ImageObject\",\"inLanguage\":\"fr-FR\",\"@id\":\"https:\/\/mag.abracadaroom.com\/fr\/#\/schema\/person\/image\/\",\"url\":\"https:\/\/secure.gravatar.com\/avatar\/14cf8522d67c8b18ca19bb5f27b1459f?s=96&d=mm&r=g\",\"contentUrl\":\"https:\/\/secure.gravatar.com\/avatar\/14cf8522d67c8b18ca19bb5f27b1459f?s=96&d=mm&r=g\",\"caption\":\"Oumay\"},\"url\":\"https:\/\/mag.abracadaroom.com\/fr\/author\/oumay\/\"}]}<\/script>\n<!-- \/ Yoast SEO plugin. -->","yoast_head_json":{"title":"Interview du propri\u00e9taire de la Ferme de l'Argent\u00e9","robots":{"index":"index","follow":"follow","max-snippet":"max-snippet:-1","max-image-preview":"max-image-preview:large","max-video-preview":"max-video-preview:-1"},"canonical":"https:\/\/mag.abracadaroom.com\/fr\/interview-du-proprietaire-de-la-ferme-de-largente\/","og_locale":"fr_FR","og_type":"article","og_title":"Interview du propri\u00e9taire de la Ferme de l'Argent\u00e9","og_description":"Cette semaine, nous accueillons le propri\u00e9taire de La Ferme de l&rsquo;Argent\u00e9. Ce dernier vous invite \u00e0 passer une nuit dans une cabane dans les arbres dans le Lot-et-Garonne ! On vous laisse d\u00e9couvrir l&rsquo;interview\u2026 Pourriez-vous vous pr\u00e9senter aux lecteurs d&rsquo;AbracadaRoom ? Bonjour \u00e0 tous, je suis Bruno, propri\u00e9taire de La Ferme de l&rsquo;Argent\u00e9. Je suis [&hellip;]","og_url":"https:\/\/mag.abracadaroom.com\/fr\/interview-du-proprietaire-de-la-ferme-de-largente\/","og_site_name":"Le blog du tourisme insolite","article_publisher":"https:\/\/www.facebook.com\/abracadaroom","article_published_time":"2019-02-26T16:00:09+00:00","article_modified_time":"2019-02-19T08:44:47+00:00","og_image":[{"width":800,"height":600,"url":"https:\/\/mag.abracadaroom.com\/fr\/wp-content\/uploads\/2019\/02\/19244-fo-normal___v_e4b71796d45024bc92f452d9259a0dc0.jpg","type":"image\/jpeg"}],"author":"Oumay","twitter_card":"summary_large_image","twitter_creator":"@abracadaroom","twitter_site":"@abracadaroom","twitter_misc":{"\u00c9crit par":"Oumay","Dur\u00e9e de lecture estim\u00e9e":"2 minutes"},"schema":{"@context":"https:\/\/schema.org","@graph":[{"@type":"WebPage","@id":"https:\/\/mag.abracadaroom.com\/fr\/interview-du-proprietaire-de-la-ferme-de-largente\/","url":"https:\/\/mag.abracadaroom.com\/fr\/interview-du-proprietaire-de-la-ferme-de-largente\/","name":"Interview du propri\u00e9taire de la Ferme de l'Argent\u00e9","isPartOf":{"@id":"https:\/\/mag.abracadaroom.com\/fr\/#website"},"datePublished":"2019-02-26T16:00:09+00:00","dateModified":"2019-02-19T08:44:47+00:00","author":{"@id":"https:\/\/mag.abracadaroom.com\/fr\/#\/schema\/person\/c12fff50dd61fb4dbce6819851805f9d"},"breadcrumb":{"@id":"https:\/\/mag.abracadaroom.com\/fr\/interview-du-proprietaire-de-la-ferme-de-largente\/#breadcrumb"},"inLanguage":"fr-FR","potentialAction":[{"@type":"ReadAction","target":["https:\/\/mag.abracadaroom.com\/fr\/interview-du-proprietaire-de-la-ferme-de-largente\/"]}]},{"@type":"BreadcrumbList","@id":"https:\/\/mag.abracadaroom.com\/fr\/interview-du-proprietaire-de-la-ferme-de-largente\/#breadcrumb","itemListElement":[{"@type":"ListItem","position":1,"name":"Home","item":"https:\/\/mag.abracadaroom.com\/fr\/"},{"@type":"ListItem","position":2,"name":"Interview du propri\u00e9taire de la Ferme de l&rsquo;Argent\u00e9"}]},{"@type":"WebSite","@id":"https:\/\/mag.abracadaroom.com\/fr\/#website","url":"https:\/\/mag.abracadaroom.com\/fr\/","name":"Le blog du tourisme insolite","description":"","potentialAction":[{"@type":"SearchAction","target":{"@type":"EntryPoint","urlTemplate":"https:\/\/mag.abracadaroom.com\/fr\/?s={search_term_string}"},"query-input":"required name=search_term_string"}],"inLanguage":"fr-FR"},{"@type":"Person","@id":"https:\/\/mag.abracadaroom.com\/fr\/#\/schema\/person\/c12fff50dd61fb4dbce6819851805f9d","name":"Oumay","image":{"@type":"ImageObject","inLanguage":"fr-FR","@id":"https:\/\/mag.abracadaroom.com\/fr\/#\/schema\/person\/image\/","url":"https:\/\/secure.gravatar.com\/avatar\/14cf8522d67c8b18ca19bb5f27b1459f?s=96&d=mm&r=g","contentUrl":"https:\/\/secure.gravatar.com\/avatar\/14cf8522d67c8b18ca19bb5f27b1459f?s=96&d=mm&r=g","caption":"Oumay"},"url":"https:\/\/mag.abracadaroom.com\/fr\/author\/oumay\/"}]}},"_links":{"self":[{"href":"https:\/\/mag.abracadaroom.com\/fr\/wp-json\/wp\/v2\/posts\/7095"}],"collection":[{"href":"https:\/\/mag.abracadaroom.com\/fr\/wp-json\/wp\/v2\/posts"}],"about":[{"href":"https:\/\/mag.abracadaroom.com\/fr\/wp-json\/wp\/v2\/types\/post"}],"author":[{"embeddable":true,"href":"https:\/\/mag.abracadaroom.com\/fr\/wp-json\/wp\/v2\/users\/8"}],"replies":[{"embeddable":true,"href":"https:\/\/mag.abracadaroom.com\/fr\/wp-json\/wp\/v2\/comments?post=7095"}],"version-history":[{"count":9,"href":"https:\/\/mag.abracadaroom.com\/fr\/wp-json\/wp\/v2\/posts\/7095\/revisions"}],"predecessor-version":[{"id":7107,"href":"https:\/\/mag.abracadaroom.com\/fr\/wp-json\/wp\/v2\/posts\/7095\/revisions\/7107"}],"wp:featuredmedia":[{"embeddable":true,"href":"https:\/\/mag.abracadaroom.com\/fr\/wp-json\/wp\/v2\/media\/7122"}],"wp:attachment":[{"href":"https:\/\/mag.abracadaroom.com\/fr\/wp-json\/wp\/v2\/media?parent=7095"}],"wp:term":[{"taxonomy":"category","embeddable":true,"href":"https:\/\/mag.abracadaroom.com\/fr\/wp-json\/wp\/v2\/categories?post=7095"},{"taxonomy":"post_tag","embeddable":true,"href":"https:\/\/mag.abracadaroom.com\/fr\/wp-json\/wp\/v2\/tags?post=7095"}],"curies":[{"name":"wp","href":"https:\/\/api.w.org\/{rel}","templated":true}]}}