{"id":7423,"date":"2019-03-11T18:00:48","date_gmt":"2019-03-11T17:00:48","guid":{"rendered":"https:\/\/mag.abracadaroom.com\/fr\/?p=7423"},"modified":"2019-03-12T11:03:35","modified_gmt":"2019-03-12T10:03:35","slug":"les-destinations-hivernales-qui-vous-ont-fait-craquer","status":"publish","type":"post","link":"https:\/\/mag.abracadaroom.com\/fr\/les-destinations-hivernales-qui-vous-ont-fait-craquer\/","title":{"rendered":"Les destinations hivernales qui vous ont fait craquer !"},"content":{"rendered":"<p style=\"text-align: justify;\">\u00c7a y est ! Le mois de mars est entam\u00e9, le froid commence \u00e0 laisser place au beau temps, les arbres fleurissent, le soleil brille&#8230; Le printemps arrive ! L&rsquo;hiver va tout de m\u00eame nous manquer : l&rsquo;air frais de la montagne, les batailles de neige, les petits moments en famille au coin du feu, les bons petits plats chaud qui nous r\u00e9galent et ces h\u00e9bergements insolites, v\u00eatus de leur manteau blanc, pr\u00eats \u00e0 vous accueillir et vous garder au chaud. Et si on parlait de ces destinations que vous avez le plus appr\u00e9ci\u00e9es cet hiver ? D\u00e9couvrez vite ces locations hivernales que vous avez ador\u00e9es !<\/p>\n<h2>Chalet Trappeur &#8211; G\u00eete de la Patte Nordic<\/h2>\n<p><img decoding=\"async\" src=\"https:\/\/mag.abracadaroom.com\/fr\/wp-content\/uploads\/2019\/03\/pattenordic.jpg\" alt=\"G\u00eete de la Patte Nordic\" class=\"aligncenter\" \/><\/p>\n<p style=\"text-align: justify;\">Ce <a href=\"https:\/\/www.abracadaroom.com\/fr\/reservation-gite-la-patte-nordic-chalet-chalet-trappeur-2344\/\" rel=\"noopener\" target=\"_blank\">Chalet Trappeur<\/a> est id\u00e9alement positionn\u00e9 au c\u0153ur des montagnes ! Ceux qui y ont s\u00e9journ\u00e9 cet hiver, ont pu se retrouver en famille ou entre amis autour d&rsquo;une bonne raclette et d&rsquo;activit\u00e9s telles que la sortie Cani-rando ou le bapt\u00eame en tra\u00eeneau de meute de chiens nordiques ! L&rsquo;air frais de la montagne n&rsquo;est pas seulement r\u00e9serv\u00e9 \u00e0 la saison hivernale : ce domaine reste ouvert en \u00e9t\u00e9, vous pourrez tout aussi bien en profiter sur les transats que dans le bain norv\u00e9gien.<\/p>\n<h2>Cabane Mont-Blanc &#8211; Entre Terre et Ciel<\/h2>\n<p><img decoding=\"async\" src=\"https:\/\/mag.abracadaroom.com\/fr\/wp-content\/uploads\/2019\/03\/terreetciel.jpg\" alt=\"Cabane Mont-Blanc\" class=\"aligncenter\" \/><\/p>\n<p style=\"text-align: justify;\">Une <a href=\"https:\/\/www.abracadaroom.com\/fr\/reservation-entre-terre-et-ciel-cabane-sur-pilotis-cabane-spa-mont-blanc-1430\/\" rel=\"noopener\" target=\"_blank\">cabane<\/a> qui porte tr\u00e8s bien son nom puisque qu&rsquo;elle vous offre une vue somptueuse sur le massif du Mont-Blanc ! Disposant d&rsquo;un spa et d&rsquo;un sauna privatifs sur la terrasse, c&rsquo;est un s\u00e9jour bien-\u00eatre qui s&rsquo;offre \u00e0 vous dans un refuge d\u00e9di\u00e9 au repos, au calme et \u00e0 la contemplation&#8230; Pouvant accueillir jusqu&rsquo;\u00e0 4 personnes, vous pourrez profiter d&rsquo;une v\u00e9ritable rupture avec votre quotidien en couple, en famille ou entre amis ! <\/p>\n<h2>La Gazelle Perch\u00e9e &#038; Spa<\/h2>\n<p><img decoding=\"async\" src=\"https:\/\/mag.abracadaroom.com\/fr\/wp-content\/uploads\/2019\/03\/gazelleperchee.jpg\" alt=\"La Gazelle Perch\u00e9e &#038; Spa\" class=\"aligncenter\" \/><\/p>\n<p style=\"text-align: justify;\">La <a href=\"https:\/\/www.abracadaroom.com\/fr\/reservation-la-gazelle-perchee-cabane-sur-pilotis-la-gazelle-perchee-spa-2348\/\" rel=\"noopener\" target=\"_blank\">Gazelle Perch\u00e9e &#038; Spa<\/a> r\u00e8gne au dessus de l&rsquo;eau. Sur la terrasse, sur un filet suspendu ou dans le jacuzzi privatif, la cabane vous invite \u00e0 vous d\u00e9tendre et \u00e0 admirer la vue sur les montagnes qui vous entourent&#8230; Un lieu o\u00f9 nature et calme vous permettront de vous retrouver en famille, en toute tranquillit\u00e9 ! <\/p>\n<h2>L\u00c0! Ecolodge<\/h2>\n<p><img decoding=\"async\" src=\"https:\/\/mag.abracadaroom.com\/fr\/wp-content\/uploads\/2019\/03\/lavercors.jpg\" alt=\"L\u00c0! Ecolodge\" class=\"aligncenter\" \/><\/p>\n<p style=\"text-align: justify;\">Cet <a href=\"https:\/\/www.abracadaroom.com\/fr\/reservation-la-ecolodge-la-ecolodge-2313\/\" rel=\"noopener\" target=\"_blank\">\u00e9colodge<\/a> se d\u00e9place dans le Vercors vous permettant ainsi de d\u00e9couvrir de nombreux paysages. Malgr\u00e9 sa mobilit\u00e9, il vous offre un confort optimal et une vue remarquable \u00e0 360\u00b0 sur la nature qui vous entoure ! Concept innovant, cet h\u00e9bergement a \u00e9t\u00e9 con\u00e7u de fa\u00e7on \u00e0 ne laisser aucune empreinte environnementale : traitement de l\u2019eau, b\u00e9quilles de niveau, panneau solaire, po\u00eale \u00e0 bois, etc. <\/p>\n<h2>Les Encatadas &#8211; Domaine de Sivarol<\/h2>\n<p><img decoding=\"async\" src=\"https:\/\/mag.abracadaroom.com\/fr\/wp-content\/uploads\/2019\/03\/sivarol.jpg\" alt=\"Les Encatadas\" class=\"aligncenter\" \/><\/p>\n<p style=\"text-align: justify;\">\u00c0 la recherche d&rsquo;instants magiques ? Retournez en enfance dans <a href=\"https:\/\/www.abracadaroom.com\/fr\/reservation-le-sivarol-cabane-les-encantadas-1-2342\/\" rel=\"noopener\" target=\"_blank\">les Encatadas<\/a>, cabanes aux formes hors du commun qui vous invitent dans un monde imaginaire et insolite ! En hiver comme en \u00e9t\u00e9, il sera possible pour vous de vous ressourcer face \u00e0 une vue imprenable sur les sommets et de vous r\u00e9veiller en douceur gr\u00e2ce aux chants des oiseaux. <\/p>\n<h2>Cabane &#038; Spa des Trappeurs &#8211; Domaine du Puy Mary<\/h2>\n<p><img decoding=\"async\" src=\"https:\/\/mag.abracadaroom.com\/fr\/wp-content\/uploads\/2019\/03\/puymary.jpg\" alt=\"Puy Mary\" class=\"aligncenter\" \/><\/p>\n<p style=\"text-align: justify;\">Au milieu d&rsquo;un petit bois, perch\u00e9e \u00e0 4 m\u00e8tres de hauteur, la <a href=\"https:\/\/www.abracadaroom.com\/fr\/reservation-cabanes-spa-du-puy-mary-cabane-sur-pilotis-cabane-spa-des-trappeurs-1613\/\" rel=\"noopener\" target=\"_blank\">Cabane &#038; Spa des Trappeurs<\/a> vous offrira un d\u00e9paysement total ! Loin de la vie urbaine et de la pollution sonore, vous aurez pour seuls et uniques voisins les vaches et les oiseaux du domaine. Le manteau blanc qui habille la cabane en hiver rend l&rsquo;endroit encore plus magique et f\u00e9\u00e9rique ! Pour ceux qui souhaitent encore y s\u00e9journer, la cabane est encore ouverte. <\/p>\n<hr>\n<p><\/br><\/p>\n<p style=\"text-align: justify;\">M\u00eame si ces destinations ont fait sensation en hiver, elles vous accueillent bien \u00e9videmment tout le reste de l&rsquo;ann\u00e9e ! Donc si vous pr\u00e9f\u00e9rez la chaleur du soleil au froid glacial de la neige, vous pourrez tout de m\u00eame s\u00e9journer \u00e0 la montagne !<\/p>\n<p><\/br><\/p>\n<p style=\"text-align: center;\"><a style=\"text-shadow: none; font-family: Amatic SC; font-size: 25px; padding: 15px; background-color: #01aeb6; color: white;\" href=\"https:\/\/www.abracadaroom.com\/fr\/sejour-montagne\/\" target=\"_blank\" rel=\"noopener noreferrer\"><b>R\u00e9server un s\u00e9jour \u00e0 la montagne<\/b><\/a><\/p>\n","protected":false},"excerpt":{"rendered":"<p>\u00c7a y est ! Le mois de mars est entam\u00e9, le froid commence \u00e0 laisser place au beau temps, les arbres fleurissent, le soleil brille&#8230; Le printemps arrive ! L&rsquo;hiver va tout de m\u00eame nous manquer : l&rsquo;air frais de la montagne, les batailles de neige, les petits moments en famille au coin du feu, [&hellip;]<\/p>\n","protected":false},"author":8,"featured_media":7481,"comment_status":"open","ping_status":"open","sticky":false,"template":"","format":"standard","meta":{"om_disable_all_campaigns":false,"_uf_show_specific_survey":0,"_uf_disable_surveys":false,"footnotes":""},"categories":[1],"tags":[],"yoast_head":"<!-- This site is optimized with the Yoast SEO plugin v21.8 - https:\/\/yoast.com\/wordpress\/plugins\/seo\/ -->\n<title>Les destinations hivernales qui vous ont fait craquer !<\/title>\n<meta name=\"robots\" content=\"index, follow, max-snippet:-1, max-image-preview:large, max-video-preview:-1\" \/>\n<link rel=\"canonical\" href=\"https:\/\/mag.abracadaroom.com\/fr\/les-destinations-hivernales-qui-vous-ont-fait-craquer\/\" \/>\n<meta property=\"og:locale\" content=\"fr_FR\" \/>\n<meta property=\"og:type\" content=\"article\" \/>\n<meta property=\"og:title\" content=\"Les destinations hivernales qui vous ont fait craquer !\" \/>\n<meta property=\"og:description\" content=\"\u00c7a y est ! Le mois de mars est entam\u00e9, le froid commence \u00e0 laisser place au beau temps, les arbres fleurissent, le soleil brille&#8230; Le printemps arrive ! L&rsquo;hiver va tout de m\u00eame nous manquer : l&rsquo;air frais de la montagne, les batailles de neige, les petits moments en famille au coin du feu, [&hellip;]\" \/>\n<meta property=\"og:url\" content=\"https:\/\/mag.abracadaroom.com\/fr\/les-destinations-hivernales-qui-vous-ont-fait-craquer\/\" \/>\n<meta property=\"og:site_name\" content=\"Le blog du tourisme insolite\" \/>\n<meta property=\"article:publisher\" content=\"https:\/\/www.facebook.com\/abracadaroom\" \/>\n<meta property=\"article:published_time\" content=\"2019-03-11T17:00:48+00:00\" \/>\n<meta property=\"article:modified_time\" content=\"2019-03-12T10:03:35+00:00\" \/>\n<meta property=\"og:image\" content=\"https:\/\/mag.abracadaroom.com\/fr\/wp-content\/uploads\/2019\/03\/photo-97884659-030-1024x683.jpg\" \/>\n\t<meta property=\"og:image:width\" content=\"1024\" \/>\n\t<meta property=\"og:image:height\" content=\"683\" \/>\n\t<meta property=\"og:image:type\" content=\"image\/jpeg\" \/>\n<meta name=\"author\" content=\"Oumay\" \/>\n<meta name=\"twitter:card\" content=\"summary_large_image\" \/>\n<meta name=\"twitter:creator\" content=\"@abracadaroom\" \/>\n<meta name=\"twitter:site\" content=\"@abracadaroom\" \/>\n<meta name=\"twitter:label1\" content=\"\u00c9crit par\" \/>\n\t<meta name=\"twitter:data1\" content=\"Oumay\" \/>\n\t<meta name=\"twitter:label2\" content=\"Dur\u00e9e de lecture estim\u00e9e\" \/>\n\t<meta name=\"twitter:data2\" content=\"3 minutes\" \/>\n<script type=\"application\/ld+json\" class=\"yoast-schema-graph\">{\"@context\":\"https:\/\/schema.org\",\"@graph\":[{\"@type\":\"WebPage\",\"@id\":\"https:\/\/mag.abracadaroom.com\/fr\/les-destinations-hivernales-qui-vous-ont-fait-craquer\/\",\"url\":\"https:\/\/mag.abracadaroom.com\/fr\/les-destinations-hivernales-qui-vous-ont-fait-craquer\/\",\"name\":\"Les destinations hivernales qui vous ont fait craquer !\",\"isPartOf\":{\"@id\":\"https:\/\/mag.abracadaroom.com\/fr\/#website\"},\"datePublished\":\"2019-03-11T17:00:48+00:00\",\"dateModified\":\"2019-03-12T10:03:35+00:00\",\"author\":{\"@id\":\"https:\/\/mag.abracadaroom.com\/fr\/#\/schema\/person\/c12fff50dd61fb4dbce6819851805f9d\"},\"breadcrumb\":{\"@id\":\"https:\/\/mag.abracadaroom.com\/fr\/les-destinations-hivernales-qui-vous-ont-fait-craquer\/#breadcrumb\"},\"inLanguage\":\"fr-FR\",\"potentialAction\":[{\"@type\":\"ReadAction\",\"target\":[\"https:\/\/mag.abracadaroom.com\/fr\/les-destinations-hivernales-qui-vous-ont-fait-craquer\/\"]}]},{\"@type\":\"BreadcrumbList\",\"@id\":\"https:\/\/mag.abracadaroom.com\/fr\/les-destinations-hivernales-qui-vous-ont-fait-craquer\/#breadcrumb\",\"itemListElement\":[{\"@type\":\"ListItem\",\"position\":1,\"name\":\"Home\",\"item\":\"https:\/\/mag.abracadaroom.com\/fr\/\"},{\"@type\":\"ListItem\",\"position\":2,\"name\":\"Les destinations hivernales qui vous ont fait craquer !\"}]},{\"@type\":\"WebSite\",\"@id\":\"https:\/\/mag.abracadaroom.com\/fr\/#website\",\"url\":\"https:\/\/mag.abracadaroom.com\/fr\/\",\"name\":\"Le blog du tourisme insolite\",\"description\":\"\",\"potentialAction\":[{\"@type\":\"SearchAction\",\"target\":{\"@type\":\"EntryPoint\",\"urlTemplate\":\"https:\/\/mag.abracadaroom.com\/fr\/?s={search_term_string}\"},\"query-input\":\"required name=search_term_string\"}],\"inLanguage\":\"fr-FR\"},{\"@type\":\"Person\",\"@id\":\"https:\/\/mag.abracadaroom.com\/fr\/#\/schema\/person\/c12fff50dd61fb4dbce6819851805f9d\",\"name\":\"Oumay\",\"image\":{\"@type\":\"ImageObject\",\"inLanguage\":\"fr-FR\",\"@id\":\"https:\/\/mag.abracadaroom.com\/fr\/#\/schema\/person\/image\/\",\"url\":\"https:\/\/secure.gravatar.com\/avatar\/14cf8522d67c8b18ca19bb5f27b1459f?s=96&d=mm&r=g\",\"contentUrl\":\"https:\/\/secure.gravatar.com\/avatar\/14cf8522d67c8b18ca19bb5f27b1459f?s=96&d=mm&r=g\",\"caption\":\"Oumay\"},\"url\":\"https:\/\/mag.abracadaroom.com\/fr\/author\/oumay\/\"}]}<\/script>\n<!-- \/ Yoast SEO plugin. -->","yoast_head_json":{"title":"Les destinations hivernales qui vous ont fait craquer !","robots":{"index":"index","follow":"follow","max-snippet":"max-snippet:-1","max-image-preview":"max-image-preview:large","max-video-preview":"max-video-preview:-1"},"canonical":"https:\/\/mag.abracadaroom.com\/fr\/les-destinations-hivernales-qui-vous-ont-fait-craquer\/","og_locale":"fr_FR","og_type":"article","og_title":"Les destinations hivernales qui vous ont fait craquer !","og_description":"\u00c7a y est ! Le mois de mars est entam\u00e9, le froid commence \u00e0 laisser place au beau temps, les arbres fleurissent, le soleil brille&#8230; Le printemps arrive ! L&rsquo;hiver va tout de m\u00eame nous manquer : l&rsquo;air frais de la montagne, les batailles de neige, les petits moments en famille au coin du feu, [&hellip;]","og_url":"https:\/\/mag.abracadaroom.com\/fr\/les-destinations-hivernales-qui-vous-ont-fait-craquer\/","og_site_name":"Le blog du tourisme insolite","article_publisher":"https:\/\/www.facebook.com\/abracadaroom","article_published_time":"2019-03-11T17:00:48+00:00","article_modified_time":"2019-03-12T10:03:35+00:00","og_image":[{"width":1024,"height":683,"url":"https:\/\/mag.abracadaroom.com\/fr\/wp-content\/uploads\/2019\/03\/photo-97884659-030-1024x683.jpg","type":"image\/jpeg"}],"author":"Oumay","twitter_card":"summary_large_image","twitter_creator":"@abracadaroom","twitter_site":"@abracadaroom","twitter_misc":{"\u00c9crit par":"Oumay","Dur\u00e9e de lecture estim\u00e9e":"3 minutes"},"schema":{"@context":"https:\/\/schema.org","@graph":[{"@type":"WebPage","@id":"https:\/\/mag.abracadaroom.com\/fr\/les-destinations-hivernales-qui-vous-ont-fait-craquer\/","url":"https:\/\/mag.abracadaroom.com\/fr\/les-destinations-hivernales-qui-vous-ont-fait-craquer\/","name":"Les destinations hivernales qui vous ont fait craquer !","isPartOf":{"@id":"https:\/\/mag.abracadaroom.com\/fr\/#website"},"datePublished":"2019-03-11T17:00:48+00:00","dateModified":"2019-03-12T10:03:35+00:00","author":{"@id":"https:\/\/mag.abracadaroom.com\/fr\/#\/schema\/person\/c12fff50dd61fb4dbce6819851805f9d"},"breadcrumb":{"@id":"https:\/\/mag.abracadaroom.com\/fr\/les-destinations-hivernales-qui-vous-ont-fait-craquer\/#breadcrumb"},"inLanguage":"fr-FR","potentialAction":[{"@type":"ReadAction","target":["https:\/\/mag.abracadaroom.com\/fr\/les-destinations-hivernales-qui-vous-ont-fait-craquer\/"]}]},{"@type":"BreadcrumbList","@id":"https:\/\/mag.abracadaroom.com\/fr\/les-destinations-hivernales-qui-vous-ont-fait-craquer\/#breadcrumb","itemListElement":[{"@type":"ListItem","position":1,"name":"Home","item":"https:\/\/mag.abracadaroom.com\/fr\/"},{"@type":"ListItem","position":2,"name":"Les destinations hivernales qui vous ont fait craquer !"}]},{"@type":"WebSite","@id":"https:\/\/mag.abracadaroom.com\/fr\/#website","url":"https:\/\/mag.abracadaroom.com\/fr\/","name":"Le blog du tourisme insolite","description":"","potentialAction":[{"@type":"SearchAction","target":{"@type":"EntryPoint","urlTemplate":"https:\/\/mag.abracadaroom.com\/fr\/?s={search_term_string}"},"query-input":"required name=search_term_string"}],"inLanguage":"fr-FR"},{"@type":"Person","@id":"https:\/\/mag.abracadaroom.com\/fr\/#\/schema\/person\/c12fff50dd61fb4dbce6819851805f9d","name":"Oumay","image":{"@type":"ImageObject","inLanguage":"fr-FR","@id":"https:\/\/mag.abracadaroom.com\/fr\/#\/schema\/person\/image\/","url":"https:\/\/secure.gravatar.com\/avatar\/14cf8522d67c8b18ca19bb5f27b1459f?s=96&d=mm&r=g","contentUrl":"https:\/\/secure.gravatar.com\/avatar\/14cf8522d67c8b18ca19bb5f27b1459f?s=96&d=mm&r=g","caption":"Oumay"},"url":"https:\/\/mag.abracadaroom.com\/fr\/author\/oumay\/"}]}},"_links":{"self":[{"href":"https:\/\/mag.abracadaroom.com\/fr\/wp-json\/wp\/v2\/posts\/7423"}],"collection":[{"href":"https:\/\/mag.abracadaroom.com\/fr\/wp-json\/wp\/v2\/posts"}],"about":[{"href":"https:\/\/mag.abracadaroom.com\/fr\/wp-json\/wp\/v2\/types\/post"}],"author":[{"embeddable":true,"href":"https:\/\/mag.abracadaroom.com\/fr\/wp-json\/wp\/v2\/users\/8"}],"replies":[{"embeddable":true,"href":"https:\/\/mag.abracadaroom.com\/fr\/wp-json\/wp\/v2\/comments?post=7423"}],"version-history":[{"count":33,"href":"https:\/\/mag.abracadaroom.com\/fr\/wp-json\/wp\/v2\/posts\/7423\/revisions"}],"predecessor-version":[{"id":7488,"href":"https:\/\/mag.abracadaroom.com\/fr\/wp-json\/wp\/v2\/posts\/7423\/revisions\/7488"}],"wp:featuredmedia":[{"embeddable":true,"href":"https:\/\/mag.abracadaroom.com\/fr\/wp-json\/wp\/v2\/media\/7481"}],"wp:attachment":[{"href":"https:\/\/mag.abracadaroom.com\/fr\/wp-json\/wp\/v2\/media?parent=7423"}],"wp:term":[{"taxonomy":"category","embeddable":true,"href":"https:\/\/mag.abracadaroom.com\/fr\/wp-json\/wp\/v2\/categories?post=7423"},{"taxonomy":"post_tag","embeddable":true,"href":"https:\/\/mag.abracadaroom.com\/fr\/wp-json\/wp\/v2\/tags?post=7423"}],"curies":[{"name":"wp","href":"https:\/\/api.w.org\/{rel}","templated":true}]}}