{"id":7699,"date":"2019-06-04T17:00:55","date_gmt":"2019-06-04T16:00:55","guid":{"rendered":"https:\/\/mag.abracadaroom.com\/fr\/?p=7699"},"modified":"2019-06-06T10:23:16","modified_gmt":"2019-06-06T09:23:16","slug":"interview-des-proprietaires-de-belrepayre-airstream-retro","status":"publish","type":"post","link":"https:\/\/mag.abracadaroom.com\/fr\/interview-des-proprietaires-de-belrepayre-airstream-retro\/","title":{"rendered":"Interview des propri\u00e9taires de Belrepayre Airstream &#038; Retro"},"content":{"rendered":"<p style=\"text-align: justify;\"><img decoding=\"async\" class=\"wp-image-4330 alignright\" src=\"https:\/\/mag.abracadaroom.com\/fr\/wp-content\/uploads\/2019\/06\/20160805_140240.jpg\" alt=\"Propri\u00e9taire Belrepayre Airstream &#038; Retro\" width=\"250\" \/>Cette semaine, nous accueillons les propri\u00e9taires de Belrepayre Airstream &#038; Retro. Ces derniers vous accueillent dans des <a href=\"https:\/\/www.abracadaroom.com\/fr\/nuit-insolite-caravane-airstream-ariege\/\" rel=\"noopener\" target=\"_blank\">caravanes Airstream dans l&rsquo;Ari\u00e8ge<\/a> ! On vous laisse d\u00e9couvrir l&rsquo;interview\u2026<\/p>\n<h2 style=\"text-align: justify;\"><span style=\"color: #7f204e;\">Pourriez-vous vous pr\u00e9senter aux lecteurs d&rsquo;AbracadaRoom ?<\/span><\/h2>\n<p style=\"text-align: justify;\">Perry est Anglais\/Irlandais, et moi, Coline, je suis Fran\u00e7aise. Nous avons la soixantaine maintenant et Belrepayre Airstream &#038; retro a \u00e9t\u00e9 cr\u00e9\u00e9 de toutes pi\u00e8ces en 2003, nous avions 45ans ! Que le temps passe vite ! Avant, nous vivions en caravane au gr\u00e9 des spectacles de Cirque de ville en ville, de pays en pays, autour du chapiteau. Voil\u00e0 d&rsquo;ou vient notre passion pour les caravanes !<\/p>\n<h2 style=\"text-align: justify;\"><span style=\"color: #7f204e;\">Pouvez-vous d\u00e9crire votre domaine en quelques mots ?<\/span><\/h2>\n<p style=\"text-align: justify;\">Notre domaine est une belle propri\u00e9t\u00e9 au bout du bout de la route, en haut de la colline avec une vue magnifique sur les Pyr\u00e9n\u00e9es.<br \/>\nLes caravanes sont \u00e9parpill\u00e9es, chacune dans un petit jardin paysag\u00e9 et semi ombr\u00e9. Pas de bruit de route, le parc est entretenu de mani\u00e8re biologique depuis le d\u00e9but, les oiseaux s&rsquo;y sentent bien. <\/p>\n<h2 style=\"text-align: justify;\"><span style=\"color: #7f204e;\">Quels sont vos points forts, vos atouts (en terme d\u2019humain, activit\u00e9s, repas, \u00e9cologie, produits propos\u00e9s, nature, d\u00e9paysement, aventure, etc.) ?<\/span><\/h2>\n<p style=\"text-align: justify;\">Nous ne faisons pas beaucoup de publicit\u00e9, il n&rsquo;y a que ceux qui cherchent vraiment qui nous trouvent. La r\u00e9gion est pleine d&rsquo;id\u00e9e de sortie aussi bien sportives que culturelles ou ludiques. Certains viennent de la ville voisine, d&rsquo;autres de l&rsquo;autre bout du monde. Il y a des passionn\u00e9s de vieilles choses et des amoureux de la nature !<\/p>\n<p><img decoding=\"async\" class=\"aligncenter size-full wp-image-4318\" src=\"https:\/\/mag.abracadaroom.com\/fr\/wp-content\/uploads\/2019\/06\/belrepayre.png\" alt=\"Belrepayre Airstream &#038; Retro\" width=\"900\"\/><\/p>\n<h2 style=\"text-align: justify;\"><span style=\"color: #7f204e;\">Quelles activit\u00e9s peut-on retrouver sur votre domaine ?<\/span><\/h2>\n<p style=\"text-align: justify;\">Chez nous vous pourrez jouer au frizby ou \u00e0 la petanque, faire du volley ball ou du ping-pong, aller vous balader pendant des kilom\u00e8tres sans rencontrer personnes \u00e0 travers forets et prairies, des ballades faciles, nous pr\u00e9voyons bient\u00f4t d&rsquo;installer une piscine naturelle&#8230;<\/p>\n<h2 style=\"text-align: justify;\"><span style=\"color: #7f204e;\">Quels sont les bons plans aux alentours de votre domaine ?<\/span><\/h2>\n<p style=\"text-align: justify;\">Les bons plan il y en a plein, ch\u00e2teaux Cathares de Montsegur, foix, Lagarde, Roquefixade&#8230; Les rivi\u00e8res de l&rsquo;Hers et l&rsquo;Ari\u00e8ge avec ses descentes en canoe, kayak, accrobranche&#8230; La gastronomie dans notre magnifique bastide m\u00e9di\u00e9vale de Mirepoix avec ses bons restaurants et bar \u00e0 vins et bonne brasseries, etc.<\/p>\n<h2 style=\"text-align: justify;\"><span style=\"color: #7f204e;\">Avez-vous une exp\u00e9rience ou une anecdote au sein de votre domaine \u00e0 nous raconter ?<\/span><\/h2>\n<p style=\"text-align: justify;\">Les gens arrivent en g\u00e9n\u00e9ral avec une liste bien pr\u00e9par\u00e9e de tout ce qu&rsquo;ils vont aller visiter et d\u00e9couvrir le temps de leur s\u00e9jour. Apr\u00e8s deux jours, ils pr\u00e9f\u00e8rent en g\u00e9n\u00e9ral rester \u00e0 Belrepayre profiter de ce lieu magique pour se reposer et se ressourcer.<\/p>\n<h2 style=\"text-align: justify;\"><span style=\"color: #7f204e;\">Laissez un message \u00e0 nos lecteurs : <\/span><\/h2>\n<p><img decoding=\"async\" class=\"wp-image-4330 alignright\" src=\"https:\/\/mag.abracadaroom.com\/fr\/wp-content\/uploads\/2019\/06\/airstream.jpg\" alt=\"Belrepayre Airstream &#038; Retro\" width=\"300\" \/><\/p>\n<p style=\"text-align: justify;\">Si vous aimez la nature et le retro, Belrepayre est un lieu contournable.<\/p>\n<p><\/br><\/br><\/p>\n<p style=\"text-align: center;\"><a style=\"text-shadow: none; font-family: Amatic SC; font-size: 22px; padding: 15px; background-color: #01aeb6; color: white;\" href=\"https:\/\/www.abracadaroom.com\/fr\/location-belrepayre-airstream-retro-2170\/\" target=\"_blank\" rel=\"noopener noreferrer\"><b>D\u00e9couvrir Belrepayre Airstream &#038; Retro !<\/b><\/a><\/p>\n","protected":false},"excerpt":{"rendered":"<p>Cette semaine, nous accueillons les propri\u00e9taires de Belrepayre Airstream &#038; Retro. Ces derniers vous accueillent dans des caravanes Airstream dans l&rsquo;Ari\u00e8ge ! On vous laisse d\u00e9couvrir l&rsquo;interview\u2026 Pourriez-vous vous pr\u00e9senter aux lecteurs d&rsquo;AbracadaRoom ? Perry est Anglais\/Irlandais, et moi, Coline, je suis Fran\u00e7aise. Nous avons la soixantaine maintenant et Belrepayre Airstream &#038; retro a \u00e9t\u00e9 [&hellip;]<\/p>\n","protected":false},"author":8,"featured_media":7709,"comment_status":"open","ping_status":"open","sticky":false,"template":"","format":"standard","meta":{"om_disable_all_campaigns":false,"_uf_show_specific_survey":0,"_uf_disable_surveys":false,"footnotes":""},"categories":[10],"tags":[],"yoast_head":"<!-- This site is optimized with the Yoast SEO plugin v21.8 - https:\/\/yoast.com\/wordpress\/plugins\/seo\/ -->\n<title>Interview des propri\u00e9taires de Belrepayre Airstream &amp; Retro<\/title>\n<meta name=\"robots\" content=\"index, follow, max-snippet:-1, max-image-preview:large, max-video-preview:-1\" \/>\n<link rel=\"canonical\" href=\"https:\/\/mag.abracadaroom.com\/fr\/interview-des-proprietaires-de-belrepayre-airstream-retro\/\" \/>\n<meta property=\"og:locale\" content=\"fr_FR\" \/>\n<meta property=\"og:type\" content=\"article\" \/>\n<meta property=\"og:title\" content=\"Interview des propri\u00e9taires de Belrepayre Airstream &amp; Retro\" \/>\n<meta property=\"og:description\" content=\"Cette semaine, nous accueillons les propri\u00e9taires de Belrepayre Airstream &#038; Retro. Ces derniers vous accueillent dans des caravanes Airstream dans l&rsquo;Ari\u00e8ge ! On vous laisse d\u00e9couvrir l&rsquo;interview\u2026 Pourriez-vous vous pr\u00e9senter aux lecteurs d&rsquo;AbracadaRoom ? Perry est Anglais\/Irlandais, et moi, Coline, je suis Fran\u00e7aise. Nous avons la soixantaine maintenant et Belrepayre Airstream &#038; retro a \u00e9t\u00e9 [&hellip;]\" \/>\n<meta property=\"og:url\" content=\"https:\/\/mag.abracadaroom.com\/fr\/interview-des-proprietaires-de-belrepayre-airstream-retro\/\" \/>\n<meta property=\"og:site_name\" content=\"Le blog du tourisme insolite\" \/>\n<meta property=\"article:publisher\" content=\"https:\/\/www.facebook.com\/abracadaroom\" \/>\n<meta property=\"article:published_time\" content=\"2019-06-04T16:00:55+00:00\" \/>\n<meta property=\"article:modified_time\" content=\"2019-06-06T09:23:16+00:00\" \/>\n<meta property=\"og:image\" content=\"https:\/\/mag.abracadaroom.com\/fr\/wp-content\/uploads\/2019\/06\/belrepayre-curtis-wright-naia-2.jpg\" \/>\n\t<meta property=\"og:image:width\" content=\"900\" \/>\n\t<meta property=\"og:image:height\" content=\"675\" \/>\n\t<meta property=\"og:image:type\" content=\"image\/jpeg\" \/>\n<meta name=\"author\" content=\"Oumay\" \/>\n<meta name=\"twitter:card\" content=\"summary_large_image\" \/>\n<meta name=\"twitter:creator\" content=\"@abracadaroom\" \/>\n<meta name=\"twitter:site\" content=\"@abracadaroom\" \/>\n<meta name=\"twitter:label1\" content=\"\u00c9crit par\" \/>\n\t<meta name=\"twitter:data1\" content=\"Oumay\" \/>\n\t<meta name=\"twitter:label2\" content=\"Dur\u00e9e de lecture estim\u00e9e\" \/>\n\t<meta name=\"twitter:data2\" content=\"2 minutes\" \/>\n<script type=\"application\/ld+json\" class=\"yoast-schema-graph\">{\"@context\":\"https:\/\/schema.org\",\"@graph\":[{\"@type\":\"WebPage\",\"@id\":\"https:\/\/mag.abracadaroom.com\/fr\/interview-des-proprietaires-de-belrepayre-airstream-retro\/\",\"url\":\"https:\/\/mag.abracadaroom.com\/fr\/interview-des-proprietaires-de-belrepayre-airstream-retro\/\",\"name\":\"Interview des propri\u00e9taires de Belrepayre Airstream & Retro\",\"isPartOf\":{\"@id\":\"https:\/\/mag.abracadaroom.com\/fr\/#website\"},\"datePublished\":\"2019-06-04T16:00:55+00:00\",\"dateModified\":\"2019-06-06T09:23:16+00:00\",\"author\":{\"@id\":\"https:\/\/mag.abracadaroom.com\/fr\/#\/schema\/person\/c12fff50dd61fb4dbce6819851805f9d\"},\"breadcrumb\":{\"@id\":\"https:\/\/mag.abracadaroom.com\/fr\/interview-des-proprietaires-de-belrepayre-airstream-retro\/#breadcrumb\"},\"inLanguage\":\"fr-FR\",\"potentialAction\":[{\"@type\":\"ReadAction\",\"target\":[\"https:\/\/mag.abracadaroom.com\/fr\/interview-des-proprietaires-de-belrepayre-airstream-retro\/\"]}]},{\"@type\":\"BreadcrumbList\",\"@id\":\"https:\/\/mag.abracadaroom.com\/fr\/interview-des-proprietaires-de-belrepayre-airstream-retro\/#breadcrumb\",\"itemListElement\":[{\"@type\":\"ListItem\",\"position\":1,\"name\":\"Home\",\"item\":\"https:\/\/mag.abracadaroom.com\/fr\/\"},{\"@type\":\"ListItem\",\"position\":2,\"name\":\"Interview des propri\u00e9taires de Belrepayre Airstream &#038; Retro\"}]},{\"@type\":\"WebSite\",\"@id\":\"https:\/\/mag.abracadaroom.com\/fr\/#website\",\"url\":\"https:\/\/mag.abracadaroom.com\/fr\/\",\"name\":\"Le blog du tourisme insolite\",\"description\":\"\",\"potentialAction\":[{\"@type\":\"SearchAction\",\"target\":{\"@type\":\"EntryPoint\",\"urlTemplate\":\"https:\/\/mag.abracadaroom.com\/fr\/?s={search_term_string}\"},\"query-input\":\"required name=search_term_string\"}],\"inLanguage\":\"fr-FR\"},{\"@type\":\"Person\",\"@id\":\"https:\/\/mag.abracadaroom.com\/fr\/#\/schema\/person\/c12fff50dd61fb4dbce6819851805f9d\",\"name\":\"Oumay\",\"image\":{\"@type\":\"ImageObject\",\"inLanguage\":\"fr-FR\",\"@id\":\"https:\/\/mag.abracadaroom.com\/fr\/#\/schema\/person\/image\/\",\"url\":\"https:\/\/secure.gravatar.com\/avatar\/14cf8522d67c8b18ca19bb5f27b1459f?s=96&d=mm&r=g\",\"contentUrl\":\"https:\/\/secure.gravatar.com\/avatar\/14cf8522d67c8b18ca19bb5f27b1459f?s=96&d=mm&r=g\",\"caption\":\"Oumay\"},\"url\":\"https:\/\/mag.abracadaroom.com\/fr\/author\/oumay\/\"}]}<\/script>\n<!-- \/ Yoast SEO plugin. -->","yoast_head_json":{"title":"Interview des propri\u00e9taires de Belrepayre Airstream & Retro","robots":{"index":"index","follow":"follow","max-snippet":"max-snippet:-1","max-image-preview":"max-image-preview:large","max-video-preview":"max-video-preview:-1"},"canonical":"https:\/\/mag.abracadaroom.com\/fr\/interview-des-proprietaires-de-belrepayre-airstream-retro\/","og_locale":"fr_FR","og_type":"article","og_title":"Interview des propri\u00e9taires de Belrepayre Airstream & Retro","og_description":"Cette semaine, nous accueillons les propri\u00e9taires de Belrepayre Airstream &#038; Retro. Ces derniers vous accueillent dans des caravanes Airstream dans l&rsquo;Ari\u00e8ge ! On vous laisse d\u00e9couvrir l&rsquo;interview\u2026 Pourriez-vous vous pr\u00e9senter aux lecteurs d&rsquo;AbracadaRoom ? Perry est Anglais\/Irlandais, et moi, Coline, je suis Fran\u00e7aise. Nous avons la soixantaine maintenant et Belrepayre Airstream &#038; retro a \u00e9t\u00e9 [&hellip;]","og_url":"https:\/\/mag.abracadaroom.com\/fr\/interview-des-proprietaires-de-belrepayre-airstream-retro\/","og_site_name":"Le blog du tourisme insolite","article_publisher":"https:\/\/www.facebook.com\/abracadaroom","article_published_time":"2019-06-04T16:00:55+00:00","article_modified_time":"2019-06-06T09:23:16+00:00","og_image":[{"width":900,"height":675,"url":"https:\/\/mag.abracadaroom.com\/fr\/wp-content\/uploads\/2019\/06\/belrepayre-curtis-wright-naia-2.jpg","type":"image\/jpeg"}],"author":"Oumay","twitter_card":"summary_large_image","twitter_creator":"@abracadaroom","twitter_site":"@abracadaroom","twitter_misc":{"\u00c9crit par":"Oumay","Dur\u00e9e de lecture estim\u00e9e":"2 minutes"},"schema":{"@context":"https:\/\/schema.org","@graph":[{"@type":"WebPage","@id":"https:\/\/mag.abracadaroom.com\/fr\/interview-des-proprietaires-de-belrepayre-airstream-retro\/","url":"https:\/\/mag.abracadaroom.com\/fr\/interview-des-proprietaires-de-belrepayre-airstream-retro\/","name":"Interview des propri\u00e9taires de Belrepayre Airstream & Retro","isPartOf":{"@id":"https:\/\/mag.abracadaroom.com\/fr\/#website"},"datePublished":"2019-06-04T16:00:55+00:00","dateModified":"2019-06-06T09:23:16+00:00","author":{"@id":"https:\/\/mag.abracadaroom.com\/fr\/#\/schema\/person\/c12fff50dd61fb4dbce6819851805f9d"},"breadcrumb":{"@id":"https:\/\/mag.abracadaroom.com\/fr\/interview-des-proprietaires-de-belrepayre-airstream-retro\/#breadcrumb"},"inLanguage":"fr-FR","potentialAction":[{"@type":"ReadAction","target":["https:\/\/mag.abracadaroom.com\/fr\/interview-des-proprietaires-de-belrepayre-airstream-retro\/"]}]},{"@type":"BreadcrumbList","@id":"https:\/\/mag.abracadaroom.com\/fr\/interview-des-proprietaires-de-belrepayre-airstream-retro\/#breadcrumb","itemListElement":[{"@type":"ListItem","position":1,"name":"Home","item":"https:\/\/mag.abracadaroom.com\/fr\/"},{"@type":"ListItem","position":2,"name":"Interview des propri\u00e9taires de Belrepayre Airstream &#038; Retro"}]},{"@type":"WebSite","@id":"https:\/\/mag.abracadaroom.com\/fr\/#website","url":"https:\/\/mag.abracadaroom.com\/fr\/","name":"Le blog du tourisme insolite","description":"","potentialAction":[{"@type":"SearchAction","target":{"@type":"EntryPoint","urlTemplate":"https:\/\/mag.abracadaroom.com\/fr\/?s={search_term_string}"},"query-input":"required name=search_term_string"}],"inLanguage":"fr-FR"},{"@type":"Person","@id":"https:\/\/mag.abracadaroom.com\/fr\/#\/schema\/person\/c12fff50dd61fb4dbce6819851805f9d","name":"Oumay","image":{"@type":"ImageObject","inLanguage":"fr-FR","@id":"https:\/\/mag.abracadaroom.com\/fr\/#\/schema\/person\/image\/","url":"https:\/\/secure.gravatar.com\/avatar\/14cf8522d67c8b18ca19bb5f27b1459f?s=96&d=mm&r=g","contentUrl":"https:\/\/secure.gravatar.com\/avatar\/14cf8522d67c8b18ca19bb5f27b1459f?s=96&d=mm&r=g","caption":"Oumay"},"url":"https:\/\/mag.abracadaroom.com\/fr\/author\/oumay\/"}]}},"_links":{"self":[{"href":"https:\/\/mag.abracadaroom.com\/fr\/wp-json\/wp\/v2\/posts\/7699"}],"collection":[{"href":"https:\/\/mag.abracadaroom.com\/fr\/wp-json\/wp\/v2\/posts"}],"about":[{"href":"https:\/\/mag.abracadaroom.com\/fr\/wp-json\/wp\/v2\/types\/post"}],"author":[{"embeddable":true,"href":"https:\/\/mag.abracadaroom.com\/fr\/wp-json\/wp\/v2\/users\/8"}],"replies":[{"embeddable":true,"href":"https:\/\/mag.abracadaroom.com\/fr\/wp-json\/wp\/v2\/comments?post=7699"}],"version-history":[{"count":6,"href":"https:\/\/mag.abracadaroom.com\/fr\/wp-json\/wp\/v2\/posts\/7699\/revisions"}],"predecessor-version":[{"id":7708,"href":"https:\/\/mag.abracadaroom.com\/fr\/wp-json\/wp\/v2\/posts\/7699\/revisions\/7708"}],"wp:featuredmedia":[{"embeddable":true,"href":"https:\/\/mag.abracadaroom.com\/fr\/wp-json\/wp\/v2\/media\/7709"}],"wp:attachment":[{"href":"https:\/\/mag.abracadaroom.com\/fr\/wp-json\/wp\/v2\/media?parent=7699"}],"wp:term":[{"taxonomy":"category","embeddable":true,"href":"https:\/\/mag.abracadaroom.com\/fr\/wp-json\/wp\/v2\/categories?post=7699"},{"taxonomy":"post_tag","embeddable":true,"href":"https:\/\/mag.abracadaroom.com\/fr\/wp-json\/wp\/v2\/tags?post=7699"}],"curies":[{"name":"wp","href":"https:\/\/api.w.org\/{rel}","templated":true}]}}