{"id":7805,"date":"2019-06-19T17:00:57","date_gmt":"2019-06-19T16:00:57","guid":{"rendered":"https:\/\/mag.abracadaroom.com\/fr\/?p=7805"},"modified":"2020-01-31T11:10:19","modified_gmt":"2020-01-31T10:10:19","slug":"interview-du-proprietaire-du-jardin-des-colibris","status":"publish","type":"post","link":"https:\/\/mag.abracadaroom.com\/fr\/interview-du-proprietaire-du-jardin-des-colibris\/","title":{"rendered":"Interview du propri\u00e9taire du Jardin des Colibris"},"content":{"rendered":"<p style=\"text-align: justify;\"><img decoding=\"async\" class=\"wp-image-4330 alignright\" src=\"https:\/\/mag.abracadaroom.com\/fr\/wp-content\/uploads\/2019\/06\/Equipe-colibris-bis.jpeg\" alt=\"\u00c9quipe Jardin des Colibris\" width=\"250\" \/>Cette semaine, nous accueillons le propri\u00e9taire du domaine Au Jardin des Colibris. Il vous accueille dans des <a href=\"https:\/\/www.abracadaroom.com\/fr\/nuit-insolite-cabane-dans-les-arbres-guadeloupe\/\" rel=\"noopener\" target=\"_blank\">cabanes au c\u0153ur de la nature tropicale Guadeloup\u00e9enne<\/a> ! On vous laisse d\u00e9couvrir l&rsquo;interview\u2026<\/p>\n<h2 style=\"text-align: justify;\"><span style=\"color: #7f204e;\">Pourriez-vous vous pr\u00e9senter aux lecteurs d&rsquo;AbracadaRoom ?<\/span><\/h2>\n<p style=\"text-align: justify;\">Originaires de la France m\u00e9tropolitaine, nous sommes des passionn\u00e9s de voyages ! En couple et plus tard avec nos enfants, nous avons eu la chance de pas mal barouder \u00e0 travers le monde, avec une attirance particuli\u00e8re pour les \u00eeles tropicales&#8230;<br \/>\nEt puis, un jour nous avons d\u00e9couvert un lieu \u00e0 la hauteur de nos r\u00eaves et avons d\u00e9cid\u00e9 d&rsquo;y poser nos valises afin d&rsquo;accueillir \u00e0 notre tour les voyageurs de tous horizons.<br \/>\nLe jardin des colibris \u00e9tait n\u00e9, c&rsquo;\u00e9tait en 2006 !<\/p>\n<h2 style=\"text-align: justify;\"><span style=\"color: #7f204e;\">Pouvez-vous d\u00e9crire votre domaine en quelques mots ?<\/span><\/h2>\n<p style=\"text-align: justify;\">Au jardin des colibris est id\u00e9alement situ\u00e9 au coeur d&rsquo;un hectare de nature class\u00e9e, la for\u00eat tropicale ici pr\u00e9serv\u00e9e, paradis des oiseaux dans une v\u00e9g\u00e9tation luxuriante et \u00e9xub\u00e9rante, dans le calme absolu \u00e0 quelques minutes des plus belles plages de la <a href=\"https:\/\/www.abracadaroom.com\/fr\/week-end-insolite-guadeloupe-971-outre-mer\/\" rel=\"noopener\" target=\"_blank\">Guadeloupe<\/a>.<br \/>\nDes h\u00e9bergements insolites se sont nich\u00e9s dans la for\u00eat tropicale. <a href=\"https:\/\/www.abracadaroom.com\/fr\/reservation-au-jardin-des-colibris-cabane-dans-les-arbres-la-cabane-dans-les-arbres-2555\/\" rel=\"noopener\" target=\"_blank\">Cabane dans les arbres<\/a> et <a href=\"https:\/\/www.abracadaroom.com\/fr\/reservation-au-jardin-des-colibris-cabane-case-creole-en-bois-2556\/\" rel=\"noopener\" target=\"_blank\">cases cr\u00e9ole en bois<\/a> avec douche sous les \u00e9toiles, nid des colibris pour les amoureux avec un incroyable lit dans les arbres, lodges tropicaux avec piscine privative perch\u00e9e dans la canop\u00e9e et jardin d&rsquo;eau pour une douche tropicale \u00e0 ciel ouvert !<br \/>\nIci la piscine est ouverte 24\/24, pour un bain de lune c&rsquo;est magique avec les bruissements de la nature.<br \/>\nNous avons fait le choix de recevoir nos h\u00f4tes avec un accueil ouvert tous les jours de l&rsquo;ann\u00e9e, toute la journ\u00e9e&#8230; Une table \u00e0 r\u00e9server au restaurant, un petit conseil, une excursion, un souci \u00e0 r\u00e9gler, un massage, un bon tuyau&#8230; Toujours hors des sentiers battus.<\/p>\n<h2 style=\"text-align: justify;\"><span style=\"color: #7f204e;\">Quels sont vos points forts, vos atouts (en terme d\u2019humain, activit\u00e9s, repas, \u00e9cologie, produits propos\u00e9s, nature, d\u00e9paysement, aventure, etc.) ?<\/span><\/h2>\n<p style=\"text-align: justify;\">Depuis son lancement, Au Jardin des Colibris a pour vocation de recevoir ses h\u00f4tes dans le respect de la nature qui nous accueille. Tri selectif, panneaux solaires, composteurs, \u00e9conomiseurs d&rsquo;eau et edf, logements bioclimatiques, etc. Tout en pr\u00e9servant un confort maximal, nous avons privil\u00e9gi\u00e9 la pr\u00e9servation de la biodiversit\u00e9. Ce mariage r\u00e9ussit entre un <a href=\"https:\/\/www.abracadaroom.com\/fr\/sejour-nature-ecotourisme\/\">tourisme durable<\/a> et confortable nous a valu plusieurs distinction dont la palme verte du tourisme remport\u00e9e en 2018, d\u00e9cern\u00e9e par le comit\u00e9 du tourisme des \u00eeles de Guadeloupe.<br \/>\nNous \u00e9galement re\u00e7u la marque \u00ab\u00a0Esprit Parc\u00a0\u00bb du parc national de la Guadeloupe, attribu\u00e9e sur la base de 60 crit\u00e8res \u00e9thiques et environnementaux.<br \/>\nNotre id\u00e9e est de permettre \u00e0 nos h\u00f4tes de d\u00e9couvrir ici une Guadeloupe authentique et accueillante, respectueuse de son environnement, et de faire de ce voyage au pays des colibris une exp\u00e9rience unique.<\/p>\n<p><img decoding=\"async\" class=\"aligncenter size-full wp-image-4318\" src=\"https:\/\/mag.abracadaroom.com\/fr\/wp-content\/uploads\/2019\/06\/guada.png\" alt=\"Au Jardin des Colibris\" width=\"900\"\/><\/p>\n<h2 style=\"text-align: justify;\"><span style=\"color: #7f204e;\">Quelles activit\u00e9s peut-on retrouver sur votre domaine ?<\/span><\/h2>\n<p style=\"text-align: justify;\">Nous sommes situ\u00e9s en lisi\u00e8re du fameux jardin botanique de Guadeloupe, et b\u00e9n\u00e9ficions d&rsquo;un espace de nature qui abrite une faune et une flore exceptionnelle dont plusieurs <a href=\"https:\/\/www.abracadaroom.com\/fr\/sejour-obsvervation-des-oiseaux\/\" rel=\"noopener\" target=\"_blank\">colonies d&rsquo;oiseaux<\/a>. Les 3 esp\u00e8ces de colibris end\u00e9miques des petites antilles sont ici pr\u00e9sent ainsi que le Pic de Guadeloupe dont la pr\u00e9sence est rare, on ne peut l&rsquo;observer qu&rsquo;ici en Guadeloupe et nulle part ailleurs dans le monde ! Au total plus de 25 esp\u00e8ces diff\u00e9rentes peuvent \u00eatre observ\u00e9es quotidiennement dans notre \u00ab\u00a0refuge\u00a0\u00bb class\u00e9 par la ligue de protection des oiseaux et Birds international.<br \/>\nDepuis notre SPA \u00d4 Nid Douillet nous proposons des soins esth\u00e9tiques et des massages des \u00eeles, dans un lieu cosy, berc\u00e9 par les chants des oiseaux.<br \/>\nUne agr\u00e9able piscine est ouverte 24\/24, \u00e9clair\u00e9e la nuit pour profiter d&rsquo;un rafraichissement berc\u00e9 par les bruissements de la nature.<\/p>\n<h2 style=\"text-align: justify;\"><span style=\"color: #7f204e;\">Quels sont les bons plans aux alentours de votre domaine ?<\/span><\/h2>\n<p style=\"text-align: justify;\">Au d\u00e9part du jardin des colibris, les plus belles plages de Guadeloupe sont \u00e0 quelques minutes seulement (Grande anse, la perle, rifflet, leroux, petite anse, bosco, tillet, etc.), le village de p\u00eacheurs de Deshaies face \u00e0 une baie prot\u00e9g\u00e9e, la r\u00e9serve cousteau et ses fonds sous marins d&rsquo;une richesse exceptionnelle, les ilets de sable blanc et la mangrove dans le plus grand lagon de l&rsquo;arc antillais, c\u00e9tac\u00e9s, baleines et dauphins que l&rsquo;ont peut rencontrer au d\u00e9part de Deshaies, le parc national de la Guadeloupe avec ses cascades, rivi\u00e8res, jungle tropicale et volcan sont \u00e9galement \u00e0 port\u00e9e de main&#8230;<\/p>\n<h2 style=\"text-align: justify;\"><span style=\"color: #7f204e;\">Avez-vous une exp\u00e9rience ou une anecdote au sein de votre domaine \u00e0 nous raconter ?<\/span><\/h2>\n<p style=\"text-align: justify;\">Deux copines Allemandes avaient r\u00e9serv\u00e9 la cabane dans les arbres, chaque jour elle nous disaient combien elles \u00e9taient heureuse de cette immersion tropicale, insolite au premier \u00e9tage des arbres. Un matin elles arrivent \u00e0 l&rsquo;accueil tr\u00e8s excit\u00e9es : \u00a0\u00bb Matthieu, Matthieu ! Tu ne sais pas ce que nous avons vu, dans la cabane ?\u00a0\u00bb Elles reprennent leur souffle&#8230;  \u00ab\u00a0Un petit ours ! Et il nous a vol\u00e9 une part de pizza !\u00a0\u00bb<br \/>\nUn raton laveur, v\u00e9ritable petite peluche sur patte s&rsquo;\u00e9tait invit\u00e9 \u00e0 la table de nos h\u00f4tes pour partager leur pizza ! La nature est ici chez elle.<\/p>\n<h2 style=\"text-align: justify;\"><span style=\"color: #7f204e;\">Laissez un message \u00e0 nos lecteurs : <\/span><\/h2>\n<p><img decoding=\"async\" class=\"wp-image-4330 alignright\" src=\"https:\/\/mag.abracadaroom.com\/fr\/wp-content\/uploads\/2019\/06\/21985-fo-normal___v_c6e9529684f6ed45d9d85f8096ffc153.jpg\" alt=\"Jardin des Colibris Guadeloupe\" width=\"300\" \/><\/p>\n<p style=\"text-align: justify;\">Nature et convivialit\u00e9, pour des vacances id\u00e9alement situ\u00e9es dans un cadre atypique. Telle est notre promesse !<br \/>\nNous aurons \u00e0 coeur de vous faire partager la Guadeloupe que l&rsquo;on aime, authentique et naturelle, accueillante et insouciante, tellement belle&#8230;<\/p>\n<p><\/br><\/br><\/p>\n<p style=\"text-align: center;\"><a style=\"text-shadow: none; font-family: Amatic SC; font-size: 22px; padding: 15px; background-color: #01aeb6; color: white;\" href=\"https:\/\/www.abracadaroom.com\/fr\/location-au-jardin-des-colibris-2187\/\" target=\"_blank\" rel=\"noopener noreferrer\"><b>D\u00e9couvrir le Jardin des Colibris !<\/b><\/a><\/p>\n","protected":false},"excerpt":{"rendered":"<p>Cette semaine, nous accueillons le propri\u00e9taire du domaine Au Jardin des Colibris. Il vous accueille dans des cabanes au c\u0153ur de la nature tropicale Guadeloup\u00e9enne ! On vous laisse d\u00e9couvrir l&rsquo;interview\u2026 Pourriez-vous vous pr\u00e9senter aux lecteurs d&rsquo;AbracadaRoom ? Originaires de la France m\u00e9tropolitaine, nous sommes des passionn\u00e9s de voyages ! En couple et plus tard [&hellip;]<\/p>\n","protected":false},"author":8,"featured_media":7815,"comment_status":"open","ping_status":"open","sticky":false,"template":"","format":"standard","meta":{"om_disable_all_campaigns":false,"_uf_show_specific_survey":0,"_uf_disable_surveys":false,"footnotes":""},"categories":[10],"tags":[],"yoast_head":"<!-- This site is optimized with the Yoast SEO plugin v21.8 - https:\/\/yoast.com\/wordpress\/plugins\/seo\/ -->\n<title>Interview du propri\u00e9taire du Jardin des Colibris<\/title>\n<meta name=\"robots\" content=\"index, follow, max-snippet:-1, max-image-preview:large, max-video-preview:-1\" \/>\n<link rel=\"canonical\" href=\"https:\/\/mag.abracadaroom.com\/fr\/interview-du-proprietaire-du-jardin-des-colibris\/\" \/>\n<meta property=\"og:locale\" content=\"fr_FR\" \/>\n<meta property=\"og:type\" content=\"article\" \/>\n<meta property=\"og:title\" content=\"Interview du propri\u00e9taire du Jardin des Colibris\" \/>\n<meta property=\"og:description\" content=\"Cette semaine, nous accueillons le propri\u00e9taire du domaine Au Jardin des Colibris. Il vous accueille dans des cabanes au c\u0153ur de la nature tropicale Guadeloup\u00e9enne ! On vous laisse d\u00e9couvrir l&rsquo;interview\u2026 Pourriez-vous vous pr\u00e9senter aux lecteurs d&rsquo;AbracadaRoom ? Originaires de la France m\u00e9tropolitaine, nous sommes des passionn\u00e9s de voyages ! En couple et plus tard [&hellip;]\" \/>\n<meta property=\"og:url\" content=\"https:\/\/mag.abracadaroom.com\/fr\/interview-du-proprietaire-du-jardin-des-colibris\/\" \/>\n<meta property=\"og:site_name\" content=\"Le blog du tourisme insolite\" \/>\n<meta property=\"article:publisher\" content=\"https:\/\/www.facebook.com\/abracadaroom\" \/>\n<meta property=\"article:published_time\" content=\"2019-06-19T16:00:57+00:00\" \/>\n<meta property=\"article:modified_time\" content=\"2020-01-31T10:10:19+00:00\" \/>\n<meta property=\"og:image\" content=\"https:\/\/mag.abracadaroom.com\/fr\/wp-content\/uploads\/2019\/06\/IMG_0386-1024x763.jpg\" \/>\n\t<meta property=\"og:image:width\" content=\"1024\" \/>\n\t<meta property=\"og:image:height\" content=\"763\" \/>\n\t<meta property=\"og:image:type\" content=\"image\/jpeg\" \/>\n<meta name=\"author\" content=\"Oumay\" \/>\n<meta name=\"twitter:card\" content=\"summary_large_image\" \/>\n<meta name=\"twitter:creator\" content=\"@abracadaroom\" \/>\n<meta name=\"twitter:site\" content=\"@abracadaroom\" \/>\n<meta name=\"twitter:label1\" content=\"\u00c9crit par\" \/>\n\t<meta name=\"twitter:data1\" content=\"Oumay\" \/>\n\t<meta name=\"twitter:label2\" content=\"Dur\u00e9e de lecture estim\u00e9e\" \/>\n\t<meta name=\"twitter:data2\" content=\"5 minutes\" \/>\n<script type=\"application\/ld+json\" class=\"yoast-schema-graph\">{\"@context\":\"https:\/\/schema.org\",\"@graph\":[{\"@type\":\"WebPage\",\"@id\":\"https:\/\/mag.abracadaroom.com\/fr\/interview-du-proprietaire-du-jardin-des-colibris\/\",\"url\":\"https:\/\/mag.abracadaroom.com\/fr\/interview-du-proprietaire-du-jardin-des-colibris\/\",\"name\":\"Interview du propri\u00e9taire du Jardin des Colibris\",\"isPartOf\":{\"@id\":\"https:\/\/mag.abracadaroom.com\/fr\/#website\"},\"datePublished\":\"2019-06-19T16:00:57+00:00\",\"dateModified\":\"2020-01-31T10:10:19+00:00\",\"author\":{\"@id\":\"https:\/\/mag.abracadaroom.com\/fr\/#\/schema\/person\/c12fff50dd61fb4dbce6819851805f9d\"},\"breadcrumb\":{\"@id\":\"https:\/\/mag.abracadaroom.com\/fr\/interview-du-proprietaire-du-jardin-des-colibris\/#breadcrumb\"},\"inLanguage\":\"fr-FR\",\"potentialAction\":[{\"@type\":\"ReadAction\",\"target\":[\"https:\/\/mag.abracadaroom.com\/fr\/interview-du-proprietaire-du-jardin-des-colibris\/\"]}]},{\"@type\":\"BreadcrumbList\",\"@id\":\"https:\/\/mag.abracadaroom.com\/fr\/interview-du-proprietaire-du-jardin-des-colibris\/#breadcrumb\",\"itemListElement\":[{\"@type\":\"ListItem\",\"position\":1,\"name\":\"Home\",\"item\":\"https:\/\/mag.abracadaroom.com\/fr\/\"},{\"@type\":\"ListItem\",\"position\":2,\"name\":\"Interview du propri\u00e9taire du Jardin des Colibris\"}]},{\"@type\":\"WebSite\",\"@id\":\"https:\/\/mag.abracadaroom.com\/fr\/#website\",\"url\":\"https:\/\/mag.abracadaroom.com\/fr\/\",\"name\":\"Le blog du tourisme insolite\",\"description\":\"\",\"potentialAction\":[{\"@type\":\"SearchAction\",\"target\":{\"@type\":\"EntryPoint\",\"urlTemplate\":\"https:\/\/mag.abracadaroom.com\/fr\/?s={search_term_string}\"},\"query-input\":\"required name=search_term_string\"}],\"inLanguage\":\"fr-FR\"},{\"@type\":\"Person\",\"@id\":\"https:\/\/mag.abracadaroom.com\/fr\/#\/schema\/person\/c12fff50dd61fb4dbce6819851805f9d\",\"name\":\"Oumay\",\"image\":{\"@type\":\"ImageObject\",\"inLanguage\":\"fr-FR\",\"@id\":\"https:\/\/mag.abracadaroom.com\/fr\/#\/schema\/person\/image\/\",\"url\":\"https:\/\/secure.gravatar.com\/avatar\/14cf8522d67c8b18ca19bb5f27b1459f?s=96&d=mm&r=g\",\"contentUrl\":\"https:\/\/secure.gravatar.com\/avatar\/14cf8522d67c8b18ca19bb5f27b1459f?s=96&d=mm&r=g\",\"caption\":\"Oumay\"},\"url\":\"https:\/\/mag.abracadaroom.com\/fr\/author\/oumay\/\"}]}<\/script>\n<!-- \/ Yoast SEO plugin. -->","yoast_head_json":{"title":"Interview du propri\u00e9taire du Jardin des Colibris","robots":{"index":"index","follow":"follow","max-snippet":"max-snippet:-1","max-image-preview":"max-image-preview:large","max-video-preview":"max-video-preview:-1"},"canonical":"https:\/\/mag.abracadaroom.com\/fr\/interview-du-proprietaire-du-jardin-des-colibris\/","og_locale":"fr_FR","og_type":"article","og_title":"Interview du propri\u00e9taire du Jardin des Colibris","og_description":"Cette semaine, nous accueillons le propri\u00e9taire du domaine Au Jardin des Colibris. Il vous accueille dans des cabanes au c\u0153ur de la nature tropicale Guadeloup\u00e9enne ! On vous laisse d\u00e9couvrir l&rsquo;interview\u2026 Pourriez-vous vous pr\u00e9senter aux lecteurs d&rsquo;AbracadaRoom ? Originaires de la France m\u00e9tropolitaine, nous sommes des passionn\u00e9s de voyages ! En couple et plus tard [&hellip;]","og_url":"https:\/\/mag.abracadaroom.com\/fr\/interview-du-proprietaire-du-jardin-des-colibris\/","og_site_name":"Le blog du tourisme insolite","article_publisher":"https:\/\/www.facebook.com\/abracadaroom","article_published_time":"2019-06-19T16:00:57+00:00","article_modified_time":"2020-01-31T10:10:19+00:00","og_image":[{"width":1024,"height":763,"url":"https:\/\/mag.abracadaroom.com\/fr\/wp-content\/uploads\/2019\/06\/IMG_0386-1024x763.jpg","type":"image\/jpeg"}],"author":"Oumay","twitter_card":"summary_large_image","twitter_creator":"@abracadaroom","twitter_site":"@abracadaroom","twitter_misc":{"\u00c9crit par":"Oumay","Dur\u00e9e de lecture estim\u00e9e":"5 minutes"},"schema":{"@context":"https:\/\/schema.org","@graph":[{"@type":"WebPage","@id":"https:\/\/mag.abracadaroom.com\/fr\/interview-du-proprietaire-du-jardin-des-colibris\/","url":"https:\/\/mag.abracadaroom.com\/fr\/interview-du-proprietaire-du-jardin-des-colibris\/","name":"Interview du propri\u00e9taire du Jardin des Colibris","isPartOf":{"@id":"https:\/\/mag.abracadaroom.com\/fr\/#website"},"datePublished":"2019-06-19T16:00:57+00:00","dateModified":"2020-01-31T10:10:19+00:00","author":{"@id":"https:\/\/mag.abracadaroom.com\/fr\/#\/schema\/person\/c12fff50dd61fb4dbce6819851805f9d"},"breadcrumb":{"@id":"https:\/\/mag.abracadaroom.com\/fr\/interview-du-proprietaire-du-jardin-des-colibris\/#breadcrumb"},"inLanguage":"fr-FR","potentialAction":[{"@type":"ReadAction","target":["https:\/\/mag.abracadaroom.com\/fr\/interview-du-proprietaire-du-jardin-des-colibris\/"]}]},{"@type":"BreadcrumbList","@id":"https:\/\/mag.abracadaroom.com\/fr\/interview-du-proprietaire-du-jardin-des-colibris\/#breadcrumb","itemListElement":[{"@type":"ListItem","position":1,"name":"Home","item":"https:\/\/mag.abracadaroom.com\/fr\/"},{"@type":"ListItem","position":2,"name":"Interview du propri\u00e9taire du Jardin des Colibris"}]},{"@type":"WebSite","@id":"https:\/\/mag.abracadaroom.com\/fr\/#website","url":"https:\/\/mag.abracadaroom.com\/fr\/","name":"Le blog du tourisme insolite","description":"","potentialAction":[{"@type":"SearchAction","target":{"@type":"EntryPoint","urlTemplate":"https:\/\/mag.abracadaroom.com\/fr\/?s={search_term_string}"},"query-input":"required name=search_term_string"}],"inLanguage":"fr-FR"},{"@type":"Person","@id":"https:\/\/mag.abracadaroom.com\/fr\/#\/schema\/person\/c12fff50dd61fb4dbce6819851805f9d","name":"Oumay","image":{"@type":"ImageObject","inLanguage":"fr-FR","@id":"https:\/\/mag.abracadaroom.com\/fr\/#\/schema\/person\/image\/","url":"https:\/\/secure.gravatar.com\/avatar\/14cf8522d67c8b18ca19bb5f27b1459f?s=96&d=mm&r=g","contentUrl":"https:\/\/secure.gravatar.com\/avatar\/14cf8522d67c8b18ca19bb5f27b1459f?s=96&d=mm&r=g","caption":"Oumay"},"url":"https:\/\/mag.abracadaroom.com\/fr\/author\/oumay\/"}]}},"_links":{"self":[{"href":"https:\/\/mag.abracadaroom.com\/fr\/wp-json\/wp\/v2\/posts\/7805"}],"collection":[{"href":"https:\/\/mag.abracadaroom.com\/fr\/wp-json\/wp\/v2\/posts"}],"about":[{"href":"https:\/\/mag.abracadaroom.com\/fr\/wp-json\/wp\/v2\/types\/post"}],"author":[{"embeddable":true,"href":"https:\/\/mag.abracadaroom.com\/fr\/wp-json\/wp\/v2\/users\/8"}],"replies":[{"embeddable":true,"href":"https:\/\/mag.abracadaroom.com\/fr\/wp-json\/wp\/v2\/comments?post=7805"}],"version-history":[{"count":9,"href":"https:\/\/mag.abracadaroom.com\/fr\/wp-json\/wp\/v2\/posts\/7805\/revisions"}],"predecessor-version":[{"id":8706,"href":"https:\/\/mag.abracadaroom.com\/fr\/wp-json\/wp\/v2\/posts\/7805\/revisions\/8706"}],"wp:featuredmedia":[{"embeddable":true,"href":"https:\/\/mag.abracadaroom.com\/fr\/wp-json\/wp\/v2\/media\/7815"}],"wp:attachment":[{"href":"https:\/\/mag.abracadaroom.com\/fr\/wp-json\/wp\/v2\/media?parent=7805"}],"wp:term":[{"taxonomy":"category","embeddable":true,"href":"https:\/\/mag.abracadaroom.com\/fr\/wp-json\/wp\/v2\/categories?post=7805"},{"taxonomy":"post_tag","embeddable":true,"href":"https:\/\/mag.abracadaroom.com\/fr\/wp-json\/wp\/v2\/tags?post=7805"}],"curies":[{"name":"wp","href":"https:\/\/api.w.org\/{rel}","templated":true}]}}