{"id":8612,"date":"2020-01-21T17:00:45","date_gmt":"2020-01-21T16:00:45","guid":{"rendered":"https:\/\/mag.abracadaroom.com\/fr\/?p=8612"},"modified":"2020-01-20T16:33:18","modified_gmt":"2020-01-20T15:33:18","slug":"interview-de-la-proprietaire-du-camping-de-laiguille-creuse","status":"publish","type":"post","link":"https:\/\/mag.abracadaroom.com\/fr\/interview-de-la-proprietaire-du-camping-de-laiguille-creuse\/","title":{"rendered":"Interview de la propri\u00e9taire du camping de l&rsquo;Aiguille Creuse"},"content":{"rendered":"<p style=\"text-align: justify;\"><img decoding=\"async\" class=\"wp-image-4330 alignright\" src=\"https:\/\/mag.abracadaroom.com\/fr\/wp-content\/uploads\/2020\/01\/MG_0194.jpg\" alt=\"Aiguille Creuse\" width=\"300\" \/>Cette semaine, nous accueillons la propri\u00e9taire de l&rsquo;Aiguille Creuse, qui vous invite \u00e0 s\u00e9journer dans ses bateaux sur terre en Seine-Maritime (76) ! On vous laisse d\u00e9couvrir l&rsquo;interview\u2026<\/p>\n<h2 style=\"text-align: justify;\"><span style=\"color: #7f204e;\">Pourriez-vous vous pr\u00e9senter aux lecteurs d&rsquo;AbracadaRoom ?<\/span><\/h2>\n<p style=\"text-align: justify;\">Nous avons chang\u00e9 de vie en 2018 pour acheter ce beau camping Normand.<br \/>\nNous avons rencontr\u00e9 la soci\u00e9t\u00e9 Bath\u00f4, leur travail sur le principe de l&rsquo;\u00e9conomie circulaire, et le c\u0153ur mis \u00e0 l&rsquo;ouvrage ne nous a fait douter \u00e0 aucun moment. Nous avons eu un coup de c\u0153ur et nous ne le regrettons pas.<br \/>\nLes 2 Bath\u00f4s ont notre \u00e2ge, ils ont \u00e9t\u00e9 r\u00e9nov\u00e9s pour devenir des h\u00e9bergements insolites. Qu&rsquo;ils passent leur retraite chez nous, nous est apparu comme une \u00e9vidence.<\/p>\n<h2 style=\"text-align: justify;\"><span style=\"color: #7f204e;\">Pouvez-vous d\u00e9crire votre domaine en quelques mots ?<\/span><\/h2>\n<p style=\"text-align: justify;\"> Notre camping 4 \u00e9toiles est labellis\u00e9 Camping Qualit\u00e9 et Normandie Qualit\u00e9 Tourisme. Il dispose d&rsquo;une surface de trois hectares sur lesquels se trouvent 137 emplacements dont 28 mobilhomes et 2 \u00ab\u00a0bath\u00f4s\u00a0\u00bb. Le camping comporte \u00e9galement une piscine chauff\u00e9e et couverte, d&rsquo;une aire de jeux pour enfants et d&rsquo;une structure gonflable. Et, pour ceux qui ne souhaitent pas rester totalement d\u00e9connect\u00e9s, notre camping est \u00e9quip\u00e9 du Wifi<\/p>\n<h2 style=\"text-align: justify;\"><span style=\"color: #7f204e;\">Quels sont vos points forts, vos atouts (en terme d\u2019humain, activit\u00e9s, repas, \u00e9cologie, produits propos\u00e9s, nature, d\u00e9paysement, aventure, etc.) ?<\/span><\/h2>\n<p style=\"text-align: justify;\"> Notre camping est situ\u00e9 \u00e0 5 km des fameuses falaises d&rsquo;Etretat, pr\u00e8s du chemin de randonn\u00e9e GR21 avec 195 km de randonn\u00e9es. Il y a aussi un v\u00e9lorail au d\u00e9part de notre village jusqu&rsquo;Etretat pour ceux qui n&rsquo;ont pas envie de marcher !<br \/>\nNotre camping est id\u00e9al pour les seniors ou couples avec enfants en bas \u00e2ge. Il est familial et propice au calme et au repos !<\/p>\n<p><img decoding=\"async\" class=\"aligncenter size-full wp-image-4318\" src=\"https:\/\/mag.abracadaroom.com\/fr\/wp-content\/uploads\/2020\/01\/aiguillecreuse.jpg\" alt=\"Aiguille Creuse\" width=\"900\" \/><\/p>\n<h2 style=\"text-align: justify;\"><span style=\"color: #7f204e;\">Quelles activit\u00e9s peut-on retrouver sur votre domaine ?<\/span><\/h2>\n<p style=\"text-align: justify;\"> De nombreuses activit\u00e9s sont disponibles sur notre domaine, vous disposez d&rsquo;un acc\u00e8s au terrain de tennis, d&rsquo;un terrain de p\u00e9tanque, d&rsquo;une aire de fitness ext\u00e9rieure, d&rsquo;une aire de jeux et d&rsquo;une structure gonflable pour les enfants. Pas de quoi s&rsquo;ennuyer pendant son s\u00e9jour, il y en a pour petits et grands ! <\/p>\n<h2 style=\"text-align: justify;\"><span style=\"color: #7f204e;\">Quels sont les bons plans aux alentours de votre domaine ?<\/span><\/h2>\n<p style=\"text-align: justify;\"> Les bons plans sont nombreux ! Comme dit pr\u00e9c\u00e9demment il y a le GR21, mais aussi Etretat et ses c\u00e9l\u00e8bres falaises. Le petit village de p\u00eacheurs \u00ab\u00a0Yport\u00a0\u00bb ou encore Fecamp, avec son port, sa plage, le mus\u00e9e des p\u00eacheries. Pour les plus grandes villes, nous sommes proches du Havre inscrit au patrimoine Mondial de L&rsquo;UNESCO et Honfleur.\n<\/p>\n<h2 style=\"text-align: justify;\"><span style=\"color: #7f204e;\">Laissez un message \u00e0 nos lecteurs : <\/span><\/h2>\n<p><img decoding=\"async\" class=\"wp-image-4330 alignright\" src=\"https:\/\/mag.abracadaroom.com\/fr\/wp-content\/uploads\/2020\/01\/Marion_3.jpg\" alt=\"Aiguille Creuse Bath\u00f4 - AbracadaRoom\" width=\"300\" \/><\/p>\n<p style=\"text-align: justify;\"> Besoin d&rsquo;\u00e9vacuer le stress? Par tous les temps, grand bol d&rsquo;air, bottes de pluie ou soleil chauffant de printemps : La Normandie est l&rsquo;endroit id\u00e9al pour se ressourcer!\n<\/p>\n<p>&nbsp;<\/p>\n<p style=\"text-align: center;\"><a style=\"text-shadow: none; font-family: Amatic SC; font-size: 22px; padding: 15px; background-color: #01aeb6; color: white;\" href=\"https:\/\/www.abracadaroom.com\/fr\/location-camping-laiguille-creuse-2163\/\" target=\"_blank\" rel=\"noopener noreferrer\"><b>D\u00e9couvrir le Camping de l&rsquo;Aiguille Creuse !<\/b><\/a><\/p>\n","protected":false},"excerpt":{"rendered":"<p>Cette semaine, nous accueillons la propri\u00e9taire de l&rsquo;Aiguille Creuse, qui vous invite \u00e0 s\u00e9journer dans ses bateaux sur terre en Seine-Maritime (76) ! On vous laisse d\u00e9couvrir l&rsquo;interview\u2026 Pourriez-vous vous pr\u00e9senter aux lecteurs d&rsquo;AbracadaRoom ? Nous avons chang\u00e9 de vie en 2018 pour acheter ce beau camping Normand. Nous avons rencontr\u00e9 la soci\u00e9t\u00e9 Bath\u00f4, leur [&hellip;]<\/p>\n","protected":false},"author":12,"featured_media":8618,"comment_status":"open","ping_status":"open","sticky":false,"template":"","format":"standard","meta":{"om_disable_all_campaigns":false,"_uf_show_specific_survey":0,"_uf_disable_surveys":false,"footnotes":""},"categories":[10],"tags":[],"yoast_head":"<!-- This site is optimized with the Yoast SEO plugin v21.8 - https:\/\/yoast.com\/wordpress\/plugins\/seo\/ -->\n<title>Interview de la propri\u00e9taire du camping de l&#039;Aiguille Creuse<\/title>\n<meta name=\"robots\" content=\"index, follow, max-snippet:-1, max-image-preview:large, max-video-preview:-1\" \/>\n<link rel=\"canonical\" href=\"https:\/\/mag.abracadaroom.com\/fr\/interview-de-la-proprietaire-du-camping-de-laiguille-creuse\/\" \/>\n<meta property=\"og:locale\" content=\"fr_FR\" \/>\n<meta property=\"og:type\" content=\"article\" \/>\n<meta property=\"og:title\" content=\"Interview de la propri\u00e9taire du camping de l&#039;Aiguille Creuse\" \/>\n<meta property=\"og:description\" content=\"Cette semaine, nous accueillons la propri\u00e9taire de l&rsquo;Aiguille Creuse, qui vous invite \u00e0 s\u00e9journer dans ses bateaux sur terre en Seine-Maritime (76) ! On vous laisse d\u00e9couvrir l&rsquo;interview\u2026 Pourriez-vous vous pr\u00e9senter aux lecteurs d&rsquo;AbracadaRoom ? Nous avons chang\u00e9 de vie en 2018 pour acheter ce beau camping Normand. Nous avons rencontr\u00e9 la soci\u00e9t\u00e9 Bath\u00f4, leur [&hellip;]\" \/>\n<meta property=\"og:url\" content=\"https:\/\/mag.abracadaroom.com\/fr\/interview-de-la-proprietaire-du-camping-de-laiguille-creuse\/\" \/>\n<meta property=\"og:site_name\" content=\"Le blog du tourisme insolite\" \/>\n<meta property=\"article:publisher\" content=\"https:\/\/www.facebook.com\/abracadaroom\" \/>\n<meta property=\"article:published_time\" content=\"2020-01-21T16:00:45+00:00\" \/>\n<meta property=\"article:modified_time\" content=\"2020-01-20T15:33:18+00:00\" \/>\n<meta property=\"og:image\" content=\"https:\/\/mag.abracadaroom.com\/fr\/wp-content\/uploads\/2020\/01\/Marion_2-1024x834.jpg\" \/>\n\t<meta property=\"og:image:width\" content=\"1024\" \/>\n\t<meta property=\"og:image:height\" content=\"834\" \/>\n\t<meta property=\"og:image:type\" content=\"image\/jpeg\" \/>\n<meta name=\"author\" content=\"Juliana\" \/>\n<meta name=\"twitter:card\" content=\"summary_large_image\" \/>\n<meta name=\"twitter:creator\" content=\"@abracadaroom\" \/>\n<meta name=\"twitter:site\" content=\"@abracadaroom\" \/>\n<meta name=\"twitter:label1\" content=\"\u00c9crit par\" \/>\n\t<meta name=\"twitter:data1\" content=\"Juliana\" \/>\n\t<meta name=\"twitter:label2\" content=\"Dur\u00e9e de lecture estim\u00e9e\" \/>\n\t<meta name=\"twitter:data2\" content=\"2 minutes\" \/>\n<script type=\"application\/ld+json\" class=\"yoast-schema-graph\">{\"@context\":\"https:\/\/schema.org\",\"@graph\":[{\"@type\":\"WebPage\",\"@id\":\"https:\/\/mag.abracadaroom.com\/fr\/interview-de-la-proprietaire-du-camping-de-laiguille-creuse\/\",\"url\":\"https:\/\/mag.abracadaroom.com\/fr\/interview-de-la-proprietaire-du-camping-de-laiguille-creuse\/\",\"name\":\"Interview de la propri\u00e9taire du camping de l'Aiguille Creuse\",\"isPartOf\":{\"@id\":\"https:\/\/mag.abracadaroom.com\/fr\/#website\"},\"datePublished\":\"2020-01-21T16:00:45+00:00\",\"dateModified\":\"2020-01-20T15:33:18+00:00\",\"author\":{\"@id\":\"https:\/\/mag.abracadaroom.com\/fr\/#\/schema\/person\/fa197b9cb690e32885539872f2a20b04\"},\"breadcrumb\":{\"@id\":\"https:\/\/mag.abracadaroom.com\/fr\/interview-de-la-proprietaire-du-camping-de-laiguille-creuse\/#breadcrumb\"},\"inLanguage\":\"fr-FR\",\"potentialAction\":[{\"@type\":\"ReadAction\",\"target\":[\"https:\/\/mag.abracadaroom.com\/fr\/interview-de-la-proprietaire-du-camping-de-laiguille-creuse\/\"]}]},{\"@type\":\"BreadcrumbList\",\"@id\":\"https:\/\/mag.abracadaroom.com\/fr\/interview-de-la-proprietaire-du-camping-de-laiguille-creuse\/#breadcrumb\",\"itemListElement\":[{\"@type\":\"ListItem\",\"position\":1,\"name\":\"Home\",\"item\":\"https:\/\/mag.abracadaroom.com\/fr\/\"},{\"@type\":\"ListItem\",\"position\":2,\"name\":\"Interview de la propri\u00e9taire du camping de l&rsquo;Aiguille Creuse\"}]},{\"@type\":\"WebSite\",\"@id\":\"https:\/\/mag.abracadaroom.com\/fr\/#website\",\"url\":\"https:\/\/mag.abracadaroom.com\/fr\/\",\"name\":\"Le blog du tourisme insolite\",\"description\":\"\",\"potentialAction\":[{\"@type\":\"SearchAction\",\"target\":{\"@type\":\"EntryPoint\",\"urlTemplate\":\"https:\/\/mag.abracadaroom.com\/fr\/?s={search_term_string}\"},\"query-input\":\"required name=search_term_string\"}],\"inLanguage\":\"fr-FR\"},{\"@type\":\"Person\",\"@id\":\"https:\/\/mag.abracadaroom.com\/fr\/#\/schema\/person\/fa197b9cb690e32885539872f2a20b04\",\"name\":\"Juliana\",\"image\":{\"@type\":\"ImageObject\",\"inLanguage\":\"fr-FR\",\"@id\":\"https:\/\/mag.abracadaroom.com\/fr\/#\/schema\/person\/image\/\",\"url\":\"https:\/\/secure.gravatar.com\/avatar\/dca21c981e2ed4df4fe0d23a8e98b31e?s=96&d=mm&r=g\",\"contentUrl\":\"https:\/\/secure.gravatar.com\/avatar\/dca21c981e2ed4df4fe0d23a8e98b31e?s=96&d=mm&r=g\",\"caption\":\"Juliana\"},\"url\":\"https:\/\/mag.abracadaroom.com\/fr\/author\/juliana\/\"}]}<\/script>\n<!-- \/ Yoast SEO plugin. -->","yoast_head_json":{"title":"Interview de la propri\u00e9taire du camping de l'Aiguille Creuse","robots":{"index":"index","follow":"follow","max-snippet":"max-snippet:-1","max-image-preview":"max-image-preview:large","max-video-preview":"max-video-preview:-1"},"canonical":"https:\/\/mag.abracadaroom.com\/fr\/interview-de-la-proprietaire-du-camping-de-laiguille-creuse\/","og_locale":"fr_FR","og_type":"article","og_title":"Interview de la propri\u00e9taire du camping de l'Aiguille Creuse","og_description":"Cette semaine, nous accueillons la propri\u00e9taire de l&rsquo;Aiguille Creuse, qui vous invite \u00e0 s\u00e9journer dans ses bateaux sur terre en Seine-Maritime (76) ! On vous laisse d\u00e9couvrir l&rsquo;interview\u2026 Pourriez-vous vous pr\u00e9senter aux lecteurs d&rsquo;AbracadaRoom ? Nous avons chang\u00e9 de vie en 2018 pour acheter ce beau camping Normand. Nous avons rencontr\u00e9 la soci\u00e9t\u00e9 Bath\u00f4, leur [&hellip;]","og_url":"https:\/\/mag.abracadaroom.com\/fr\/interview-de-la-proprietaire-du-camping-de-laiguille-creuse\/","og_site_name":"Le blog du tourisme insolite","article_publisher":"https:\/\/www.facebook.com\/abracadaroom","article_published_time":"2020-01-21T16:00:45+00:00","article_modified_time":"2020-01-20T15:33:18+00:00","og_image":[{"width":1024,"height":834,"url":"https:\/\/mag.abracadaroom.com\/fr\/wp-content\/uploads\/2020\/01\/Marion_2-1024x834.jpg","type":"image\/jpeg"}],"author":"Juliana","twitter_card":"summary_large_image","twitter_creator":"@abracadaroom","twitter_site":"@abracadaroom","twitter_misc":{"\u00c9crit par":"Juliana","Dur\u00e9e de lecture estim\u00e9e":"2 minutes"},"schema":{"@context":"https:\/\/schema.org","@graph":[{"@type":"WebPage","@id":"https:\/\/mag.abracadaroom.com\/fr\/interview-de-la-proprietaire-du-camping-de-laiguille-creuse\/","url":"https:\/\/mag.abracadaroom.com\/fr\/interview-de-la-proprietaire-du-camping-de-laiguille-creuse\/","name":"Interview de la propri\u00e9taire du camping de l'Aiguille Creuse","isPartOf":{"@id":"https:\/\/mag.abracadaroom.com\/fr\/#website"},"datePublished":"2020-01-21T16:00:45+00:00","dateModified":"2020-01-20T15:33:18+00:00","author":{"@id":"https:\/\/mag.abracadaroom.com\/fr\/#\/schema\/person\/fa197b9cb690e32885539872f2a20b04"},"breadcrumb":{"@id":"https:\/\/mag.abracadaroom.com\/fr\/interview-de-la-proprietaire-du-camping-de-laiguille-creuse\/#breadcrumb"},"inLanguage":"fr-FR","potentialAction":[{"@type":"ReadAction","target":["https:\/\/mag.abracadaroom.com\/fr\/interview-de-la-proprietaire-du-camping-de-laiguille-creuse\/"]}]},{"@type":"BreadcrumbList","@id":"https:\/\/mag.abracadaroom.com\/fr\/interview-de-la-proprietaire-du-camping-de-laiguille-creuse\/#breadcrumb","itemListElement":[{"@type":"ListItem","position":1,"name":"Home","item":"https:\/\/mag.abracadaroom.com\/fr\/"},{"@type":"ListItem","position":2,"name":"Interview de la propri\u00e9taire du camping de l&rsquo;Aiguille Creuse"}]},{"@type":"WebSite","@id":"https:\/\/mag.abracadaroom.com\/fr\/#website","url":"https:\/\/mag.abracadaroom.com\/fr\/","name":"Le blog du tourisme insolite","description":"","potentialAction":[{"@type":"SearchAction","target":{"@type":"EntryPoint","urlTemplate":"https:\/\/mag.abracadaroom.com\/fr\/?s={search_term_string}"},"query-input":"required name=search_term_string"}],"inLanguage":"fr-FR"},{"@type":"Person","@id":"https:\/\/mag.abracadaroom.com\/fr\/#\/schema\/person\/fa197b9cb690e32885539872f2a20b04","name":"Juliana","image":{"@type":"ImageObject","inLanguage":"fr-FR","@id":"https:\/\/mag.abracadaroom.com\/fr\/#\/schema\/person\/image\/","url":"https:\/\/secure.gravatar.com\/avatar\/dca21c981e2ed4df4fe0d23a8e98b31e?s=96&d=mm&r=g","contentUrl":"https:\/\/secure.gravatar.com\/avatar\/dca21c981e2ed4df4fe0d23a8e98b31e?s=96&d=mm&r=g","caption":"Juliana"},"url":"https:\/\/mag.abracadaroom.com\/fr\/author\/juliana\/"}]}},"_links":{"self":[{"href":"https:\/\/mag.abracadaroom.com\/fr\/wp-json\/wp\/v2\/posts\/8612"}],"collection":[{"href":"https:\/\/mag.abracadaroom.com\/fr\/wp-json\/wp\/v2\/posts"}],"about":[{"href":"https:\/\/mag.abracadaroom.com\/fr\/wp-json\/wp\/v2\/types\/post"}],"author":[{"embeddable":true,"href":"https:\/\/mag.abracadaroom.com\/fr\/wp-json\/wp\/v2\/users\/12"}],"replies":[{"embeddable":true,"href":"https:\/\/mag.abracadaroom.com\/fr\/wp-json\/wp\/v2\/comments?post=8612"}],"version-history":[{"count":3,"href":"https:\/\/mag.abracadaroom.com\/fr\/wp-json\/wp\/v2\/posts\/8612\/revisions"}],"predecessor-version":[{"id":8619,"href":"https:\/\/mag.abracadaroom.com\/fr\/wp-json\/wp\/v2\/posts\/8612\/revisions\/8619"}],"wp:featuredmedia":[{"embeddable":true,"href":"https:\/\/mag.abracadaroom.com\/fr\/wp-json\/wp\/v2\/media\/8618"}],"wp:attachment":[{"href":"https:\/\/mag.abracadaroom.com\/fr\/wp-json\/wp\/v2\/media?parent=8612"}],"wp:term":[{"taxonomy":"category","embeddable":true,"href":"https:\/\/mag.abracadaroom.com\/fr\/wp-json\/wp\/v2\/categories?post=8612"},{"taxonomy":"post_tag","embeddable":true,"href":"https:\/\/mag.abracadaroom.com\/fr\/wp-json\/wp\/v2\/tags?post=8612"}],"curies":[{"name":"wp","href":"https:\/\/api.w.org\/{rel}","templated":true}]}}