{"id":8621,"date":"2020-01-28T17:00:54","date_gmt":"2020-01-28T16:00:54","guid":{"rendered":"https:\/\/mag.abracadaroom.com\/fr\/?p=8621"},"modified":"2020-01-31T09:02:11","modified_gmt":"2020-01-31T08:02:11","slug":"interview-de-la-proprietaire-de-des-branches-et-vous","status":"publish","type":"post","link":"https:\/\/mag.abracadaroom.com\/fr\/interview-de-la-proprietaire-de-des-branches-et-vous\/","title":{"rendered":"Interview de la propri\u00e9taire de \u00ab\u00a0Des Branches et Vous\u00a0\u00bb"},"content":{"rendered":"<p style=\"text-align: justify;\"><img decoding=\"async\" class=\"wp-image-4330 alignright\" src=\"https:\/\/mag.abracadaroom.com\/fr\/wp-content\/uploads\/2020\/01\/P1050445.jpg\" alt=\"Des Branches et Vous\" width=\"300\" \/>Cette semaine, nous accueillons la propri\u00e9taire de Des Branches et Vous, qui vous invite \u00e0 s\u00e9journer dans un container ou une caravane accompagn\u00e9e de sa goutte d&rsquo;eau dans la Dr\u00f4me (26) ! On vous laisse d\u00e9couvrir l&rsquo;interview\u2026<\/p>\n<h2 style=\"text-align: justify;\"><span style=\"color: #7f204e;\">Pourriez-vous vous pr\u00e9senter aux lecteurs d&rsquo;AbracadaRoom ?<\/span><\/h2>\n<p style=\"text-align: justify;\"> Pour la petite histoire, se lancer des d\u00e9fis professionnels, je sais le faire !<br \/>\nJe suis cr\u00e9atrice dans l\u2019\u00c2me, j&rsquo;adore partir de rien pour b\u00e2tir des projets novateurs.<br \/>\nRelever des d\u00e9fis, je l&rsquo;ai d\u00e9j\u00e0 fait dans les ann\u00e9es 2000, en cr\u00e9ant une maison d&rsquo;h\u00f4tes avec un espace bien-\u00eatre, alors que les centres de soins et de d\u00e9tente, arrivaient tout juste en France.  Pionni\u00e8re dans ce domaine, j&rsquo;ai su gr\u00e2ce \u00e0 la qualit\u00e9 du lieu et des prestations propos\u00e9es faire de \u00ab\u00a0Nature  d&rsquo;Eaux\u00a0\u00bb un lieu incontournable de bien-\u00eatre.<br \/>\nMalgr\u00e9 les ann\u00e9es, je suis toujours \u00e0 Ch\u00e2teauneuf sur Is\u00e8re, l\u00e0 o\u00f9 je suis n\u00e9e, et me voil\u00e0 maintenant, repartie pour une nouvelle aventure, compl\u00e8tement d\u00e9branch\u00e9e !<br \/>\nMon nouveau concept est de cr\u00e9er des h\u00e9bergements plus qu&rsquo;insolites, et vu nul part ailleurs, je  qualifie ce lieu de RE-SOURCE-RIE : un lieu o\u00f9 l&rsquo;on se ressource, se d\u00e9tend ou l&rsquo;on se d\u00e9branche en quelques sortes&#8230; De nos vies parfois bien trop remplies !<br \/>\nJe me consid\u00e8re comme une chef d&rsquo;entreprise dans l&rsquo;\u00e2me, j&rsquo;aime la convivialit\u00e9, les \u00e9changes et les partages.\n<\/p>\n<h2 style=\"text-align: justify;\"><span style=\"color: #7f204e;\">Pouvez-vous d\u00e9crire votre domaine en quelques mots ?<\/span><\/h2>\n<p style=\"text-align: justify;\">Je suis une artiste, une cr\u00e9atrice et une organisatrice, et j&rsquo;ai conceptualis\u00e9 des h\u00e9bergements afin de se ressourcer au sein de la Dr\u00f4me, tout pr\u00e8s de l\u2019Ard\u00e8che aux paysages grandioses. Ce nouveau concept novateur et vu nulle part ailleurs : proposer des h\u00e9bergements insolites \u00e0 partir d&rsquo;objets de r\u00e9cup\u00e9ration. J&rsquo;ai r\u00e9habilit\u00e9 et relook\u00e9 deux containers Anglais, une caravane et sa goutte d&rsquo;\u00f4 et un assemblage de containers maritime. J&rsquo;essaie d&rsquo;utiliser au maximum, des mat\u00e9riaux et du mobilier de r\u00e9cup\u00e9ration lors de la construction de mes h\u00e9bergements.<br \/>\nSur une parcelle de terre agricole d&rsquo;environ 2 hectares, on y trouve un bois d\u2019acacias, qui abrite les h\u00e9bergements. Il y a \u00e9galement une piscine r\u00e9alis\u00e9e dans un container.<\/p>\n<h2 style=\"text-align: justify;\"><span style=\"color: #7f204e;\">Quels sont vos points forts, vos atouts (en terme d\u2019humain, activit\u00e9s, repas, \u00e9cologie, produits propos\u00e9s, nature, d\u00e9paysement, aventure, etc.) ?<\/span><\/h2>\n<p style=\"text-align: justify;\">L\u2019id\u00e9e est de se retrouver en pleine nature dans un lieu harmonieux, afin de se d\u00e9tendre et se r\u00e9g\u00e9n\u00e9rer. Qualifi\u00e9 comme lieu de calme et de bien-\u00eatre, l\u2019important est de se d\u00e9brancher de notre quotidien.<br \/>\nLe charme et la beaut\u00e9 de l\u2019endroit font du concept un parfait d\u00e9paysement. Chaque h\u00e9bergement se diff\u00e9rencie des autres gr\u00e2ce \u00e0 ses caract\u00e9ristiques uniques, qui en combleront plus d\u2019un, loin des pollutions sonores et environnementales. Vous pouvez arriver en V\u00e9lo, en train ou en voiture. La jonction ViaRhona et V\u00e9lo voie verte V63 se trouve tout proche, \u00e0 moins de 10 minutes. La gare TGV de Valence est \u00e0 5 minutes, ce qui nous relie de Paris en 2h15 et de Marseille en 1h30. En voiture, les sorties autoroutes A7 et A49 se trouvent \u00e0 5 minutes. Quel bonheur de se retrouver au c\u0153ur de la Nature, en si peux de temps. \u00catre en harmonie avec la nature, c\u2019est \u00eatre \u00e0 l\u2019\u00e9coute de son \u00e2me.<\/p>\n<p><img decoding=\"async\" class=\"aligncenter size-full wp-image-4318\" src=\"https:\/\/mag.abracadaroom.com\/fr\/wp-content\/uploads\/2020\/01\/des-branches-et-vous.jpg\" alt=\"Des Branches et Vous\" width=\"900\" \/><\/p>\n<h2 style=\"text-align: justify;\"><span style=\"color: #7f204e;\">Quelles activit\u00e9s peut-on retrouver sur votre domaine ?<\/span><\/h2>\n<p style=\"text-align: justify;\">A 200 m de Des Branches &#038; Vous, le SPA de Nature d\u2019eaux vous permettra un voyage des sens pour prendre soin de vous. Un ensemble de formules spa, soins corps et visage vous y attendent.<br \/>\nA 4 km de Des Branches &#038; Vous, vous aurez le plaisir de jouer au golf. Vue sur les larges panoramas \u00e0 360\u00b0 de la plaine de Valence avec le Rh\u00f4ne imp\u00e9tueux, l\u2019Ard\u00e8che et les sommets mythiques du Vercors. Technique et vari\u00e9, il est un challenge pour tous les niveaux de jeux. Il est jouable toute l\u2019ann\u00e9e, gr\u00e2ce \u00e0 son arrosage automatique et des greens construits surle sable.<\/p>\n<h2 style=\"text-align: justify;\"><span style=\"color: #7f204e;\">Quels sont les bons plans aux alentours de votre domaine ?<\/span><\/h2>\n<p style=\"text-align: justify;\">Comme je vous le disais je suis n\u00e9e ici, ma r\u00e9gion je la connais sur le bout des doigts ! La Dr\u00f4me des collines a de nombreux bons plans \u00e0 voir. Vous y trouverez des balades et des randonn\u00e9es non loin. Du sport et des loisirs aquatiques et autres, en famille ou entre amis. Vous pourrez y d\u00e9couvrir le patrimoine Dr\u00f4mois, avec entre autres le c\u00e9l\u00e8bre Palais id\u00e9al du Facteur cheval. La gastronomie, avec la cit\u00e9 du chocolat de Valrhona. De quoi, r\u00e9jouir les sens, les papilles et oxyg\u00e9ner le corps et l&rsquo;esprit.<\/p>\n<h2 style=\"text-align: justify;\"><span style=\"color: #7f204e;\">Avez-vous une exp\u00e9rience ou une anecdote au sein de votre domaine \u00e0 nous raconter ?<\/span><\/h2>\n<p style=\"text-align: justify;\"> Notre c\u00e9l\u00e8bre Biquette fait l\u2019unanimit\u00e9 des h\u00f4tes qui se r\u00e9jouissent de sa pr\u00e9sence sur le site ! <\/p>\n<h2 style=\"text-align: justify;\"><span style=\"color: #7f204e;\">Laissez un message \u00e0 nos lecteurs : <\/span><\/h2>\n<p><img decoding=\"async\" class=\"wp-image-4330 alignright\" src=\"https:\/\/mag.abracadaroom.com\/fr\/wp-content\/uploads\/2020\/01\/container-photo-interieur.jpg\" alt=\"Des Branches et Vous - AbracadaRoom\" width=\"300\" \/><\/p>\n<p style=\"text-align: justify;\">J&rsquo;aurai grand plaisir \u00e0 vous accueillir lors d&rsquo;un s\u00e9jour dans le double container. Il est enti\u00e8rement \u00e9quip\u00e9 avec sa cuisine qui contient tout le luxe pour pr\u00e9parer de d\u00e9licieux repas. Un canap\u00e9-lit avec matelas bultex en 160 et une petite chambre comprenant 2 lits individuels. Attenante par l\u2019ext\u00e9rieur, une salle d\u2019eau privatis\u00e9e avec WC. L\u2019ensemble agr\u00e9ment\u00e9 de deux terrasses \u00e9quip\u00e9es d\u2019un salon de jardin qui vous permettront une vue imprenable sur l&rsquo;Ard\u00e8che, et des couchers de soleil majestueux.<br \/>\nLe charme et la beaut\u00e9 de l\u2019endroit font du concept un parfait d\u00e9paysement.<\/p>\n<p><\/br><\/br><\/p>\n<p style=\"text-align: center;\"><a style=\"text-shadow: none; font-family: Amatic SC; font-size: 22px; padding: 15px; background-color: #01aeb6; color: white;\" href=\"https:\/\/www.abracadaroom.com\/fr\/location-des-branches-vous-2112\/\" target=\"_blank\" rel=\"noopener noreferrer\"><b>D\u00e9couvrir Des Branches et Vous !<\/b><\/a><\/p>\n","protected":false},"excerpt":{"rendered":"<p>Cette semaine, nous accueillons la propri\u00e9taire de Des Branches et Vous, qui vous invite \u00e0 s\u00e9journer dans un container ou une caravane accompagn\u00e9e de sa goutte d&rsquo;eau dans la Dr\u00f4me (26) ! On vous laisse d\u00e9couvrir l&rsquo;interview\u2026 Pourriez-vous vous pr\u00e9senter aux lecteurs d&rsquo;AbracadaRoom ? Pour la petite histoire, se lancer des d\u00e9fis professionnels, je sais [&hellip;]<\/p>\n","protected":false},"author":12,"featured_media":8625,"comment_status":"open","ping_status":"open","sticky":false,"template":"","format":"standard","meta":{"om_disable_all_campaigns":false,"_uf_show_specific_survey":0,"_uf_disable_surveys":false,"footnotes":""},"categories":[10],"tags":[],"yoast_head":"<!-- This site is optimized with the Yoast SEO plugin v21.8 - https:\/\/yoast.com\/wordpress\/plugins\/seo\/ -->\n<title>Interview de la propri\u00e9taire de &quot;Des Branches et Vous&quot;<\/title>\n<meta name=\"robots\" content=\"index, follow, max-snippet:-1, max-image-preview:large, max-video-preview:-1\" \/>\n<link rel=\"canonical\" href=\"https:\/\/mag.abracadaroom.com\/fr\/interview-de-la-proprietaire-de-des-branches-et-vous\/\" \/>\n<meta property=\"og:locale\" content=\"fr_FR\" \/>\n<meta property=\"og:type\" content=\"article\" \/>\n<meta property=\"og:title\" content=\"Interview de la propri\u00e9taire de &quot;Des Branches et Vous&quot;\" \/>\n<meta property=\"og:description\" content=\"Cette semaine, nous accueillons la propri\u00e9taire de Des Branches et Vous, qui vous invite \u00e0 s\u00e9journer dans un container ou une caravane accompagn\u00e9e de sa goutte d&rsquo;eau dans la Dr\u00f4me (26) ! On vous laisse d\u00e9couvrir l&rsquo;interview\u2026 Pourriez-vous vous pr\u00e9senter aux lecteurs d&rsquo;AbracadaRoom ? Pour la petite histoire, se lancer des d\u00e9fis professionnels, je sais [&hellip;]\" \/>\n<meta property=\"og:url\" content=\"https:\/\/mag.abracadaroom.com\/fr\/interview-de-la-proprietaire-de-des-branches-et-vous\/\" \/>\n<meta property=\"og:site_name\" content=\"Le blog du tourisme insolite\" \/>\n<meta property=\"article:publisher\" content=\"https:\/\/www.facebook.com\/abracadaroom\" \/>\n<meta property=\"article:published_time\" content=\"2020-01-28T16:00:54+00:00\" \/>\n<meta property=\"article:modified_time\" content=\"2020-01-31T08:02:11+00:00\" \/>\n<meta property=\"og:image\" content=\"https:\/\/mag.abracadaroom.com\/fr\/wp-content\/uploads\/2020\/01\/20180730_204917.jpg\" \/>\n\t<meta property=\"og:image:width\" content=\"2000\" \/>\n\t<meta property=\"og:image:height\" content=\"1125\" \/>\n\t<meta property=\"og:image:type\" content=\"image\/jpeg\" \/>\n<meta name=\"author\" content=\"Juliana\" \/>\n<meta name=\"twitter:card\" content=\"summary_large_image\" \/>\n<meta name=\"twitter:creator\" content=\"@abracadaroom\" \/>\n<meta name=\"twitter:site\" content=\"@abracadaroom\" \/>\n<meta name=\"twitter:label1\" content=\"\u00c9crit par\" \/>\n\t<meta name=\"twitter:data1\" content=\"Juliana\" \/>\n\t<meta name=\"twitter:label2\" content=\"Dur\u00e9e de lecture estim\u00e9e\" \/>\n\t<meta name=\"twitter:data2\" content=\"5 minutes\" \/>\n<script type=\"application\/ld+json\" class=\"yoast-schema-graph\">{\"@context\":\"https:\/\/schema.org\",\"@graph\":[{\"@type\":\"WebPage\",\"@id\":\"https:\/\/mag.abracadaroom.com\/fr\/interview-de-la-proprietaire-de-des-branches-et-vous\/\",\"url\":\"https:\/\/mag.abracadaroom.com\/fr\/interview-de-la-proprietaire-de-des-branches-et-vous\/\",\"name\":\"Interview de la propri\u00e9taire de \\\"Des Branches et Vous\\\"\",\"isPartOf\":{\"@id\":\"https:\/\/mag.abracadaroom.com\/fr\/#website\"},\"datePublished\":\"2020-01-28T16:00:54+00:00\",\"dateModified\":\"2020-01-31T08:02:11+00:00\",\"author\":{\"@id\":\"https:\/\/mag.abracadaroom.com\/fr\/#\/schema\/person\/fa197b9cb690e32885539872f2a20b04\"},\"breadcrumb\":{\"@id\":\"https:\/\/mag.abracadaroom.com\/fr\/interview-de-la-proprietaire-de-des-branches-et-vous\/#breadcrumb\"},\"inLanguage\":\"fr-FR\",\"potentialAction\":[{\"@type\":\"ReadAction\",\"target\":[\"https:\/\/mag.abracadaroom.com\/fr\/interview-de-la-proprietaire-de-des-branches-et-vous\/\"]}]},{\"@type\":\"BreadcrumbList\",\"@id\":\"https:\/\/mag.abracadaroom.com\/fr\/interview-de-la-proprietaire-de-des-branches-et-vous\/#breadcrumb\",\"itemListElement\":[{\"@type\":\"ListItem\",\"position\":1,\"name\":\"Home\",\"item\":\"https:\/\/mag.abracadaroom.com\/fr\/\"},{\"@type\":\"ListItem\",\"position\":2,\"name\":\"Interview de la propri\u00e9taire de \u00ab\u00a0Des Branches et Vous\u00a0\u00bb\"}]},{\"@type\":\"WebSite\",\"@id\":\"https:\/\/mag.abracadaroom.com\/fr\/#website\",\"url\":\"https:\/\/mag.abracadaroom.com\/fr\/\",\"name\":\"Le blog du tourisme insolite\",\"description\":\"\",\"potentialAction\":[{\"@type\":\"SearchAction\",\"target\":{\"@type\":\"EntryPoint\",\"urlTemplate\":\"https:\/\/mag.abracadaroom.com\/fr\/?s={search_term_string}\"},\"query-input\":\"required name=search_term_string\"}],\"inLanguage\":\"fr-FR\"},{\"@type\":\"Person\",\"@id\":\"https:\/\/mag.abracadaroom.com\/fr\/#\/schema\/person\/fa197b9cb690e32885539872f2a20b04\",\"name\":\"Juliana\",\"image\":{\"@type\":\"ImageObject\",\"inLanguage\":\"fr-FR\",\"@id\":\"https:\/\/mag.abracadaroom.com\/fr\/#\/schema\/person\/image\/\",\"url\":\"https:\/\/secure.gravatar.com\/avatar\/dca21c981e2ed4df4fe0d23a8e98b31e?s=96&d=mm&r=g\",\"contentUrl\":\"https:\/\/secure.gravatar.com\/avatar\/dca21c981e2ed4df4fe0d23a8e98b31e?s=96&d=mm&r=g\",\"caption\":\"Juliana\"},\"url\":\"https:\/\/mag.abracadaroom.com\/fr\/author\/juliana\/\"}]}<\/script>\n<!-- \/ Yoast SEO plugin. -->","yoast_head_json":{"title":"Interview de la propri\u00e9taire de \"Des Branches et Vous\"","robots":{"index":"index","follow":"follow","max-snippet":"max-snippet:-1","max-image-preview":"max-image-preview:large","max-video-preview":"max-video-preview:-1"},"canonical":"https:\/\/mag.abracadaroom.com\/fr\/interview-de-la-proprietaire-de-des-branches-et-vous\/","og_locale":"fr_FR","og_type":"article","og_title":"Interview de la propri\u00e9taire de \"Des Branches et Vous\"","og_description":"Cette semaine, nous accueillons la propri\u00e9taire de Des Branches et Vous, qui vous invite \u00e0 s\u00e9journer dans un container ou une caravane accompagn\u00e9e de sa goutte d&rsquo;eau dans la Dr\u00f4me (26) ! On vous laisse d\u00e9couvrir l&rsquo;interview\u2026 Pourriez-vous vous pr\u00e9senter aux lecteurs d&rsquo;AbracadaRoom ? Pour la petite histoire, se lancer des d\u00e9fis professionnels, je sais [&hellip;]","og_url":"https:\/\/mag.abracadaroom.com\/fr\/interview-de-la-proprietaire-de-des-branches-et-vous\/","og_site_name":"Le blog du tourisme insolite","article_publisher":"https:\/\/www.facebook.com\/abracadaroom","article_published_time":"2020-01-28T16:00:54+00:00","article_modified_time":"2020-01-31T08:02:11+00:00","og_image":[{"width":2000,"height":1125,"url":"https:\/\/mag.abracadaroom.com\/fr\/wp-content\/uploads\/2020\/01\/20180730_204917.jpg","type":"image\/jpeg"}],"author":"Juliana","twitter_card":"summary_large_image","twitter_creator":"@abracadaroom","twitter_site":"@abracadaroom","twitter_misc":{"\u00c9crit par":"Juliana","Dur\u00e9e de lecture estim\u00e9e":"5 minutes"},"schema":{"@context":"https:\/\/schema.org","@graph":[{"@type":"WebPage","@id":"https:\/\/mag.abracadaroom.com\/fr\/interview-de-la-proprietaire-de-des-branches-et-vous\/","url":"https:\/\/mag.abracadaroom.com\/fr\/interview-de-la-proprietaire-de-des-branches-et-vous\/","name":"Interview de la propri\u00e9taire de \"Des Branches et Vous\"","isPartOf":{"@id":"https:\/\/mag.abracadaroom.com\/fr\/#website"},"datePublished":"2020-01-28T16:00:54+00:00","dateModified":"2020-01-31T08:02:11+00:00","author":{"@id":"https:\/\/mag.abracadaroom.com\/fr\/#\/schema\/person\/fa197b9cb690e32885539872f2a20b04"},"breadcrumb":{"@id":"https:\/\/mag.abracadaroom.com\/fr\/interview-de-la-proprietaire-de-des-branches-et-vous\/#breadcrumb"},"inLanguage":"fr-FR","potentialAction":[{"@type":"ReadAction","target":["https:\/\/mag.abracadaroom.com\/fr\/interview-de-la-proprietaire-de-des-branches-et-vous\/"]}]},{"@type":"BreadcrumbList","@id":"https:\/\/mag.abracadaroom.com\/fr\/interview-de-la-proprietaire-de-des-branches-et-vous\/#breadcrumb","itemListElement":[{"@type":"ListItem","position":1,"name":"Home","item":"https:\/\/mag.abracadaroom.com\/fr\/"},{"@type":"ListItem","position":2,"name":"Interview de la propri\u00e9taire de \u00ab\u00a0Des Branches et Vous\u00a0\u00bb"}]},{"@type":"WebSite","@id":"https:\/\/mag.abracadaroom.com\/fr\/#website","url":"https:\/\/mag.abracadaroom.com\/fr\/","name":"Le blog du tourisme insolite","description":"","potentialAction":[{"@type":"SearchAction","target":{"@type":"EntryPoint","urlTemplate":"https:\/\/mag.abracadaroom.com\/fr\/?s={search_term_string}"},"query-input":"required name=search_term_string"}],"inLanguage":"fr-FR"},{"@type":"Person","@id":"https:\/\/mag.abracadaroom.com\/fr\/#\/schema\/person\/fa197b9cb690e32885539872f2a20b04","name":"Juliana","image":{"@type":"ImageObject","inLanguage":"fr-FR","@id":"https:\/\/mag.abracadaroom.com\/fr\/#\/schema\/person\/image\/","url":"https:\/\/secure.gravatar.com\/avatar\/dca21c981e2ed4df4fe0d23a8e98b31e?s=96&d=mm&r=g","contentUrl":"https:\/\/secure.gravatar.com\/avatar\/dca21c981e2ed4df4fe0d23a8e98b31e?s=96&d=mm&r=g","caption":"Juliana"},"url":"https:\/\/mag.abracadaroom.com\/fr\/author\/juliana\/"}]}},"_links":{"self":[{"href":"https:\/\/mag.abracadaroom.com\/fr\/wp-json\/wp\/v2\/posts\/8621"}],"collection":[{"href":"https:\/\/mag.abracadaroom.com\/fr\/wp-json\/wp\/v2\/posts"}],"about":[{"href":"https:\/\/mag.abracadaroom.com\/fr\/wp-json\/wp\/v2\/types\/post"}],"author":[{"embeddable":true,"href":"https:\/\/mag.abracadaroom.com\/fr\/wp-json\/wp\/v2\/users\/12"}],"replies":[{"embeddable":true,"href":"https:\/\/mag.abracadaroom.com\/fr\/wp-json\/wp\/v2\/comments?post=8621"}],"version-history":[{"count":9,"href":"https:\/\/mag.abracadaroom.com\/fr\/wp-json\/wp\/v2\/posts\/8621\/revisions"}],"predecessor-version":[{"id":8636,"href":"https:\/\/mag.abracadaroom.com\/fr\/wp-json\/wp\/v2\/posts\/8621\/revisions\/8636"}],"wp:featuredmedia":[{"embeddable":true,"href":"https:\/\/mag.abracadaroom.com\/fr\/wp-json\/wp\/v2\/media\/8625"}],"wp:attachment":[{"href":"https:\/\/mag.abracadaroom.com\/fr\/wp-json\/wp\/v2\/media?parent=8621"}],"wp:term":[{"taxonomy":"category","embeddable":true,"href":"https:\/\/mag.abracadaroom.com\/fr\/wp-json\/wp\/v2\/categories?post=8621"},{"taxonomy":"post_tag","embeddable":true,"href":"https:\/\/mag.abracadaroom.com\/fr\/wp-json\/wp\/v2\/tags?post=8621"}],"curies":[{"name":"wp","href":"https:\/\/api.w.org\/{rel}","templated":true}]}}