{"id":8904,"date":"2020-03-05T17:30:01","date_gmt":"2020-03-05T16:30:01","guid":{"rendered":"https:\/\/mag.abracadaroom.com\/fr\/?p=8904"},"modified":"2020-03-27T12:46:09","modified_gmt":"2020-03-27T11:46:09","slug":"preparez-vos-valises-le-printemps-arrive","status":"publish","type":"post","link":"https:\/\/mag.abracadaroom.com\/fr\/preparez-vos-valises-le-printemps-arrive\/","title":{"rendered":"Pr\u00e9parez vos valises, le printemps est bient\u00f4t l\u00e0 !"},"content":{"rendered":"<p style=\"text-align: justify;\">La nature se r\u00e9veille, les fleurs et les oiseaux refont leur apparition\u2026 La douceur des journ\u00e9es vient nous faire oublier la pluie, la grisaille et le froid hivernal\u2026 Et oui, dans deux semaines, le printemps sera l\u00e0 !<br \/>\nAvec les beaux jours qui arrivent, l\u2019envie d\u2019escapade se fait ressentir, mais vous en avez marre de partir toujours au m\u00eame endroit ? Trop t\u00f4t pour la mer, trop tard pour le ski, mais o\u00f9 partir au printemps sans que \u00e7a soit redondant d\u2019une ann\u00e9e \u00e0 l\u2019autre ?<br \/>\nChez AbracadaRoom, c\u2019est pr\u00e8s de 1300 h\u00e9bergements insolites partout en France. Chacun y va de sa petite particularit\u00e9 pour faire LA diff\u00e9rence et vous faire passer un s\u00e9jour unique et inoubliable !<br \/>\nH\u00e9bergements au coeur de la nature, et construits dans une dimension \u00e9co-responsable, le printemps est parfait pour profiter au maximum de ces logements : temp\u00e9ratures plus douces pour ne pas \u00eatre transi de froid la nuit, journ\u00e9e plus longue pour appr\u00e9cier pleinement de son s\u00e9jour, pas de chaleur caniculaire qui vous emp\u00eacherait de dormir et pas, non plus&#8230;de moustiques ! \ud83e\udd9f<br \/>\nD\u00e9couvrez notre s\u00e9lection d\u2019h\u00e9bergements parfaits pour un s\u00e9jour printanier et tentez la magie d\u2019une nuit insolite !<\/p>\n<h2>Bulle La Noalha Insolit\u2019: La Bulle Spa Moonlight<\/h2>\n<p><img decoding=\"async\" src=\"https:\/\/mag.abracadaroom.com\/fr\/wp-content\/uploads\/2020\/03\/snapseed-02-3.jpeg\" alt=\"Noalha Insolit'\" class=\"aligncenter\" \/><\/p>\n<p style=\"text-align: justify;\">Qui dit beau temps, dit nuit \u00e0 la belle \u00e9toile ! Cependant pour les plus frileux, les nuits en plein air ne sont pas souvent signe de confort. Dormir dans une bulle est le compromis id\u00e9al, car cela permet ainsi de dormir confortablement install\u00e9s dans un v\u00e9ritable lit tout en profitant de la vue \u00e0 180\u00b0 sur la nature environnante ! <\/p>\n<p style=\"text-align: center;\"><a style=\"text-shadow: none; font-family: Amatic SC; font-size: 19px; padding: 10px; background-color: #7f204e; color: white;\" href=\"https:\/\/www.abracadaroom.com\/fr\/location-la-noalha-insolit-2094\/\" target=\"_blank\" rel=\"noopener noreferrer\"><b>D\u00e9couvrez Noalha Insolit&rsquo; <\/b><\/a><\/p>\n<p><\/b><\/a><\/p>\n<h2>Coucoo grands lacs : Cabanes Robinsons <\/h2>\n<p><img decoding=\"async\" src=\"https:\/\/mag.abracadaroom.com\/fr\/wp-content\/uploads\/2020\/03\/snapseed-03-3.jpeg\" alt=\"Cabanes Robinsons\" class=\"aligncenter\"\/><\/p>\n<p style=\"text-align: justify;\">Avec l\u2019arriv\u00e9e des douces temp\u00e9ratures l\u2019envie de l\u00e9zarder au soleil se fait ressentir, quoi de mieux que de bronzer, non pas au bord, mais sur l\u2019eau !<br \/>\nAvec ces jolies cabanes flottantes vous passerez un moment inoubliable. S\u00e9journez ais\u00e9ment en famille ou entre amis car ce logement peut accueillir jusqu\u2019\u00e0 six personnes. Une aventure qui \u00e9merveillera petits et grands.\n<\/p>\n<p style=\"text-align: center;\"><a style=\"text-shadow: none; font-family: Amatic SC; font-size: 19px; padding: 10px; background-color: #7f204e; color: white;\" href=\"https:\/\/www.abracadaroom.com\/fr\/location-coucoo-grands-lacs-24\/\"_blank\" rel=\"noopener noreferrer\"><b>D\u00e9couvrir Coucoo Grands Lacs<\/b><\/a><\/p>\n<h2>Domaine des Ormes : Cabane Verriere<\/h2>\n<p><img decoding=\"async\" src=\"https:\/\/mag.abracadaroom.com\/fr\/wp-content\/uploads\/2020\/03\/snapseed-05-1.jpeg\" alt=\"Domaine des Ormes\" class=\"aligncenter\"\/><\/p>\n<p style=\"text-align: justify;\">Perch\u00e9s dans cette cabane, vous aurez le sentiment d\u2019\u00eatre seul au monde. Profitez du r\u00e9veil de la nature et de la vue depuis la terrasse sur un magnifique phare marin du XIIe si\u00e8cle.<br \/>\nLe domaine est id\u00e9al pour un s\u00e9jour en famille, et petits et grands pourront retrouver avec enthousiasme de nombreuses activit\u00e9s propos\u00e9es comme du golf, de la p\u00eache, des balades \u00e0 cheval, ou encore un  labyrinthe. Que d\u2019aventures pour les enfants qui rendront ce s\u00e9jour unique et inoubliable ! <\/b><\/a><\/p>\n<p style=\"text-align: center;\"><a style=\"text-shadow: none; font-family: Amatic SC; font-size: 19px; padding: 10px; background-color: #7f204e; color: white;\" href=\"https:\/\/www.abracadaroom.com\/fr\/location-domaine-des-ormes-12\/\"_blank\" rel=\"noopener noreferrer\"><b>D\u00e9couvrir le Domaine des Ormes <\/b><\/a><\/p>\n<h2>Domaine de l&rsquo;Insolite, Bulle Spa Zen <\/h2>\n<p><img decoding=\"async\" src=\"https:\/\/mag.abracadaroom.com\/fr\/wp-content\/uploads\/2020\/03\/snapseed-06-1.jpeg\" alt=\"Domaine de l'Insolite\" class=\"aligncenter\" \/><\/p>\n<p style=\"text-align: justify;\">Au domaine de l\u2019insolite, vous pourrez dormir la t\u00eate dans les \u00e9toiles ! Dans cet espace sauvage et verdoyant, vous aurez le sentiment d\u2019\u00eatre perdus en pleine nature. L\u2019acc\u00e8s au spa privatif en illimit\u00e9, le logement chauff\u00e9, et le lit douillet vous permettront de profiter de la for\u00eat environnante sans compromis sur votre confort ! R\u00e9veillez-vous au chant des oiseaux et laissez-vous porter par le rythme de la nature, pour une d\u00e9connexion maximale loin de la routine quotidienne !<\/p>\n<p style=\"text-align: center;\"><a style=\"text-shadow: none; font-family: Amatic SC; font-size: 19px; padding: 10px; background-color: #7f204e; color: white;\" href=\"https:\/\/www.abracadaroom.com\/fr\/reservation-domaine-de-linsolite-bulles-la-bulle-spa-zen-2609\/\" target=\"_blank\" rel=\"noopener noreferrer\"><b>D\u00e9couvrir le Domaine de l&rsquo;Insolite !<\/b><\/a><\/p>\n<h2>Bulle de sologne, Bulle Suite de l&rsquo;Etang <\/h2>\n<p><img decoding=\"async\" src=\"https:\/\/mag.abracadaroom.com\/fr\/wp-content\/uploads\/2020\/03\/snapseed-04-3-1.jpeg\"alt=\"Bulle de Sologne\" class=\"aligncenter\"\/><\/p>\n<p style=\"text-align: justify;\"> Cette superbe bulle au milieu des arbres est situ\u00e9e au bord d&rsquo;un \u00e9tang, elle vous offre une vue imprenable sur la nature ! Les journ\u00e9es \u00e9tant plus longues et les temp\u00e9ratures plus agr\u00e9ables, vous pourrez profiter de la terrasse pour de longues soir\u00e9es \u00e0 parler sous les \u00e9toiles en amoureux. <\/p>\n<p style=\"text-align: center;\"><a style=\"text-shadow: none; font-family: Amatic SC; font-size: 19px; padding: 10px; background-color: #7f204e; color: white;\" href=\"https:\/\/www.abracadaroom.com\/fr\/location-gites-insolites-de-sologne-87\/\" target=\"_blank\" rel=\"noopener noreferrer\"><b>D\u00e9couvrir le domaine des Bulles de Sologne !<\/b><\/a><\/p>\n<h2>Eyrieux camping, Chalet luxe &#038; Spa <\/h2>\n<p><img decoding=\"async\" src=\"https:\/\/mag.abracadaroom.com\/fr\/wp-content\/uploads\/2020\/03\/snapseed-08-1.jpeg\" alt=\"Eyrieux Camping\" class=\"aligncenter\" \/><\/p>\n<p style=\"text-align: justify;\">Ces chalets tout confort, vous permettront de vivre une exp\u00e9rience unique, que ce soit en amoureux, entre amis ou en famille. Le jacuzzi privatif mettra tout le monde d\u2019accord et vous pourrez profiter longuement de la terrasse avec les beaux jours qui arrivent. Quoi de mieux que de profiter des gens qu\u2019on aime, dans un endroit aussi exceptionnel que ce chalet luxe ! <\/p>\n<p style=\"text-align: center;\"><a style=\"text-shadow: none; font-family: Amatic SC; font-size: 19px; padding: 10px; background-color: #7f204e; color: white;\" href=\"https:\/\/www.abracadaroom.com\/fr\/location-eyrieux-camping-2266\/\" target=\"_blank\" rel=\"noopener noreferrer\"><b>D\u00e9couvrir Eyrieux Camping ! <\/b><\/a><\/p>\n<p><\/br><\/p>\n<hr>\n<p><\/br><\/p>\n<p style=\"text-align: center;\">D\u00e9couvrez toutes nos bulles, cabanes sur l&rsquo;eau et autres h\u00e9bergements parfaits pour le printemps <br \/> juste ici  \u2b07\ufe0f !<\/p>\n<p style=\"text-align: center;\"><a style=\"text-shadow: none; font-family: Amatic SC; font-size: 25px; padding: 15px; background-color: #01aeb6; color: white;\" href=\"https:\/\/www.abracadaroom.com\/fr\/\" target=\"_blank\" rel=\"noopener noreferrer\"><b>AbracadaRoom.com<\/b><\/a><\/p>\n","protected":false},"excerpt":{"rendered":"<p>La nature se r\u00e9veille, les fleurs et les oiseaux refont leur apparition\u2026 La douceur des journ\u00e9es vient nous faire oublier la pluie, la grisaille et le froid hivernal\u2026 Et oui, dans deux semaines, le printemps sera l\u00e0 ! Avec les beaux jours qui arrivent, l\u2019envie d\u2019escapade se fait ressentir, mais vous en avez marre de [&hellip;]<\/p>\n","protected":false},"author":12,"featured_media":8925,"comment_status":"open","ping_status":"open","sticky":false,"template":"","format":"standard","meta":{"om_disable_all_campaigns":false,"_uf_show_specific_survey":0,"_uf_disable_surveys":false,"footnotes":""},"categories":[1],"tags":[],"yoast_head":"<!-- This site is optimized with the Yoast SEO plugin v21.8 - https:\/\/yoast.com\/wordpress\/plugins\/seo\/ -->\n<title>Pr\u00e9parez vos valises, le printemps est bient\u00f4t l\u00e0 !<\/title>\n<meta name=\"robots\" content=\"index, follow, max-snippet:-1, max-image-preview:large, max-video-preview:-1\" \/>\n<link rel=\"canonical\" href=\"https:\/\/mag.abracadaroom.com\/fr\/preparez-vos-valises-le-printemps-arrive\/\" \/>\n<meta property=\"og:locale\" content=\"fr_FR\" \/>\n<meta property=\"og:type\" content=\"article\" \/>\n<meta property=\"og:title\" content=\"Pr\u00e9parez vos valises, le printemps est bient\u00f4t l\u00e0 !\" \/>\n<meta property=\"og:description\" content=\"La nature se r\u00e9veille, les fleurs et les oiseaux refont leur apparition\u2026 La douceur des journ\u00e9es vient nous faire oublier la pluie, la grisaille et le froid hivernal\u2026 Et oui, dans deux semaines, le printemps sera l\u00e0 ! Avec les beaux jours qui arrivent, l\u2019envie d\u2019escapade se fait ressentir, mais vous en avez marre de [&hellip;]\" \/>\n<meta property=\"og:url\" content=\"https:\/\/mag.abracadaroom.com\/fr\/preparez-vos-valises-le-printemps-arrive\/\" \/>\n<meta property=\"og:site_name\" content=\"Le blog du tourisme insolite\" \/>\n<meta property=\"article:publisher\" content=\"https:\/\/www.facebook.com\/abracadaroom\" \/>\n<meta property=\"article:published_time\" content=\"2020-03-05T16:30:01+00:00\" \/>\n<meta property=\"article:modified_time\" content=\"2020-03-27T11:46:09+00:00\" \/>\n<meta property=\"og:image\" content=\"https:\/\/mag.abracadaroom.com\/fr\/wp-content\/uploads\/2020\/03\/snapseed-06-2-1024x821.jpeg\" \/>\n\t<meta property=\"og:image:width\" content=\"1024\" \/>\n\t<meta property=\"og:image:height\" content=\"821\" \/>\n\t<meta property=\"og:image:type\" content=\"image\/jpeg\" \/>\n<meta name=\"author\" content=\"Juliana\" \/>\n<meta name=\"twitter:card\" content=\"summary_large_image\" \/>\n<meta name=\"twitter:creator\" content=\"@abracadaroom\" \/>\n<meta name=\"twitter:site\" content=\"@abracadaroom\" \/>\n<meta name=\"twitter:label1\" content=\"\u00c9crit par\" \/>\n\t<meta name=\"twitter:data1\" content=\"Juliana\" \/>\n\t<meta name=\"twitter:label2\" content=\"Dur\u00e9e de lecture estim\u00e9e\" \/>\n\t<meta name=\"twitter:data2\" content=\"3 minutes\" \/>\n<script type=\"application\/ld+json\" class=\"yoast-schema-graph\">{\"@context\":\"https:\/\/schema.org\",\"@graph\":[{\"@type\":\"WebPage\",\"@id\":\"https:\/\/mag.abracadaroom.com\/fr\/preparez-vos-valises-le-printemps-arrive\/\",\"url\":\"https:\/\/mag.abracadaroom.com\/fr\/preparez-vos-valises-le-printemps-arrive\/\",\"name\":\"Pr\u00e9parez vos valises, le printemps est bient\u00f4t l\u00e0 !\",\"isPartOf\":{\"@id\":\"https:\/\/mag.abracadaroom.com\/fr\/#website\"},\"datePublished\":\"2020-03-05T16:30:01+00:00\",\"dateModified\":\"2020-03-27T11:46:09+00:00\",\"author\":{\"@id\":\"https:\/\/mag.abracadaroom.com\/fr\/#\/schema\/person\/fa197b9cb690e32885539872f2a20b04\"},\"breadcrumb\":{\"@id\":\"https:\/\/mag.abracadaroom.com\/fr\/preparez-vos-valises-le-printemps-arrive\/#breadcrumb\"},\"inLanguage\":\"fr-FR\",\"potentialAction\":[{\"@type\":\"ReadAction\",\"target\":[\"https:\/\/mag.abracadaroom.com\/fr\/preparez-vos-valises-le-printemps-arrive\/\"]}]},{\"@type\":\"BreadcrumbList\",\"@id\":\"https:\/\/mag.abracadaroom.com\/fr\/preparez-vos-valises-le-printemps-arrive\/#breadcrumb\",\"itemListElement\":[{\"@type\":\"ListItem\",\"position\":1,\"name\":\"Home\",\"item\":\"https:\/\/mag.abracadaroom.com\/fr\/\"},{\"@type\":\"ListItem\",\"position\":2,\"name\":\"Pr\u00e9parez vos valises, le printemps est bient\u00f4t l\u00e0 !\"}]},{\"@type\":\"WebSite\",\"@id\":\"https:\/\/mag.abracadaroom.com\/fr\/#website\",\"url\":\"https:\/\/mag.abracadaroom.com\/fr\/\",\"name\":\"Le blog du tourisme insolite\",\"description\":\"\",\"potentialAction\":[{\"@type\":\"SearchAction\",\"target\":{\"@type\":\"EntryPoint\",\"urlTemplate\":\"https:\/\/mag.abracadaroom.com\/fr\/?s={search_term_string}\"},\"query-input\":\"required name=search_term_string\"}],\"inLanguage\":\"fr-FR\"},{\"@type\":\"Person\",\"@id\":\"https:\/\/mag.abracadaroom.com\/fr\/#\/schema\/person\/fa197b9cb690e32885539872f2a20b04\",\"name\":\"Juliana\",\"image\":{\"@type\":\"ImageObject\",\"inLanguage\":\"fr-FR\",\"@id\":\"https:\/\/mag.abracadaroom.com\/fr\/#\/schema\/person\/image\/\",\"url\":\"https:\/\/secure.gravatar.com\/avatar\/dca21c981e2ed4df4fe0d23a8e98b31e?s=96&d=mm&r=g\",\"contentUrl\":\"https:\/\/secure.gravatar.com\/avatar\/dca21c981e2ed4df4fe0d23a8e98b31e?s=96&d=mm&r=g\",\"caption\":\"Juliana\"},\"url\":\"https:\/\/mag.abracadaroom.com\/fr\/author\/juliana\/\"}]}<\/script>\n<!-- \/ Yoast SEO plugin. -->","yoast_head_json":{"title":"Pr\u00e9parez vos valises, le printemps est bient\u00f4t l\u00e0 !","robots":{"index":"index","follow":"follow","max-snippet":"max-snippet:-1","max-image-preview":"max-image-preview:large","max-video-preview":"max-video-preview:-1"},"canonical":"https:\/\/mag.abracadaroom.com\/fr\/preparez-vos-valises-le-printemps-arrive\/","og_locale":"fr_FR","og_type":"article","og_title":"Pr\u00e9parez vos valises, le printemps est bient\u00f4t l\u00e0 !","og_description":"La nature se r\u00e9veille, les fleurs et les oiseaux refont leur apparition\u2026 La douceur des journ\u00e9es vient nous faire oublier la pluie, la grisaille et le froid hivernal\u2026 Et oui, dans deux semaines, le printemps sera l\u00e0 ! Avec les beaux jours qui arrivent, l\u2019envie d\u2019escapade se fait ressentir, mais vous en avez marre de [&hellip;]","og_url":"https:\/\/mag.abracadaroom.com\/fr\/preparez-vos-valises-le-printemps-arrive\/","og_site_name":"Le blog du tourisme insolite","article_publisher":"https:\/\/www.facebook.com\/abracadaroom","article_published_time":"2020-03-05T16:30:01+00:00","article_modified_time":"2020-03-27T11:46:09+00:00","og_image":[{"width":1024,"height":821,"url":"https:\/\/mag.abracadaroom.com\/fr\/wp-content\/uploads\/2020\/03\/snapseed-06-2-1024x821.jpeg","type":"image\/jpeg"}],"author":"Juliana","twitter_card":"summary_large_image","twitter_creator":"@abracadaroom","twitter_site":"@abracadaroom","twitter_misc":{"\u00c9crit par":"Juliana","Dur\u00e9e de lecture estim\u00e9e":"3 minutes"},"schema":{"@context":"https:\/\/schema.org","@graph":[{"@type":"WebPage","@id":"https:\/\/mag.abracadaroom.com\/fr\/preparez-vos-valises-le-printemps-arrive\/","url":"https:\/\/mag.abracadaroom.com\/fr\/preparez-vos-valises-le-printemps-arrive\/","name":"Pr\u00e9parez vos valises, le printemps est bient\u00f4t l\u00e0 !","isPartOf":{"@id":"https:\/\/mag.abracadaroom.com\/fr\/#website"},"datePublished":"2020-03-05T16:30:01+00:00","dateModified":"2020-03-27T11:46:09+00:00","author":{"@id":"https:\/\/mag.abracadaroom.com\/fr\/#\/schema\/person\/fa197b9cb690e32885539872f2a20b04"},"breadcrumb":{"@id":"https:\/\/mag.abracadaroom.com\/fr\/preparez-vos-valises-le-printemps-arrive\/#breadcrumb"},"inLanguage":"fr-FR","potentialAction":[{"@type":"ReadAction","target":["https:\/\/mag.abracadaroom.com\/fr\/preparez-vos-valises-le-printemps-arrive\/"]}]},{"@type":"BreadcrumbList","@id":"https:\/\/mag.abracadaroom.com\/fr\/preparez-vos-valises-le-printemps-arrive\/#breadcrumb","itemListElement":[{"@type":"ListItem","position":1,"name":"Home","item":"https:\/\/mag.abracadaroom.com\/fr\/"},{"@type":"ListItem","position":2,"name":"Pr\u00e9parez vos valises, le printemps est bient\u00f4t l\u00e0 !"}]},{"@type":"WebSite","@id":"https:\/\/mag.abracadaroom.com\/fr\/#website","url":"https:\/\/mag.abracadaroom.com\/fr\/","name":"Le blog du tourisme insolite","description":"","potentialAction":[{"@type":"SearchAction","target":{"@type":"EntryPoint","urlTemplate":"https:\/\/mag.abracadaroom.com\/fr\/?s={search_term_string}"},"query-input":"required name=search_term_string"}],"inLanguage":"fr-FR"},{"@type":"Person","@id":"https:\/\/mag.abracadaroom.com\/fr\/#\/schema\/person\/fa197b9cb690e32885539872f2a20b04","name":"Juliana","image":{"@type":"ImageObject","inLanguage":"fr-FR","@id":"https:\/\/mag.abracadaroom.com\/fr\/#\/schema\/person\/image\/","url":"https:\/\/secure.gravatar.com\/avatar\/dca21c981e2ed4df4fe0d23a8e98b31e?s=96&d=mm&r=g","contentUrl":"https:\/\/secure.gravatar.com\/avatar\/dca21c981e2ed4df4fe0d23a8e98b31e?s=96&d=mm&r=g","caption":"Juliana"},"url":"https:\/\/mag.abracadaroom.com\/fr\/author\/juliana\/"}]}},"_links":{"self":[{"href":"https:\/\/mag.abracadaroom.com\/fr\/wp-json\/wp\/v2\/posts\/8904"}],"collection":[{"href":"https:\/\/mag.abracadaroom.com\/fr\/wp-json\/wp\/v2\/posts"}],"about":[{"href":"https:\/\/mag.abracadaroom.com\/fr\/wp-json\/wp\/v2\/types\/post"}],"author":[{"embeddable":true,"href":"https:\/\/mag.abracadaroom.com\/fr\/wp-json\/wp\/v2\/users\/12"}],"replies":[{"embeddable":true,"href":"https:\/\/mag.abracadaroom.com\/fr\/wp-json\/wp\/v2\/comments?post=8904"}],"version-history":[{"count":12,"href":"https:\/\/mag.abracadaroom.com\/fr\/wp-json\/wp\/v2\/posts\/8904\/revisions"}],"predecessor-version":[{"id":8954,"href":"https:\/\/mag.abracadaroom.com\/fr\/wp-json\/wp\/v2\/posts\/8904\/revisions\/8954"}],"wp:featuredmedia":[{"embeddable":true,"href":"https:\/\/mag.abracadaroom.com\/fr\/wp-json\/wp\/v2\/media\/8925"}],"wp:attachment":[{"href":"https:\/\/mag.abracadaroom.com\/fr\/wp-json\/wp\/v2\/media?parent=8904"}],"wp:term":[{"taxonomy":"category","embeddable":true,"href":"https:\/\/mag.abracadaroom.com\/fr\/wp-json\/wp\/v2\/categories?post=8904"},{"taxonomy":"post_tag","embeddable":true,"href":"https:\/\/mag.abracadaroom.com\/fr\/wp-json\/wp\/v2\/tags?post=8904"}],"curies":[{"name":"wp","href":"https:\/\/api.w.org\/{rel}","templated":true}]}}