{"id":9160,"date":"2020-09-02T15:00:55","date_gmt":"2020-09-02T14:00:55","guid":{"rendered":"https:\/\/mag.abracadaroom.com\/fr\/?p=9160"},"modified":"2021-07-27T08:25:56","modified_gmt":"2021-07-27T07:25:56","slug":"interview-proprietaire-des-cabanes-de-koaddour","status":"publish","type":"post","link":"https:\/\/mag.abracadaroom.com\/fr\/interview-proprietaire-des-cabanes-de-koaddour\/","title":{"rendered":"Interview propri\u00e9taires des cabanes de Koad&rsquo;dour"},"content":{"rendered":"<p> Cette semaine, nous accueillons les propri\u00e9taires des cabanes de Koad&rsquo;dour, Patrice et Murielle, qui vous invitent \u00e0 s\u00e9journer dans une cabane dans l&rsquo;Ille-et-Vilaine ! On vous laisse d\u00e9couvrir l&rsquo;interview\u2026<\/p>\n<h2 style=\"text-align: justify;\"><span style=\"color: #7f204e;\"> Pourriez-vous vous pr\u00e9senter aux lecteurs d&rsquo;AbracadaRoom ?<\/span><\/h2>\n<p><img decoding=\"async\" class=\"wp-image-4330 alignright\" src=\"https:\/\/mag.abracadaroom.com\/fr\/wp-content\/uploads\/2020\/09\/unnamed.jpg\" alt=\"Les Cabanes de Koad'dour\" width=\"200\" \/><\/p>\n<p style=\"text-align: justify;\"> Styliste puis cheffe d\u2019entreprise pour l\u2019un, technicien de maintenance puis commer\u00e7ant pour l\u2019autre, aujourd\u2019hui nous nous consacrons pleinement \u00e0 notre domaine cr\u00e9\u00e9 en parall\u00e8le de<br \/>\nnos activit\u00e9s. Nous sommes tous les deux passionn\u00e9s par le tourisme. Nous aimons recevoir, faire partager notre petit coin de paradis pour offrir \u00e0 nos h\u00f4tes des instants magiques, des moments inoubliables, un moment de d\u00e9connexion, dans le spectacle que nous offre la nature. Le bonheur sur un visage est notre plus belle satisfaction.<br \/>\nC\u2019est en 1990 que nous avons d\u00e9cid\u00e9 de nous installer dans cette propri\u00e9t\u00e9 familiale. Notre d\u00e9sir \u00e9tant de poursuivre ce que nos parents avaient d\u00e9but\u00e9 avec tant de passion et de travail et d\u2019en faire un jardin d\u2019Eden, un cocon, avec des cabanes luxueuses, un lieu intimiste pour que chacun puisse vivre un moment d\u2019exception. A cette \u00e9poque cette id\u00e9e semblait tellement fantaisiste\u2026 mais qu\u2019importe.<br \/>\nD\u00e9bordants d\u2019enthousiasme et d\u2019\u00e9nergie, la t\u00e2che \u00e9tait titanesque&#8230; nous devions \u00e9laguer, d\u00e9broussailler,d\u00e9gager la rivi\u00e8re, entretenir l\u2019\u00e9tang et renforcer les berges. En 9 ans, on y est presque arriv\u00e9&#8230; c\u2019\u00e9tait sans compter sur la temp\u00eate de Noel 1999 !<br \/>\nSi l\u2019an 2000 \u00e9tait la fin du deuxi\u00e8me mill\u00e9naire, c\u2019\u00e9tait la fin du monde chez nous, notre petit paradis \u00e9tait ravag\u00e9, les arbres envol\u00e9s et arrach\u00e9s, comme dans une partie de domino express\u2026un v\u00e9ritable rouleau compresseur sur nos ann\u00e9es de travail.<br \/>\nPuis un jour de printemps, la nature se r\u00e9veille avec les premi\u00e8res fleurs et le chant des oiseaux et nos r\u00eaves r\u00e9apparaissent !<br \/>\nEn 2013, nous d\u00e9butons par la r\u00e9novation du petit chalet au bord de l\u2019\u00e9tang, puis de la construction de la terrasse sur pilotis et du ponton de p\u00eache. Notre premi\u00e8re cabane ravie la famille, nos amis, les amis de nos amis, les p\u00eacheurs pour les week-ends puis les vacances, pour des moments de tranquillit\u00e9 et c\u2019est ainsi que d\u00e9bute nos premiers pas dans le tourisme.<br \/>\nNous sommes ravis de cette nouvelle activit\u00e9 qui comble toute nos esp\u00e9rances, les rencontres, la satisfaction de nos h\u00f4tes, le plaisir de faire partager notre cocon. Ce sont tous ces bons moments qui nous poussent \u00e0 relever notre plus grand d\u00e9fi, et poursuivre notre but, construire une cabane dans les arbres au milieu de l\u2019\u00e9tang. Les cinq pins id\u00e9alement dispos\u00e9s en cercle semblaient attendre \u00e0 bras ouverts cette construction\u2026<br \/>\nA partir de 2014, ce nouveau projet, est devenu notre priorit\u00e9, un v\u00e9ritable challenge : l\u2019un voulait de l\u2019authenticit\u00e9 et l\u2019autre du luxe, nous \u00e9tions d\u2019accord sur un peu d\u2019originalit\u00e9.<\/p>\n<p>Au mois d\u2019ao\u00fbt, malgr\u00e9 les difficult\u00e9s et le risque d\u2019ex\u00e9cuter cette tache seul du haut d\u2019une simple \u00e9chelle, les fixations sur les arbres sont pos\u00e9es, la premi\u00e8re planche \u00e0 l\u2019\u00e9difice. Puis, avec beaucoup de g\u00e9n\u00e9rosit\u00e9, au fil du temps, beaucoup de nos proches nous ont apport\u00e9 leur soutien, leur aide, leur savoir-faire afin de nous aider dans cette \u00e9preuve : des moments de rires, de bonne humeur qui furent notre antidote \u00e0 la difficult\u00e9, aux contraintes que nous a impos\u00e9 la nature, \u00e0 ses caprices. Plus la construction avan\u00e7ait et plus nos ambitions grandissaient.<br \/>\nEn trois ans, planche apr\u00e8s planche notre cabane a vu le jour. Construite de mat\u00e9riaux nobles, sa forme est celle que les arbres ont bien voulu nous offrir, on y a ajout\u00e9 un spa sur la terrasse et avons d\u00e9cid\u00e9 de rester authentique et original en fabriquant une partie du mobilier avec les arbres du jardin et du mat\u00e9riel issu de notre domaine.<br \/>\nAujourd\u2019hui, nous avons r\u00e9alis\u00e9 une partie de notre r\u00eave et de nouveaux projets se dessinent.<br \/>\nNous d\u00e9sirons transformer notre cabane de p\u00eache, en gardant sa grande terrasse sur pilotis, mais en ajoutant un confort suppl\u00e9mentaire en modifiant les espaces, peut \u00eatre un espace spa\u2026 pour le printemps prochain, nous serons pr\u00eats. Pour cette ann\u00e9e un peu particuli\u00e8re, nous avons juste cr\u00e9\u00e9e une petite plage, une invitation \u00e0 l\u2019\u00e9vasion.<\/p>\n<h2 style=\"text-align: justify;\"><span style=\"color: #7f204e;\">Pouvez-vous d\u00e9crire votre domaine en quelques mots ?<\/span><\/h2>\n<p style=\"text-align: justify;\"> En ouvrant la petite porte dissimul\u00e9e quelque part dans le fond de la propri\u00e9t\u00e9, on peut \u00eatre \u00e0 la fois en Bretagne et en Normandie. Le ruisseau qui borde notre domaine fait office de fronti\u00e8re entre les deux r\u00e9gions.<br \/>\nNous sommes situ\u00e9s du cot\u00e9 Bretagne, dans le pays du granit, \u00e0 Les Portes du Coglais, agr\u00e9able petit village fleuri de 661 habitants, (commerce de proximit\u00e9) ou l\u2019art de vivre tous ensemble demeure une tradition. Nous sommes accessibles tr\u00e8s facilement par l\u2019autoroute gratuite A84, sortie 31, (Rennes Caen), \u00e0 4 kms. Le nom de notre domaine \u00ab\u00a0Les cabanes de Koad&rsquo;dour\u00a0\u00bb est apparu comme une \u00e9vidence\u00a0: \u00ab\u00a0koad\u00a0\u00bb pour le bois et \u00ab\u00a0dour\u00a0\u00bb pour l\u2019eau. Notre domaine s\u2019\u00e9tend sur presque deux hectares avec au centre un \u00e9tang poissonneux de 6000 m2. Lorsque pour la premi\u00e8re fois vous franchissez la grille, vous \u00eates absorb\u00e9s par une v\u00e9g\u00e9tation dense et tr\u00e8s verdoyante, loin de tout, et vous semblez \u00eatre arriv\u00e9s au bout du monde, dans un \u00e9crin de verdure : notre petit paradis.<\/p>\n<p>Une fois vos valises pos\u00e9es, votre esprit va se trouver happ\u00e9 par le spectacle qu\u2019offre cette nature pr\u00e9serv\u00e9e. Surpris par le saut d\u2019une carpe, \u00e9merveill\u00e9s par l\u2019agilit\u00e9 des \u00e9cureuils dans les arbres, \u00e9blouis par le vol majestueux d\u2019un h\u00e9ron au-dessus de l\u2019\u00e9tang, ou tout simplement absorb\u00e9s par le chant des oiseaux&#8230;<br \/>\nConstruite de mat\u00e9riaux nobles, Douglas et pin du canada, on y acc\u00e8de par un escalier en colima\u00e7on fabriqu\u00e9 par un forgeron local pour atteindre le premier \u00e9tage \u00e0 6,5 m\u00e8tres.<br \/>\nSur ce premier niveau la terrasse offre une vue panoramique sur toute la propri\u00e9t\u00e9 et l\u2019\u00e9tang, am\u00e9nag\u00e9e vous pourrez profiter d\u2019un d\u00eener romantique et profiter et en toute intimit\u00e9, d\u2019un moment de d\u00e9tente dans le spa au plus pr\u00e8s des \u00e9toiles.<br \/>\nLa cabane poss\u00e8de des \u00e9quipements haut de gamme pour un meilleur confort. Les pi\u00e8ces du mobilier et d\u00e9coration, r\u00e9alis\u00e9es par nos soins avec les arbres du jardin, de la vigne, ou avec des objets du domaine, donnent une touche d\u2019originalit\u00e9 et d\u2019authenticit\u00e9.<br \/>\nLa pi\u00e8ce principale avec la cuisine tout \u00e9quip\u00e9e est ouverte sur la terrasse. Depuis cet \u00e9tage vous acc\u00e9dez par un escalier \u00e0 la chambre, confortable et romantique, elle dispose d\u2019une salle d\u2019eau ouverte avec baignoire au pied de l\u2019arbre central. Dans cet espace, \u00e0 9 m\u00e8tres de haut un balcon s\u2019offre \u00e0 vous, vous \u00eates \u00e0 cet endroit dans le c\u0153ur de l\u2019arbre et presque \u00e0 la cime, en symbiose parfaite avec la nature. Un r\u00e9el moment d\u2019\u00e9vasion.<br \/>\nCertains pr\u00e9f\u00e9rerons laisser leur esprit flotter, dans la cabane du p\u00eacheur. Ce petit chalet construit uniquement de pin du Canada est l\u2019endroit id\u00e9al pour les amateurs de p\u00eache ou pour un retour \u00e0 la nature et \u00e0 l\u2019essentiel. La terrasse sur pilotis offre une vue imprenable sur la surface de l\u2019eau, et procure un sentiment de pl\u00e9nitude et de tranquillit\u00e9. Confortablement install\u00e9s dans un transat, en \u00e9coutant les oiseaux, les sauts de poissons, ou le clapotis du ruisseau vous ne pourrez que vous laissez aller \u00e0 la d\u00e9tente.<br \/>\nL\u2019an prochain cette cabane offrira les m\u00eames prestations que la cabane dans les arbres, excellent confort, am\u00e9nagement diff\u00e9rent et spa.<br \/>\nEn fin d\u2019apr\u00e8s-midi, aux derniers rayons du soleil, sous le grand ch\u00eane, la terrasse en pierre est un excellent observatoire, les canards profitent du radeau en dessous pour faire la sieste. Tandis qu\u2019un peu plus loin pr\u00e8s de la source les carpes se regroupent en surface et viennent se rafra\u00eechir.<\/p>\n<h2 style=\"text-align: justify;\"><span style=\"color: #7f204e;\">Quels sont vos points forts, vos atouts (en terme d\u2019humain, activit\u00e9s, repas, \u00e9cologie, produits propos\u00e9s, nature, d\u00e9paysement, aventure, etc.) ?<\/span><\/h2>\n<p style=\"text-align: justify;\">\nNous sommes \u00e0 l\u2019\u00e9coute et pr\u00e9sents pour nos clients et ceci, avec le maximum de discr\u00e9tion. Nous accordons une grande attention \u00e0 l\u2019accueil pour que l\u2019instant soit magique et demeure inoubliable pour vous.<br \/>\nMettre un petit sc\u00e9nario en place lorsqu&rsquo;il s\u2019agit d\u2019une surprise, ou r\u00e9pondre \u00e0 une demande ou exigence particuli\u00e8re pour une r\u00e9ussite parfaite du s\u00e9jour est pour nous essentiel.<br \/>\nConnaissant parfaitement bien la r\u00e9gion, nous pouvons vous conseiller ou vous aider dans vos choix de visites.<br \/>\nPour profiter au mieux de ce s\u00e9jour de d\u00e9tente, nous proposons pour le soir de votre arriv\u00e9e un repas constitu\u00e9 de produits bio et locaux, pr\u00e9par\u00e9 sp\u00e9cialement par un ma\u00eetre restaurateur.<br \/>\nPour un r\u00e9veil gourmand, le petit d\u00e9jeuner va vous ravir les papilles\u00a0: des produits de saison, locaux, livr\u00e9s dans un panier \u00e0 l\u2019heure souhait\u00e9e. Notre domaine est priv\u00e9, seuls nos clients sont autoris\u00e9s \u00e0 y p\u00e9n\u00e9trer, ceci pour pr\u00e9server votre intimit\u00e9 et votre vie priv\u00e9e.<\/p>\n<p><img decoding=\"async\" class=\"aligncenter size-full wp-image-4318\" src=\"https:\/\/mag.abracadaroom.com\/fr\/wp-content\/uploads\/2020\/09\/spa-vue-sur-\u00e9tang.jpeg\" alt=\"Les Cabanes de Koad'dour\" width=\"500\" \/><\/p>\n<h2 style=\"text-align: justify;\"><span style=\"color: #7f204e;\">Quelles activit\u00e9s peut-on retrouver sur votre domaine ?<\/span><\/h2>\n<p style=\"text-align: justify;\">Le spa privatif dans la cabane dans les arbres pour vous d\u00e9tendre \u00e0 l&rsquo;heure que vous souhaitez. Vous pourrez pratiquer la p\u00eache \u00e0 la carpe, aux gardons ou \u00e0 l&rsquo;anguille dans notre \u00e9tang, et vous d\u00e9tendre en jouant \u00e0 la p\u00e9tanque ou en vous reposant sur notre petite plage priv\u00e9e. <\/p>\n<h2 style=\"text-align: justify;\"><span style=\"color: #7f204e;\">Quels sont les bons plans aux alentours de votre domaine ?<\/span><\/h2>\n<p style=\"text-align: justify;\"> Pr\u00e8s de la baie du Mont Saint Michel, nous sommes id\u00e9alement situ\u00e9s pour le d\u00e9part de nombreuses visites en Bretagne ou Normandie.<br \/>\nL\u2019incontournable visite au Mont Saint Michel et sa baie, class\u00e9s au patrimoine de l\u2019UNESCO, les remparts de saint Malo, et Dinard, les plages. La ville historique de Dinan avec sa c\u00e9l\u00e8bre rue du Gerzuel qui descend au vieux port sur la Rance puis a proximit\u00e9 le village de Locronan et son abbaye. D\u00e9guster des hu\u00eetres class\u00e9es au patrimoine culturel immat\u00e9riel de l\u2019UNESCO sur le port de Cancale, face au Mont Saint Michel. La Haute-ville de Foug\u00e8res, descendre visiter le plus grand ch\u00e2teau fort d\u2019Europe et son quartier.<br \/>\nVitr\u00e9, et Rennes la capitale de la Bretagne avec son centre historique magnifique, le c\u00e9l\u00e8bre march\u00e9 des Lices, ville ou r\u00e8gne une ambiance tr\u00e8s particuli\u00e8re et agr\u00e9able. La for\u00eat de Villecartier et le port miniature. Les marais de Sougeal class\u00e9 Espace Remarquable de Bretagne. Le parc botanique de Haute-Bretagne 25 jardins sur 25 hectares avec des sp\u00e9cimens uniques en France. Que de destinations merveilleuses \u00e0 d\u00e9couvrir !<br \/>\nVous pourrez d\u00e9couvrir la gastronomie locale, cr\u00eapes, galettes de sarrasin, et la c\u00e9l\u00e8bre galettes saucisses, le beurre sal\u00e9, ou encore le cidre&#8230;<br \/>\nPr\u00e8s de note domaine se trouve des chemins de randonn\u00e9es autour d\u2019un patrimoine r\u00e9gional typique : grottes, carri\u00e8res, pierres mystiques, chapelles&#8230; <\/p>\n<h2 style=\"text-align: justify;\"><span style=\"color: #7f204e;\">Avez-vous une exp\u00e9rience ou une anecdote au sein de votre domaine \u00e0 nous raconter ?<\/span><\/h2>\n<p style=\"text-align: justify;\"> Mettre un pied de chaque cot\u00e9 du ruisseau pour \u00eatre en Bretagne et Normandie \u00e0 la fois. Faire un Snapchat d\u2019un c\u00f4t\u00e9 de la cabane dans les arbres pour se localiser dans une r\u00e9gion, changer de c\u00f4t\u00e9 et se retrouver dans l\u2019autre r\u00e9gion.<br \/>\nCroire qu\u2019un monstre tel que le Loch Ness vit dans l\u2019\u00e9tang, lorsque tr\u00e8s rarement les carpes se regroupent et s\u2019agitent fortement au fond de l\u2019eau pour chercher de la nourriture on peut apercevoir un jet de vapeur d\u00fb au remous.<\/p>\n<h2 style=\"text-align: justify;\"><span style=\"color: #7f204e;\">Laissez un message \u00e0 nos lecteurs : <\/span><\/h2>\n<p><img decoding=\"async\" class=\"alignright size-full wp-image-4318\" src=\"https:\/\/mag.abracadaroom.com\/fr\/wp-content\/uploads\/2020\/09\/chambre.jpeg\" alt=\"Les Cabanes de Koad'dour\" width=\"200\"\n alt=\"Cabane de Koad'dour \" width=\"200\" \/><\/p>\n<p style=\"text-align: justify;\"> Chez nous, vous \u00eates chez vous ! Nous mettons tout en \u0153uvre pour que votre s\u00e9jour soit un moment d\u2019exception. Notre souhait est de vous faire passer un s\u00e9jour hors du temps, et go\u00fbter au plaisir de nos cabanes. Nous mettons tout en \u0153uvre pour vous offrir une parenth\u00e8se de douceur dans un lieu magique. Nous avons \u00e0 c\u0153ur de vous faire partager notre petit paradis pour vous offrir une bulle de bonheur !<\/p>\n<p><\/br><\/br><\/p>\n<p style=\"text-align: center;\"><a style=\"text-shadow: none; font-family: Amatic SC; font-size: 22px; padding: 15px; background-color: #01aeb6; color: white;\" href=\"https:\/\/www.abracadaroom.com\/fr\/reservation-les-cabanes-de-koaddour-cabane-dans-les-arbres-cabane-spa-koaddour-2838\/\" target=\"_blank\" rel=\"noopener noreferrer\"><b>D\u00e9couvrir Les Cabanes de Koad&rsquo;dour <\/b><\/a><\/p>\n","protected":false},"excerpt":{"rendered":"<p>Cette semaine, nous accueillons les propri\u00e9taires des cabanes de Koad&rsquo;dour, Patrice et Murielle, qui vous invitent \u00e0 s\u00e9journer dans une cabane dans l&rsquo;Ille-et-Vilaine ! On vous laisse d\u00e9couvrir l&rsquo;interview\u2026 Pourriez-vous vous pr\u00e9senter aux lecteurs d&rsquo;AbracadaRoom ? Styliste puis cheffe d\u2019entreprise pour l\u2019un, technicien de maintenance puis commer\u00e7ant pour l\u2019autre, aujourd\u2019hui nous nous consacrons pleinement \u00e0 [&hellip;]<\/p>\n","protected":false},"author":12,"featured_media":9218,"comment_status":"open","ping_status":"open","sticky":false,"template":"","format":"standard","meta":{"om_disable_all_campaigns":false,"_uf_show_specific_survey":0,"_uf_disable_surveys":false,"footnotes":""},"categories":[10],"tags":[],"yoast_head":"<!-- This site is optimized with the Yoast SEO plugin v21.8 - https:\/\/yoast.com\/wordpress\/plugins\/seo\/ -->\n<title>Interview propri\u00e9taires des cabanes de Koad&#039;dour<\/title>\n<meta name=\"robots\" content=\"index, follow, max-snippet:-1, max-image-preview:large, max-video-preview:-1\" \/>\n<link rel=\"canonical\" href=\"https:\/\/mag.abracadaroom.com\/fr\/interview-proprietaire-des-cabanes-de-koaddour\/\" \/>\n<meta property=\"og:locale\" content=\"fr_FR\" \/>\n<meta property=\"og:type\" content=\"article\" \/>\n<meta property=\"og:title\" content=\"Interview propri\u00e9taires des cabanes de Koad&#039;dour\" \/>\n<meta property=\"og:description\" content=\"Cette semaine, nous accueillons les propri\u00e9taires des cabanes de Koad&rsquo;dour, Patrice et Murielle, qui vous invitent \u00e0 s\u00e9journer dans une cabane dans l&rsquo;Ille-et-Vilaine ! On vous laisse d\u00e9couvrir l&rsquo;interview\u2026 Pourriez-vous vous pr\u00e9senter aux lecteurs d&rsquo;AbracadaRoom ? Styliste puis cheffe d\u2019entreprise pour l\u2019un, technicien de maintenance puis commer\u00e7ant pour l\u2019autre, aujourd\u2019hui nous nous consacrons pleinement \u00e0 [&hellip;]\" \/>\n<meta property=\"og:url\" content=\"https:\/\/mag.abracadaroom.com\/fr\/interview-proprietaire-des-cabanes-de-koaddour\/\" \/>\n<meta property=\"og:site_name\" content=\"Le blog du tourisme insolite\" \/>\n<meta property=\"article:publisher\" content=\"https:\/\/www.facebook.com\/abracadaroom\" \/>\n<meta property=\"article:published_time\" content=\"2020-09-02T14:00:55+00:00\" \/>\n<meta property=\"article:modified_time\" content=\"2021-07-27T07:25:56+00:00\" \/>\n<meta property=\"og:image\" content=\"https:\/\/mag.abracadaroom.com\/fr\/wp-content\/uploads\/2020\/09\/MG_1843-1024x683.jpeg\" \/>\n\t<meta property=\"og:image:width\" content=\"1024\" \/>\n\t<meta property=\"og:image:height\" content=\"683\" \/>\n\t<meta property=\"og:image:type\" content=\"image\/jpeg\" \/>\n<meta name=\"author\" content=\"Juliana\" \/>\n<meta name=\"twitter:card\" content=\"summary_large_image\" \/>\n<meta name=\"twitter:creator\" content=\"@abracadaroom\" \/>\n<meta name=\"twitter:site\" content=\"@abracadaroom\" \/>\n<meta name=\"twitter:label1\" content=\"\u00c9crit par\" \/>\n\t<meta name=\"twitter:data1\" content=\"Juliana\" \/>\n\t<meta name=\"twitter:label2\" content=\"Dur\u00e9e de lecture estim\u00e9e\" \/>\n\t<meta name=\"twitter:data2\" content=\"10 minutes\" \/>\n<script type=\"application\/ld+json\" class=\"yoast-schema-graph\">{\"@context\":\"https:\/\/schema.org\",\"@graph\":[{\"@type\":\"WebPage\",\"@id\":\"https:\/\/mag.abracadaroom.com\/fr\/interview-proprietaire-des-cabanes-de-koaddour\/\",\"url\":\"https:\/\/mag.abracadaroom.com\/fr\/interview-proprietaire-des-cabanes-de-koaddour\/\",\"name\":\"Interview propri\u00e9taires des cabanes de Koad'dour\",\"isPartOf\":{\"@id\":\"https:\/\/mag.abracadaroom.com\/fr\/#website\"},\"datePublished\":\"2020-09-02T14:00:55+00:00\",\"dateModified\":\"2021-07-27T07:25:56+00:00\",\"author\":{\"@id\":\"https:\/\/mag.abracadaroom.com\/fr\/#\/schema\/person\/fa197b9cb690e32885539872f2a20b04\"},\"breadcrumb\":{\"@id\":\"https:\/\/mag.abracadaroom.com\/fr\/interview-proprietaire-des-cabanes-de-koaddour\/#breadcrumb\"},\"inLanguage\":\"fr-FR\",\"potentialAction\":[{\"@type\":\"ReadAction\",\"target\":[\"https:\/\/mag.abracadaroom.com\/fr\/interview-proprietaire-des-cabanes-de-koaddour\/\"]}]},{\"@type\":\"BreadcrumbList\",\"@id\":\"https:\/\/mag.abracadaroom.com\/fr\/interview-proprietaire-des-cabanes-de-koaddour\/#breadcrumb\",\"itemListElement\":[{\"@type\":\"ListItem\",\"position\":1,\"name\":\"Home\",\"item\":\"https:\/\/mag.abracadaroom.com\/fr\/\"},{\"@type\":\"ListItem\",\"position\":2,\"name\":\"Interview propri\u00e9taires des cabanes de Koad&rsquo;dour\"}]},{\"@type\":\"WebSite\",\"@id\":\"https:\/\/mag.abracadaroom.com\/fr\/#website\",\"url\":\"https:\/\/mag.abracadaroom.com\/fr\/\",\"name\":\"Le blog du tourisme insolite\",\"description\":\"\",\"potentialAction\":[{\"@type\":\"SearchAction\",\"target\":{\"@type\":\"EntryPoint\",\"urlTemplate\":\"https:\/\/mag.abracadaroom.com\/fr\/?s={search_term_string}\"},\"query-input\":\"required name=search_term_string\"}],\"inLanguage\":\"fr-FR\"},{\"@type\":\"Person\",\"@id\":\"https:\/\/mag.abracadaroom.com\/fr\/#\/schema\/person\/fa197b9cb690e32885539872f2a20b04\",\"name\":\"Juliana\",\"image\":{\"@type\":\"ImageObject\",\"inLanguage\":\"fr-FR\",\"@id\":\"https:\/\/mag.abracadaroom.com\/fr\/#\/schema\/person\/image\/\",\"url\":\"https:\/\/secure.gravatar.com\/avatar\/dca21c981e2ed4df4fe0d23a8e98b31e?s=96&d=mm&r=g\",\"contentUrl\":\"https:\/\/secure.gravatar.com\/avatar\/dca21c981e2ed4df4fe0d23a8e98b31e?s=96&d=mm&r=g\",\"caption\":\"Juliana\"},\"url\":\"https:\/\/mag.abracadaroom.com\/fr\/author\/juliana\/\"}]}<\/script>\n<!-- \/ Yoast SEO plugin. -->","yoast_head_json":{"title":"Interview propri\u00e9taires des cabanes de Koad'dour","robots":{"index":"index","follow":"follow","max-snippet":"max-snippet:-1","max-image-preview":"max-image-preview:large","max-video-preview":"max-video-preview:-1"},"canonical":"https:\/\/mag.abracadaroom.com\/fr\/interview-proprietaire-des-cabanes-de-koaddour\/","og_locale":"fr_FR","og_type":"article","og_title":"Interview propri\u00e9taires des cabanes de Koad'dour","og_description":"Cette semaine, nous accueillons les propri\u00e9taires des cabanes de Koad&rsquo;dour, Patrice et Murielle, qui vous invitent \u00e0 s\u00e9journer dans une cabane dans l&rsquo;Ille-et-Vilaine ! On vous laisse d\u00e9couvrir l&rsquo;interview\u2026 Pourriez-vous vous pr\u00e9senter aux lecteurs d&rsquo;AbracadaRoom ? Styliste puis cheffe d\u2019entreprise pour l\u2019un, technicien de maintenance puis commer\u00e7ant pour l\u2019autre, aujourd\u2019hui nous nous consacrons pleinement \u00e0 [&hellip;]","og_url":"https:\/\/mag.abracadaroom.com\/fr\/interview-proprietaire-des-cabanes-de-koaddour\/","og_site_name":"Le blog du tourisme insolite","article_publisher":"https:\/\/www.facebook.com\/abracadaroom","article_published_time":"2020-09-02T14:00:55+00:00","article_modified_time":"2021-07-27T07:25:56+00:00","og_image":[{"width":1024,"height":683,"url":"https:\/\/mag.abracadaroom.com\/fr\/wp-content\/uploads\/2020\/09\/MG_1843-1024x683.jpeg","type":"image\/jpeg"}],"author":"Juliana","twitter_card":"summary_large_image","twitter_creator":"@abracadaroom","twitter_site":"@abracadaroom","twitter_misc":{"\u00c9crit par":"Juliana","Dur\u00e9e de lecture estim\u00e9e":"10 minutes"},"schema":{"@context":"https:\/\/schema.org","@graph":[{"@type":"WebPage","@id":"https:\/\/mag.abracadaroom.com\/fr\/interview-proprietaire-des-cabanes-de-koaddour\/","url":"https:\/\/mag.abracadaroom.com\/fr\/interview-proprietaire-des-cabanes-de-koaddour\/","name":"Interview propri\u00e9taires des cabanes de Koad'dour","isPartOf":{"@id":"https:\/\/mag.abracadaroom.com\/fr\/#website"},"datePublished":"2020-09-02T14:00:55+00:00","dateModified":"2021-07-27T07:25:56+00:00","author":{"@id":"https:\/\/mag.abracadaroom.com\/fr\/#\/schema\/person\/fa197b9cb690e32885539872f2a20b04"},"breadcrumb":{"@id":"https:\/\/mag.abracadaroom.com\/fr\/interview-proprietaire-des-cabanes-de-koaddour\/#breadcrumb"},"inLanguage":"fr-FR","potentialAction":[{"@type":"ReadAction","target":["https:\/\/mag.abracadaroom.com\/fr\/interview-proprietaire-des-cabanes-de-koaddour\/"]}]},{"@type":"BreadcrumbList","@id":"https:\/\/mag.abracadaroom.com\/fr\/interview-proprietaire-des-cabanes-de-koaddour\/#breadcrumb","itemListElement":[{"@type":"ListItem","position":1,"name":"Home","item":"https:\/\/mag.abracadaroom.com\/fr\/"},{"@type":"ListItem","position":2,"name":"Interview propri\u00e9taires des cabanes de Koad&rsquo;dour"}]},{"@type":"WebSite","@id":"https:\/\/mag.abracadaroom.com\/fr\/#website","url":"https:\/\/mag.abracadaroom.com\/fr\/","name":"Le blog du tourisme insolite","description":"","potentialAction":[{"@type":"SearchAction","target":{"@type":"EntryPoint","urlTemplate":"https:\/\/mag.abracadaroom.com\/fr\/?s={search_term_string}"},"query-input":"required name=search_term_string"}],"inLanguage":"fr-FR"},{"@type":"Person","@id":"https:\/\/mag.abracadaroom.com\/fr\/#\/schema\/person\/fa197b9cb690e32885539872f2a20b04","name":"Juliana","image":{"@type":"ImageObject","inLanguage":"fr-FR","@id":"https:\/\/mag.abracadaroom.com\/fr\/#\/schema\/person\/image\/","url":"https:\/\/secure.gravatar.com\/avatar\/dca21c981e2ed4df4fe0d23a8e98b31e?s=96&d=mm&r=g","contentUrl":"https:\/\/secure.gravatar.com\/avatar\/dca21c981e2ed4df4fe0d23a8e98b31e?s=96&d=mm&r=g","caption":"Juliana"},"url":"https:\/\/mag.abracadaroom.com\/fr\/author\/juliana\/"}]}},"_links":{"self":[{"href":"https:\/\/mag.abracadaroom.com\/fr\/wp-json\/wp\/v2\/posts\/9160"}],"collection":[{"href":"https:\/\/mag.abracadaroom.com\/fr\/wp-json\/wp\/v2\/posts"}],"about":[{"href":"https:\/\/mag.abracadaroom.com\/fr\/wp-json\/wp\/v2\/types\/post"}],"author":[{"embeddable":true,"href":"https:\/\/mag.abracadaroom.com\/fr\/wp-json\/wp\/v2\/users\/12"}],"replies":[{"embeddable":true,"href":"https:\/\/mag.abracadaroom.com\/fr\/wp-json\/wp\/v2\/comments?post=9160"}],"version-history":[{"count":9,"href":"https:\/\/mag.abracadaroom.com\/fr\/wp-json\/wp\/v2\/posts\/9160\/revisions"}],"predecessor-version":[{"id":10124,"href":"https:\/\/mag.abracadaroom.com\/fr\/wp-json\/wp\/v2\/posts\/9160\/revisions\/10124"}],"wp:featuredmedia":[{"embeddable":true,"href":"https:\/\/mag.abracadaroom.com\/fr\/wp-json\/wp\/v2\/media\/9218"}],"wp:attachment":[{"href":"https:\/\/mag.abracadaroom.com\/fr\/wp-json\/wp\/v2\/media?parent=9160"}],"wp:term":[{"taxonomy":"category","embeddable":true,"href":"https:\/\/mag.abracadaroom.com\/fr\/wp-json\/wp\/v2\/categories?post=9160"},{"taxonomy":"post_tag","embeddable":true,"href":"https:\/\/mag.abracadaroom.com\/fr\/wp-json\/wp\/v2\/tags?post=9160"}],"curies":[{"name":"wp","href":"https:\/\/api.w.org\/{rel}","templated":true}]}}