{"id":9290,"date":"2020-10-27T17:00:13","date_gmt":"2020-10-27T16:00:13","guid":{"rendered":"https:\/\/mag.abracadaroom.com\/fr\/?p=9290"},"modified":"2020-10-27T15:09:46","modified_gmt":"2020-10-27T14:09:46","slug":"quand-linsolite-sinvite-a-la-montagne","status":"publish","type":"post","link":"https:\/\/mag.abracadaroom.com\/fr\/quand-linsolite-sinvite-a-la-montagne\/","title":{"rendered":"Quand l&rsquo;insolite s&rsquo;invite \u00e0 la montagne !"},"content":{"rendered":"<p style=\"text-align: justify;\">Ca y est, nous y sommes. Cela fait quelques jours que nous sommes pass\u00e9s \u00e0 l&rsquo;heure d&rsquo;hiver. Et qui dit heures d&rsquo;hiver, dit aussi journ\u00e9es plus courtes !<br \/>\nLe soleil se couche de plus en plus t\u00f4t, le froid s&rsquo;invite peu \u00e0 peu dans notre quotidien, nos manteaux quittent nos placards pour nous couvrir et nos couvertures deviennent nos meilleures amis. Commence alors ce qu&rsquo;on appelle la fameuse d\u00e9prime saisonni\u00e8re&#8230; \ud83d\ude41<\/p>\n<p style=\"text-align: justify;\">Et si on ne se laissait pas abattre et qu&rsquo;on sortait un peu de cette routine hivernale ? Balancez votre couette, prenez de quoi noter et d\u00e9couvrez sans plus attendre nos h\u00e9bergements insolites \u00e0 la montagne ! Ski, randonn\u00e9es, repas chaud et d\u00e9couverte de la nature&#8230; Vous allez adorer vos vacances d&rsquo;hiver \ud83d\ude09 !<\/p>\n<h2>La Bulle Spa du Cians &#8211; Alpes-Maritimes (06)<\/h2>\n<p><img decoding=\"async\" src=\"https:\/\/mag.abracadaroom.com\/fr\/wp-content\/uploads\/2020\/10\/BEUIL-Bulle-Camping-du-Cians-17-mars-2016-36904-Version-2.jpg\" alt=\"Camping le Cians\" class=\"aligncenter\" \/><\/p>\n<p style=\"text-align: justify;\"><a href=\"https:\/\/www.abracadaroom.com\/fr\/reservation-camping-le-cians-bulles-la-bulle-spa-du-cians-n02-2661\/\" rel=\"noopener\" target=\"_blank\">Une bulle au beau milieu d\u2019une \u00e9tendue de neige<\/a>\u2026 Une vue sur la Voie lact\u00e9e directement depuis votre lit, un domaine situ\u00e9 au pied des stations de ski de Beuil et de Valberg, tout est r\u00e9uni pour passer une s\u00e9jour unique et inoubliable en pleine montagne ! Le romantisme sera bel et bien au rendez-vous durant cette escapade enneig\u00e9e sous les \u00e9toiles !<\/p>\n<h2>Le Refuge de Marguerite &#038; Spa &#8211; Haute-Savoie (74)<\/h2>\n<p><img decoding=\"async\" src=\"https:\/\/mag.abracadaroom.com\/fr\/wp-content\/uploads\/2020\/10\/image-2.jpg\" alt=\"Hils 4810\" class=\"aligncenter\"\/><\/p>\n<p style=\"text-align: justify;\">On vous propose ici de d\u00e9couvrir un v\u00e9ritable <a href=\"https:\/\/www.abracadaroom.com\/fr\/reservation-hils-4810-chalet-refuge-de-marguerite-spa-2628\/\" rel=\"noopener\" target=\"_blank\">chalet de haute-montagne<\/a> pour un s\u00e9jour au plus pr\u00e8s des Alpes et des stations de ski ! La terrasse avec bain nordique privatif vous permettra de vous d\u00e9tendre et de vous relaxer face \u00e0 une vue panoramique et somptueuse sur les montagne. Un petit plus agr\u00e9able en toute saison !<\/p>\n<h2>Cabane Spa des Chastelas &#8211; Hautes-Alpes (05)<\/h2>\n<p><img decoding=\"async\" src=\"https:\/\/mag.abracadaroom.com\/fr\/wp-content\/uploads\/2020\/10\/IMG_20191230_142154.jpg\" alt=\"Ma Cabane des Hautes Alpes\" class=\"aligncenter\"\/><\/p>\n<p style=\"text-align: justify;\">Cette <a href=\"https:\/\/www.abracadaroom.com\/fr\/reservation-ma-cabane-des-hautes-alpes-cabane-sur-pilotis-cabane-spa-des-chastelas-2725\/\" rel=\"noopener\" target=\"_blank\">cabane dans les Alpes<\/a> est le combo parfait entre un s\u00e9jour tout confort et l\u2019aventure d\u2019une nuit insolite au coeur des montagnes ! Vous pourrez depuis votre jacuzzi privatif, situ\u00e9 sur la terrasse, observer la vue imprenable sur les Alpes enneig\u00e9es. De quoi vous mette des \u00e9toiles plein les yeux&#8230; <\/p>\n<h2>Cabane Spa Mont-Blanc &#8211; Savoie (73)<\/h2>\n<p><img decoding=\"async\" src=\"https:\/\/mag.abracadaroom.com\/fr\/wp-content\/uploads\/2020\/10\/slide-cabanes-arbres_3.jpg\" alt=\"Entre Terre et Ciel\" class=\"aligncenter\"\/><\/p>\n<p style=\"text-align: justify;\">Au milieu de la for\u00eat se trouve cette <a href=\"https:\/\/www.abracadaroom.com\/fr\/reservation-entre-terre-et-ciel-cabane-dans-les-arbres-cabane-spa-mont-blanc-1430\/\" rel=\"noopener\" target=\"_blank\">jolie petite cabane avec spa et sauna privatifs<\/a> avec pour visuel, le toit de l&rsquo;Europe ! Vous vivrez au rythme de la nature dans ce domaine de 3 hectares. Sur la terrasse la vue sur le Mont Blanc vous offre un instant privil\u00e9gi\u00e9 ! Une chose est s\u00fbre, vous repartirez de cet endroit avec des souvenirs plein la t\u00eate. <\/p>\n<h2>Alpin d&rsquo;Home Luxe &#038; Spa &#8211; Hautes-Alpes (05)<\/h2>\n<p><img decoding=\"async\" src=\"https:\/\/mag.abracadaroom.com\/fr\/wp-content\/uploads\/2020\/10\/Alpin-DH\u00f4me-Vue-densemble.jpg\" alt=\"Alpin d'H\u00f4me\" class=\"aligncenter\"\/><\/p>\n<p style=\"text-align: justify;\">D\u00e9couvrez maintenant ce <a href=\"https:\/\/www.abracadaroom.com\/fr\/reservation-alpin-dhome-dome-alpin-dhome-luxe-spa-2866\/\" rel=\"noopener\" target=\"_blank\">d\u00f4me luxe<\/a> qui se fond parfaitement dans son environnement. Durant votre s\u00e9jour, vous pourrez profiter des prestations h\u00f4teli\u00e8res et d&rsquo;une vue magnifique sur les montagnes depuis votre bain baln\u00e9o. Tout est r\u00e9uni pour un s\u00e9jour idyllique au pied de la station des Orres !<\/p>\n<h2>Kota Holly &#8211; Haut-Rhin (68)<\/h2>\n<p><img decoding=\"async\" src=\"https:\/\/mag.abracadaroom.com\/fr\/wp-content\/uploads\/2020\/10\/willow-4.jpg\" alt=\"NatureZenKota\" class=\"aligncenter\"\/><\/p>\n<p style=\"text-align: justify;\">En Alsace, ce <a href=\"https:\/\/www.abracadaroom.com\/fr\/reservation-naturezenkota-kota-kota-holly-1896\/\" rel=\"noopener\" target=\"_blank\">petit coin de paradis<\/a> situ\u00e9 dans la vall\u00e9e de la Wormsa, vous propose un s\u00e9jour d\u00e9tente et bien-\u00eatre ! Vous pourrez vous ressourcer au c\u0153ur de la nature, loin de la pollution urbaine et sonore que vous c\u00f4toyez au quotidien. Vous vivrez un s\u00e9jour unique pour vous reconnecter \u00e0 l&rsquo;essentiel dans ce joli kota finlandais ! <\/p>\n<p style=\"text-align: center;\">Alors, vous \u00eates pr\u00eats \u00e0 d\u00e9valer les pistes ?<br \/>\nOn vous laisse d\u00e9couvrir tous nous autres h\u00e9bergements \u00e0 la montagne,<br \/>\nen cliquant sur le bouton juste en dessus !\n<\/p>\n<p style=\"text-align: center;\"><a style=\"text-shadow: none; font-family: Amatic SC; font-size: 22px; padding: 15px; background-color: #01aeb6; color: white;\" href=\"https:\/\/www.abracadaroom.com\/fr\/sejour-montagne\/\" target=\"_blank\" rel=\"noopener noreferrer\"><b>Tous les h\u00e9bergements \u00e0 la montagne ! <\/b><\/a><\/p>\n","protected":false},"excerpt":{"rendered":"<p>Ca y est, nous y sommes. Cela fait quelques jours que nous sommes pass\u00e9s \u00e0 l&rsquo;heure d&rsquo;hiver. Et qui dit heures d&rsquo;hiver, dit aussi journ\u00e9es plus courtes ! Le soleil se couche de plus en plus t\u00f4t, le froid s&rsquo;invite peu \u00e0 peu dans notre quotidien, nos manteaux quittent nos placards pour nous couvrir et [&hellip;]<\/p>\n","protected":false},"author":8,"featured_media":9307,"comment_status":"open","ping_status":"open","sticky":false,"template":"","format":"standard","meta":{"om_disable_all_campaigns":false,"_uf_show_specific_survey":0,"_uf_disable_surveys":false,"footnotes":""},"categories":[1],"tags":[],"yoast_head":"<!-- This site is optimized with the Yoast SEO plugin v21.8 - https:\/\/yoast.com\/wordpress\/plugins\/seo\/ -->\n<title>Quand l&#039;insolite s&#039;invite \u00e0 la montagne !<\/title>\n<meta name=\"robots\" content=\"index, follow, max-snippet:-1, max-image-preview:large, max-video-preview:-1\" \/>\n<link rel=\"canonical\" href=\"https:\/\/mag.abracadaroom.com\/fr\/quand-linsolite-sinvite-a-la-montagne\/\" \/>\n<meta property=\"og:locale\" content=\"fr_FR\" \/>\n<meta property=\"og:type\" content=\"article\" \/>\n<meta property=\"og:title\" content=\"Quand l&#039;insolite s&#039;invite \u00e0 la montagne !\" \/>\n<meta property=\"og:description\" content=\"Ca y est, nous y sommes. Cela fait quelques jours que nous sommes pass\u00e9s \u00e0 l&rsquo;heure d&rsquo;hiver. Et qui dit heures d&rsquo;hiver, dit aussi journ\u00e9es plus courtes ! Le soleil se couche de plus en plus t\u00f4t, le froid s&rsquo;invite peu \u00e0 peu dans notre quotidien, nos manteaux quittent nos placards pour nous couvrir et [&hellip;]\" \/>\n<meta property=\"og:url\" content=\"https:\/\/mag.abracadaroom.com\/fr\/quand-linsolite-sinvite-a-la-montagne\/\" \/>\n<meta property=\"og:site_name\" content=\"Le blog du tourisme insolite\" \/>\n<meta property=\"article:publisher\" content=\"https:\/\/www.facebook.com\/abracadaroom\" \/>\n<meta property=\"article:published_time\" content=\"2020-10-27T16:00:13+00:00\" \/>\n<meta property=\"article:modified_time\" content=\"2020-10-27T14:09:46+00:00\" \/>\n<meta property=\"og:image\" content=\"https:\/\/mag.abracadaroom.com\/fr\/wp-content\/uploads\/2020\/10\/super-panel-NXBFQdWR_c8-unsplash-1.jpg\" \/>\n\t<meta property=\"og:image:width\" content=\"1500\" \/>\n\t<meta property=\"og:image:height\" content=\"1001\" \/>\n\t<meta property=\"og:image:type\" content=\"image\/jpeg\" \/>\n<meta name=\"author\" content=\"Oumay\" \/>\n<meta name=\"twitter:card\" content=\"summary_large_image\" \/>\n<meta name=\"twitter:creator\" content=\"@abracadaroom\" \/>\n<meta name=\"twitter:site\" content=\"@abracadaroom\" \/>\n<meta name=\"twitter:label1\" content=\"\u00c9crit par\" \/>\n\t<meta name=\"twitter:data1\" content=\"Oumay\" \/>\n\t<meta name=\"twitter:label2\" content=\"Dur\u00e9e de lecture estim\u00e9e\" \/>\n\t<meta name=\"twitter:data2\" content=\"3 minutes\" \/>\n<script type=\"application\/ld+json\" class=\"yoast-schema-graph\">{\"@context\":\"https:\/\/schema.org\",\"@graph\":[{\"@type\":\"WebPage\",\"@id\":\"https:\/\/mag.abracadaroom.com\/fr\/quand-linsolite-sinvite-a-la-montagne\/\",\"url\":\"https:\/\/mag.abracadaroom.com\/fr\/quand-linsolite-sinvite-a-la-montagne\/\",\"name\":\"Quand l'insolite s'invite \u00e0 la montagne !\",\"isPartOf\":{\"@id\":\"https:\/\/mag.abracadaroom.com\/fr\/#website\"},\"datePublished\":\"2020-10-27T16:00:13+00:00\",\"dateModified\":\"2020-10-27T14:09:46+00:00\",\"author\":{\"@id\":\"https:\/\/mag.abracadaroom.com\/fr\/#\/schema\/person\/c12fff50dd61fb4dbce6819851805f9d\"},\"breadcrumb\":{\"@id\":\"https:\/\/mag.abracadaroom.com\/fr\/quand-linsolite-sinvite-a-la-montagne\/#breadcrumb\"},\"inLanguage\":\"fr-FR\",\"potentialAction\":[{\"@type\":\"ReadAction\",\"target\":[\"https:\/\/mag.abracadaroom.com\/fr\/quand-linsolite-sinvite-a-la-montagne\/\"]}]},{\"@type\":\"BreadcrumbList\",\"@id\":\"https:\/\/mag.abracadaroom.com\/fr\/quand-linsolite-sinvite-a-la-montagne\/#breadcrumb\",\"itemListElement\":[{\"@type\":\"ListItem\",\"position\":1,\"name\":\"Home\",\"item\":\"https:\/\/mag.abracadaroom.com\/fr\/\"},{\"@type\":\"ListItem\",\"position\":2,\"name\":\"Quand l&rsquo;insolite s&rsquo;invite \u00e0 la montagne !\"}]},{\"@type\":\"WebSite\",\"@id\":\"https:\/\/mag.abracadaroom.com\/fr\/#website\",\"url\":\"https:\/\/mag.abracadaroom.com\/fr\/\",\"name\":\"Le blog du tourisme insolite\",\"description\":\"\",\"potentialAction\":[{\"@type\":\"SearchAction\",\"target\":{\"@type\":\"EntryPoint\",\"urlTemplate\":\"https:\/\/mag.abracadaroom.com\/fr\/?s={search_term_string}\"},\"query-input\":\"required name=search_term_string\"}],\"inLanguage\":\"fr-FR\"},{\"@type\":\"Person\",\"@id\":\"https:\/\/mag.abracadaroom.com\/fr\/#\/schema\/person\/c12fff50dd61fb4dbce6819851805f9d\",\"name\":\"Oumay\",\"image\":{\"@type\":\"ImageObject\",\"inLanguage\":\"fr-FR\",\"@id\":\"https:\/\/mag.abracadaroom.com\/fr\/#\/schema\/person\/image\/\",\"url\":\"https:\/\/secure.gravatar.com\/avatar\/14cf8522d67c8b18ca19bb5f27b1459f?s=96&d=mm&r=g\",\"contentUrl\":\"https:\/\/secure.gravatar.com\/avatar\/14cf8522d67c8b18ca19bb5f27b1459f?s=96&d=mm&r=g\",\"caption\":\"Oumay\"},\"url\":\"https:\/\/mag.abracadaroom.com\/fr\/author\/oumay\/\"}]}<\/script>\n<!-- \/ Yoast SEO plugin. -->","yoast_head_json":{"title":"Quand l'insolite s'invite \u00e0 la montagne !","robots":{"index":"index","follow":"follow","max-snippet":"max-snippet:-1","max-image-preview":"max-image-preview:large","max-video-preview":"max-video-preview:-1"},"canonical":"https:\/\/mag.abracadaroom.com\/fr\/quand-linsolite-sinvite-a-la-montagne\/","og_locale":"fr_FR","og_type":"article","og_title":"Quand l'insolite s'invite \u00e0 la montagne !","og_description":"Ca y est, nous y sommes. Cela fait quelques jours que nous sommes pass\u00e9s \u00e0 l&rsquo;heure d&rsquo;hiver. Et qui dit heures d&rsquo;hiver, dit aussi journ\u00e9es plus courtes ! Le soleil se couche de plus en plus t\u00f4t, le froid s&rsquo;invite peu \u00e0 peu dans notre quotidien, nos manteaux quittent nos placards pour nous couvrir et [&hellip;]","og_url":"https:\/\/mag.abracadaroom.com\/fr\/quand-linsolite-sinvite-a-la-montagne\/","og_site_name":"Le blog du tourisme insolite","article_publisher":"https:\/\/www.facebook.com\/abracadaroom","article_published_time":"2020-10-27T16:00:13+00:00","article_modified_time":"2020-10-27T14:09:46+00:00","og_image":[{"width":1500,"height":1001,"url":"https:\/\/mag.abracadaroom.com\/fr\/wp-content\/uploads\/2020\/10\/super-panel-NXBFQdWR_c8-unsplash-1.jpg","type":"image\/jpeg"}],"author":"Oumay","twitter_card":"summary_large_image","twitter_creator":"@abracadaroom","twitter_site":"@abracadaroom","twitter_misc":{"\u00c9crit par":"Oumay","Dur\u00e9e de lecture estim\u00e9e":"3 minutes"},"schema":{"@context":"https:\/\/schema.org","@graph":[{"@type":"WebPage","@id":"https:\/\/mag.abracadaroom.com\/fr\/quand-linsolite-sinvite-a-la-montagne\/","url":"https:\/\/mag.abracadaroom.com\/fr\/quand-linsolite-sinvite-a-la-montagne\/","name":"Quand l'insolite s'invite \u00e0 la montagne !","isPartOf":{"@id":"https:\/\/mag.abracadaroom.com\/fr\/#website"},"datePublished":"2020-10-27T16:00:13+00:00","dateModified":"2020-10-27T14:09:46+00:00","author":{"@id":"https:\/\/mag.abracadaroom.com\/fr\/#\/schema\/person\/c12fff50dd61fb4dbce6819851805f9d"},"breadcrumb":{"@id":"https:\/\/mag.abracadaroom.com\/fr\/quand-linsolite-sinvite-a-la-montagne\/#breadcrumb"},"inLanguage":"fr-FR","potentialAction":[{"@type":"ReadAction","target":["https:\/\/mag.abracadaroom.com\/fr\/quand-linsolite-sinvite-a-la-montagne\/"]}]},{"@type":"BreadcrumbList","@id":"https:\/\/mag.abracadaroom.com\/fr\/quand-linsolite-sinvite-a-la-montagne\/#breadcrumb","itemListElement":[{"@type":"ListItem","position":1,"name":"Home","item":"https:\/\/mag.abracadaroom.com\/fr\/"},{"@type":"ListItem","position":2,"name":"Quand l&rsquo;insolite s&rsquo;invite \u00e0 la montagne !"}]},{"@type":"WebSite","@id":"https:\/\/mag.abracadaroom.com\/fr\/#website","url":"https:\/\/mag.abracadaroom.com\/fr\/","name":"Le blog du tourisme insolite","description":"","potentialAction":[{"@type":"SearchAction","target":{"@type":"EntryPoint","urlTemplate":"https:\/\/mag.abracadaroom.com\/fr\/?s={search_term_string}"},"query-input":"required name=search_term_string"}],"inLanguage":"fr-FR"},{"@type":"Person","@id":"https:\/\/mag.abracadaroom.com\/fr\/#\/schema\/person\/c12fff50dd61fb4dbce6819851805f9d","name":"Oumay","image":{"@type":"ImageObject","inLanguage":"fr-FR","@id":"https:\/\/mag.abracadaroom.com\/fr\/#\/schema\/person\/image\/","url":"https:\/\/secure.gravatar.com\/avatar\/14cf8522d67c8b18ca19bb5f27b1459f?s=96&d=mm&r=g","contentUrl":"https:\/\/secure.gravatar.com\/avatar\/14cf8522d67c8b18ca19bb5f27b1459f?s=96&d=mm&r=g","caption":"Oumay"},"url":"https:\/\/mag.abracadaroom.com\/fr\/author\/oumay\/"}]}},"_links":{"self":[{"href":"https:\/\/mag.abracadaroom.com\/fr\/wp-json\/wp\/v2\/posts\/9290"}],"collection":[{"href":"https:\/\/mag.abracadaroom.com\/fr\/wp-json\/wp\/v2\/posts"}],"about":[{"href":"https:\/\/mag.abracadaroom.com\/fr\/wp-json\/wp\/v2\/types\/post"}],"author":[{"embeddable":true,"href":"https:\/\/mag.abracadaroom.com\/fr\/wp-json\/wp\/v2\/users\/8"}],"replies":[{"embeddable":true,"href":"https:\/\/mag.abracadaroom.com\/fr\/wp-json\/wp\/v2\/comments?post=9290"}],"version-history":[{"count":30,"href":"https:\/\/mag.abracadaroom.com\/fr\/wp-json\/wp\/v2\/posts\/9290\/revisions"}],"predecessor-version":[{"id":9332,"href":"https:\/\/mag.abracadaroom.com\/fr\/wp-json\/wp\/v2\/posts\/9290\/revisions\/9332"}],"wp:featuredmedia":[{"embeddable":true,"href":"https:\/\/mag.abracadaroom.com\/fr\/wp-json\/wp\/v2\/media\/9307"}],"wp:attachment":[{"href":"https:\/\/mag.abracadaroom.com\/fr\/wp-json\/wp\/v2\/media?parent=9290"}],"wp:term":[{"taxonomy":"category","embeddable":true,"href":"https:\/\/mag.abracadaroom.com\/fr\/wp-json\/wp\/v2\/categories?post=9290"},{"taxonomy":"post_tag","embeddable":true,"href":"https:\/\/mag.abracadaroom.com\/fr\/wp-json\/wp\/v2\/tags?post=9290"}],"curies":[{"name":"wp","href":"https:\/\/api.w.org\/{rel}","templated":true}]}}