{"id":9858,"date":"2021-04-21T15:00:31","date_gmt":"2021-04-21T14:00:31","guid":{"rendered":"https:\/\/mag.abracadaroom.com\/fr\/?p=9858"},"modified":"2021-04-28T10:43:54","modified_gmt":"2021-04-28T09:43:54","slug":"sejourner-dans-une-cabane-vegetalisee-la-nouvelle-tendance-ecologique","status":"publish","type":"post","link":"https:\/\/mag.abracadaroom.com\/fr\/sejourner-dans-une-cabane-vegetalisee-la-nouvelle-tendance-ecologique\/","title":{"rendered":"Se\u0301journer dans une Cabane Ve\u0301ge\u0301talise\u0301e : la Nouvelle Tendance \u00c9cologique"},"content":{"rendered":"<p>Besoin de vous \u00e9vader ? Vous avez une envie folle de partir en week-end ou en vacances en France en pleine nature ? Nous avons ce qu\u2019il vous faut : un s\u00e9jour dans une cabane v\u00e9g\u00e9talis\u00e9e ! Ce type d\u2019h\u00e9bergement, implant\u00e9 dans un \u00e9crin de verdure, est surmont\u00e9 d\u2019un toit v\u00e9g\u00e9talis\u00e9. Au-del\u00e0 de l\u2019aspect esth\u00e9tique et insolite, la toiture v\u00e9g\u00e9tale compte de nombreux avantages \u00e9cologiques : elle produit de l\u2019oxyg\u00e8ne et absorbe le CO 2, participe \u00e0 l\u2019isolation thermique, sonore et aide \u00e0 la biodiversit\u00e9. Dormir dans une cabane v\u00e9g\u00e9talis\u00e9e vous offrira une escapade au plus proche de la nature, id\u00e9ale pour vous ressourcer.<\/p>\n<h3><strong>Ecolodge la Belle Verte, Saint-M&rsquo;herv\u00e9, Ille-et-Vilaine<\/strong><\/h3>\n<p><img decoding=\"async\" loading=\"lazy\" class=\"size-medium wp-image-9859 alignright\" src=\"https:\/\/mag.abracadaroom.com\/fr\/wp-content\/uploads\/2021\/04\/Buu7tLtnL3Ukk2uDvExPtGquQcPaE5dRS29px3Ya-324x209.jpeg\" alt=\"\" width=\"324\" height=\"209\" srcset=\"https:\/\/mag.abracadaroom.com\/fr\/wp-content\/uploads\/2021\/04\/Buu7tLtnL3Ukk2uDvExPtGquQcPaE5dRS29px3Ya-324x209.jpeg 324w, https:\/\/mag.abracadaroom.com\/fr\/wp-content\/uploads\/2021\/04\/Buu7tLtnL3Ukk2uDvExPtGquQcPaE5dRS29px3Ya-768x495.jpeg 768w, https:\/\/mag.abracadaroom.com\/fr\/wp-content\/uploads\/2021\/04\/Buu7tLtnL3Ukk2uDvExPtGquQcPaE5dRS29px3Ya-1024x660.jpeg 1024w, https:\/\/mag.abracadaroom.com\/fr\/wp-content\/uploads\/2021\/04\/Buu7tLtnL3Ukk2uDvExPtGquQcPaE5dRS29px3Ya-696x449.jpeg 696w, https:\/\/mag.abracadaroom.com\/fr\/wp-content\/uploads\/2021\/04\/Buu7tLtnL3Ukk2uDvExPtGquQcPaE5dRS29px3Ya-1068x688.jpeg 1068w, https:\/\/mag.abracadaroom.com\/fr\/wp-content\/uploads\/2021\/04\/Buu7tLtnL3Ukk2uDvExPtGquQcPaE5dRS29px3Ya-652x420.jpeg 652w, https:\/\/mag.abracadaroom.com\/fr\/wp-content\/uploads\/2021\/04\/Buu7tLtnL3Ukk2uDvExPtGquQcPaE5dRS29px3Ya-1920x1237.jpeg 1920w, https:\/\/mag.abracadaroom.com\/fr\/wp-content\/uploads\/2021\/04\/Buu7tLtnL3Ukk2uDvExPtGquQcPaE5dRS29px3Ya.jpeg 2000w\" sizes=\"(max-width: 324px) 100vw, 324px\" \/><a href=\"https:\/\/www.abracadaroom.com\/fr\/reservation-ecolodge-la-belle-verte-cabane-vegetalisee-ecolodge-sous-les-pommiers-1230\/\">L\u2019ecolodge sous les Pommiers<\/a> est une cabane v\u00e9g\u00e9talis\u00e9e si parfaitement int\u00e9gr\u00e9e \u00e0 l\u2019environnement, que vous aurez d\u2019ailleurs du mal \u00e0 l\u2019apercevoir ! Les mat\u00e9riaux de construction (bois et terre) et le toit v\u00e9g\u00e9talis\u00e9 apportent chaleur, confort et douceur \u00e0 votre s\u00e9jour. Enti\u00e8rement \u00e9cologique, cet h\u00e9bergement est un petit paradis pour les amoureux de la nature. Rien de mieux qu\u2019une maison v\u00e9g\u00e9talis\u00e9e pour faire voyager les petits comme les grands !<\/p>\n<h3><strong>Bulles d&rsquo;Herbe, Queyrieres, Haute-Loire<\/strong><\/h3>\n<p>Dans la <a href=\"https:\/\/www.abracadaroom.com\/fr\/reservation-les-bulles-dherbe-cabane-vegetalisee-bulle-de-pierre-spa-2740\/\">Bulle de Pierre<\/a>, vos vacances seront davantage min\u00e9rales. <img decoding=\"async\" loading=\"lazy\" class=\"size-medium wp-image-9860 alignleft\" src=\"https:\/\/mag.abracadaroom.com\/fr\/wp-content\/uploads\/2021\/04\/zClGtjIezksHWbvZIDXaqNeq11zGFPA6K5NQnL8K-324x243.jpeg\" alt=\"\" width=\"324\" height=\"243\" srcset=\"https:\/\/mag.abracadaroom.com\/fr\/wp-content\/uploads\/2021\/04\/zClGtjIezksHWbvZIDXaqNeq11zGFPA6K5NQnL8K-324x243.jpeg 324w, https:\/\/mag.abracadaroom.com\/fr\/wp-content\/uploads\/2021\/04\/zClGtjIezksHWbvZIDXaqNeq11zGFPA6K5NQnL8K-768x576.jpeg 768w, https:\/\/mag.abracadaroom.com\/fr\/wp-content\/uploads\/2021\/04\/zClGtjIezksHWbvZIDXaqNeq11zGFPA6K5NQnL8K-1024x768.jpeg 1024w, https:\/\/mag.abracadaroom.com\/fr\/wp-content\/uploads\/2021\/04\/zClGtjIezksHWbvZIDXaqNeq11zGFPA6K5NQnL8K-80x60.jpeg 80w, https:\/\/mag.abracadaroom.com\/fr\/wp-content\/uploads\/2021\/04\/zClGtjIezksHWbvZIDXaqNeq11zGFPA6K5NQnL8K-265x198.jpeg 265w, https:\/\/mag.abracadaroom.com\/fr\/wp-content\/uploads\/2021\/04\/zClGtjIezksHWbvZIDXaqNeq11zGFPA6K5NQnL8K-696x522.jpeg 696w, https:\/\/mag.abracadaroom.com\/fr\/wp-content\/uploads\/2021\/04\/zClGtjIezksHWbvZIDXaqNeq11zGFPA6K5NQnL8K-1068x801.jpeg 1068w, https:\/\/mag.abracadaroom.com\/fr\/wp-content\/uploads\/2021\/04\/zClGtjIezksHWbvZIDXaqNeq11zGFPA6K5NQnL8K-560x420.jpeg 560w, https:\/\/mag.abracadaroom.com\/fr\/wp-content\/uploads\/2021\/04\/zClGtjIezksHWbvZIDXaqNeq11zGFPA6K5NQnL8K-1920x1440.jpeg 1920w, https:\/\/mag.abracadaroom.com\/fr\/wp-content\/uploads\/2021\/04\/zClGtjIezksHWbvZIDXaqNeq11zGFPA6K5NQnL8K.jpeg 2000w\" sizes=\"(max-width: 324px) 100vw, 324px\" \/>Ce petit nid douillet, semi-enterr\u00e9, est d\u00e9cor\u00e9 sur le th\u00e8me du basalte, la roche volcanique locale de ce village de Haute-Loire. Gr\u00e2ce \u00e0 d\u2019immenses baies vitr\u00e9es, vous pourrez jouir tout au long de votre\u00a0s\u00e9jour d\u2019une vue grandiose sur les montagnes d\u2019Auvergne. Le petit plus ? Un spa privatif avec jacuzzi sur votre terrasse, pour un week-end relaxant et un confort optimal.<\/p>\n<p>&nbsp;<\/p>\n<h3><strong>Vit Tel Ta Nature, Vittel, Vosges<\/strong><\/h3>\n<p><a href=\"https:\/\/www.abracadaroom.com\/fr\/reservation-vit-tel-ta-nature-cabane-vegetalisee-gaia-2216\/\">Gaia<\/a> est un autre genre de maison, une cabane v\u00e9g\u00e9talis\u00e9e familiale dont le nom n\u2019est<img decoding=\"async\" loading=\"lazy\" class=\"size-medium wp-image-9861 alignright\" src=\"https:\/\/mag.abracadaroom.com\/fr\/wp-content\/uploads\/2021\/04\/2s4Ijt0yk8nTjBvaEGShepqtTy2T949qAfzAIt58-324x224.jpeg\" alt=\"\" width=\"324\" height=\"224\" srcset=\"https:\/\/mag.abracadaroom.com\/fr\/wp-content\/uploads\/2021\/04\/2s4Ijt0yk8nTjBvaEGShepqtTy2T949qAfzAIt58-324x224.jpeg 324w, https:\/\/mag.abracadaroom.com\/fr\/wp-content\/uploads\/2021\/04\/2s4Ijt0yk8nTjBvaEGShepqtTy2T949qAfzAIt58-768x531.jpeg 768w, https:\/\/mag.abracadaroom.com\/fr\/wp-content\/uploads\/2021\/04\/2s4Ijt0yk8nTjBvaEGShepqtTy2T949qAfzAIt58-1024x708.jpeg 1024w, https:\/\/mag.abracadaroom.com\/fr\/wp-content\/uploads\/2021\/04\/2s4Ijt0yk8nTjBvaEGShepqtTy2T949qAfzAIt58-100x70.jpeg 100w, https:\/\/mag.abracadaroom.com\/fr\/wp-content\/uploads\/2021\/04\/2s4Ijt0yk8nTjBvaEGShepqtTy2T949qAfzAIt58-218x150.jpeg 218w, https:\/\/mag.abracadaroom.com\/fr\/wp-content\/uploads\/2021\/04\/2s4Ijt0yk8nTjBvaEGShepqtTy2T949qAfzAIt58-696x481.jpeg 696w, https:\/\/mag.abracadaroom.com\/fr\/wp-content\/uploads\/2021\/04\/2s4Ijt0yk8nTjBvaEGShepqtTy2T949qAfzAIt58-1068x738.jpeg 1068w, https:\/\/mag.abracadaroom.com\/fr\/wp-content\/uploads\/2021\/04\/2s4Ijt0yk8nTjBvaEGShepqtTy2T949qAfzAIt58-608x420.jpeg 608w, https:\/\/mag.abracadaroom.com\/fr\/wp-content\/uploads\/2021\/04\/2s4Ijt0yk8nTjBvaEGShepqtTy2T949qAfzAIt58-1920x1327.jpeg 1920w, https:\/\/mag.abracadaroom.com\/fr\/wp-content\/uploads\/2021\/04\/2s4Ijt0yk8nTjBvaEGShepqtTy2T949qAfzAIt58.jpeg 2000w\" sizes=\"(max-width: 324px) 100vw, 324px\" \/> autre que celui de la terre. Id\u00e9al pour des vacances avec votre tribu, l\u2019h\u00e9bergement insolite peut accueillir jusqu\u2019\u00e0 six personnes ! La construction enti\u00e8rement en bois, le po\u00eale \u00e0 pellets et le sauna ne feront qu\u2019ajouter du confort \u00e0 votre escapade d\u2019exception.<\/p>\n<h3><\/h3>\n<h3><\/h3>\n<p>&nbsp;<\/p>\n<h3><strong>Cabane Spa Cosmos, Sorgues, Vaucluse<\/strong><\/h3>\n<p>Cette <a href=\"https:\/\/www.abracadaroom.com\/fr\/reservation-coucoo-grands-cepages-cabane-vegetalisee-cabane-spa-cosmos-1847\/\">cabane troglodyte<\/a>, creus\u00e9e dans la pierre et au toit v\u00e9g\u00e9talis\u00e9, vous offrira une<img decoding=\"async\" loading=\"lazy\" class=\"size-medium wp-image-9862 alignleft\" src=\"https:\/\/mag.abracadaroom.com\/fr\/wp-content\/uploads\/2021\/04\/bg0Ce20eSk3y8texUWUqBL4Xej5dJydmrpTmk4GS-324x218.jpeg\" alt=\"\" width=\"324\" height=\"218\" srcset=\"https:\/\/mag.abracadaroom.com\/fr\/wp-content\/uploads\/2021\/04\/bg0Ce20eSk3y8texUWUqBL4Xej5dJydmrpTmk4GS-324x218.jpeg 324w, https:\/\/mag.abracadaroom.com\/fr\/wp-content\/uploads\/2021\/04\/bg0Ce20eSk3y8texUWUqBL4Xej5dJydmrpTmk4GS-768x517.jpeg 768w, https:\/\/mag.abracadaroom.com\/fr\/wp-content\/uploads\/2021\/04\/bg0Ce20eSk3y8texUWUqBL4Xej5dJydmrpTmk4GS-1024x689.jpeg 1024w, https:\/\/mag.abracadaroom.com\/fr\/wp-content\/uploads\/2021\/04\/bg0Ce20eSk3y8texUWUqBL4Xej5dJydmrpTmk4GS-696x469.jpeg 696w, https:\/\/mag.abracadaroom.com\/fr\/wp-content\/uploads\/2021\/04\/bg0Ce20eSk3y8texUWUqBL4Xej5dJydmrpTmk4GS-1068x719.jpeg 1068w, https:\/\/mag.abracadaroom.com\/fr\/wp-content\/uploads\/2021\/04\/bg0Ce20eSk3y8texUWUqBL4Xej5dJydmrpTmk4GS-624x420.jpeg 624w, https:\/\/mag.abracadaroom.com\/fr\/wp-content\/uploads\/2021\/04\/bg0Ce20eSk3y8texUWUqBL4Xej5dJydmrpTmk4GS-1920x1292.jpeg 1920w, https:\/\/mag.abracadaroom.com\/fr\/wp-content\/uploads\/2021\/04\/bg0Ce20eSk3y8texUWUqBL4Xej5dJydmrpTmk4GS.jpeg 1998w\" sizes=\"(max-width: 324px) 100vw, 324px\" \/> exp\u00e9rience originale et insolite dans un cadre paradisiaque. Face \u00e0 l\u2019\u00e9tang de Lionne, vos vacances seront propices au calme et \u00e0 un retour \u00e0 la nature, loin de tous vos tracas quotidiens. Au c\u0153ur du vignoble de Ch\u00e2teauneuf du Pape, dans le Vaucluse, vous pourrez en profiter pour d\u00e9couvrir la r\u00e9gion et d\u00e9guster les d\u00e9licieux vins locaux.<\/p>\n<p>&nbsp;<\/p>\n<h3><strong>Domaine de l&rsquo;Ours***, St Urcize, Cantal<\/strong><\/h3>\n<p>Depuis votre terrasse de la <a href=\"https:\/\/www.abracadaroom.com\/fr\/reservation-domaine-de-lours-cabane-vegetalisee-collinea-1654\/\">cabane v\u00e9g\u00e9tale du Collin\u00e9a<\/a>, vous profiterez de la vue<img decoding=\"async\" loading=\"lazy\" class=\"size-medium wp-image-9863 alignright\" src=\"https:\/\/mag.abracadaroom.com\/fr\/wp-content\/uploads\/2021\/04\/WOHB13Rg3BtLeWmSo5l57stros2MBfbnX4J1rZrT-324x243.jpeg\" alt=\"\" width=\"324\" height=\"243\" srcset=\"https:\/\/mag.abracadaroom.com\/fr\/wp-content\/uploads\/2021\/04\/WOHB13Rg3BtLeWmSo5l57stros2MBfbnX4J1rZrT-324x243.jpeg 324w, https:\/\/mag.abracadaroom.com\/fr\/wp-content\/uploads\/2021\/04\/WOHB13Rg3BtLeWmSo5l57stros2MBfbnX4J1rZrT-768x576.jpeg 768w, https:\/\/mag.abracadaroom.com\/fr\/wp-content\/uploads\/2021\/04\/WOHB13Rg3BtLeWmSo5l57stros2MBfbnX4J1rZrT-80x60.jpeg 80w, https:\/\/mag.abracadaroom.com\/fr\/wp-content\/uploads\/2021\/04\/WOHB13Rg3BtLeWmSo5l57stros2MBfbnX4J1rZrT-265x198.jpeg 265w, https:\/\/mag.abracadaroom.com\/fr\/wp-content\/uploads\/2021\/04\/WOHB13Rg3BtLeWmSo5l57stros2MBfbnX4J1rZrT-696x522.jpeg 696w, https:\/\/mag.abracadaroom.com\/fr\/wp-content\/uploads\/2021\/04\/WOHB13Rg3BtLeWmSo5l57stros2MBfbnX4J1rZrT-560x420.jpeg 560w, https:\/\/mag.abracadaroom.com\/fr\/wp-content\/uploads\/2021\/04\/WOHB13Rg3BtLeWmSo5l57stros2MBfbnX4J1rZrT.jpeg 911w\" sizes=\"(max-width: 324px) 100vw, 324px\" \/> panoramique sur la vall\u00e9e de l&rsquo;Aubrac et le village de Saint-Urcize. Situ\u00e9 \u00e0 l\u2019\u00e9cart du camping, cet ecolodge surplombe les cascades en contre-bas et vous immerge dans la nature aveyronnaise. En amoureux, entre amis ou en famille, venez vous ressourcer dans ce lieu simple pour un rendez-vous inoubliable avec la nature !<\/p>\n<p>&nbsp;<\/p>\n<p>D\u00e9couvrez plein d\u2019autres inspirations nature avec nos <a href=\"https:\/\/www.abracadaroom.com\/fr\/nuit-insolite-ecolodge\/\">ecolodges<\/a>, fabriqu\u00e9s \u00e0 partir de mat\u00e9riaux \u00e9cologiques, ils sont tout aussi id\u00e9aux pour un s\u00e9jour insolite et \u00e9cologique !<\/p>\n<p>&nbsp;<\/p>\n","protected":false},"excerpt":{"rendered":"<p>Besoin de vous \u00e9vader ? Vous avez une envie folle de partir en week-end ou en vacances en France en pleine nature ? Nous avons ce qu\u2019il vous faut : un s\u00e9jour dans une cabane v\u00e9g\u00e9talis\u00e9e ! Ce type d\u2019h\u00e9bergement, implant\u00e9 dans un \u00e9crin de verdure, est surmont\u00e9 d\u2019un toit v\u00e9g\u00e9talis\u00e9. Au-del\u00e0 de l\u2019aspect esth\u00e9tique [&hellip;]<\/p>\n","protected":false},"author":12,"featured_media":9865,"comment_status":"open","ping_status":"open","sticky":false,"template":"","format":"standard","meta":{"om_disable_all_campaigns":false,"_uf_show_specific_survey":0,"_uf_disable_surveys":false,"footnotes":""},"categories":[1],"tags":[],"yoast_head":"<!-- This site is optimized with the Yoast SEO plugin v21.8 - https:\/\/yoast.com\/wordpress\/plugins\/seo\/ -->\n<title>Se\u0301journer dans une Cabane Ve\u0301ge\u0301talise\u0301e : la Nouvelle Tendance \u00c9cologique<\/title>\n<meta name=\"description\" content=\"Envie de vous \u00e9vader en pleine nature le temps d\u2019un week-end ou plus ? D\u00e9couvrez toutes nos cabanes v\u00e9g\u00e9talis\u00e9es pour vivre une aventure insolite et \u00e9cologique !\" \/>\n<meta name=\"robots\" content=\"index, follow, max-snippet:-1, max-image-preview:large, max-video-preview:-1\" \/>\n<link rel=\"canonical\" href=\"https:\/\/mag.abracadaroom.com\/fr\/sejourner-dans-une-cabane-vegetalisee-la-nouvelle-tendance-ecologique\/\" \/>\n<meta property=\"og:locale\" content=\"fr_FR\" \/>\n<meta property=\"og:type\" content=\"article\" \/>\n<meta property=\"og:title\" content=\"Se\u0301journer dans une Cabane Ve\u0301ge\u0301talise\u0301e : la Nouvelle Tendance \u00c9cologique\" \/>\n<meta property=\"og:description\" content=\"Envie de vous \u00e9vader en pleine nature le temps d\u2019un week-end ou plus ? D\u00e9couvrez toutes nos cabanes v\u00e9g\u00e9talis\u00e9es pour vivre une aventure insolite et \u00e9cologique !\" \/>\n<meta property=\"og:url\" content=\"https:\/\/mag.abracadaroom.com\/fr\/sejourner-dans-une-cabane-vegetalisee-la-nouvelle-tendance-ecologique\/\" \/>\n<meta property=\"og:site_name\" content=\"Le blog du tourisme insolite\" \/>\n<meta property=\"article:publisher\" content=\"https:\/\/www.facebook.com\/abracadaroom\" \/>\n<meta property=\"article:published_time\" content=\"2021-04-21T14:00:31+00:00\" \/>\n<meta property=\"article:modified_time\" content=\"2021-04-28T09:43:54+00:00\" \/>\n<meta property=\"og:image\" content=\"https:\/\/mag.abracadaroom.com\/fr\/wp-content\/uploads\/2021\/04\/Lyo3fjxZD3S0c2qCZkbdw0rzjEZILLOV6p2WtYay.jpeg\" \/>\n\t<meta property=\"og:image:width\" content=\"2000\" \/>\n\t<meta property=\"og:image:height\" content=\"1292\" \/>\n\t<meta property=\"og:image:type\" content=\"image\/jpeg\" \/>\n<meta name=\"author\" content=\"Juliana\" \/>\n<meta name=\"twitter:card\" content=\"summary_large_image\" \/>\n<meta name=\"twitter:creator\" content=\"@abracadaroom\" \/>\n<meta name=\"twitter:site\" content=\"@abracadaroom\" \/>\n<meta name=\"twitter:label1\" content=\"\u00c9crit par\" \/>\n\t<meta name=\"twitter:data1\" content=\"Juliana\" \/>\n\t<meta name=\"twitter:label2\" content=\"Dur\u00e9e de lecture estim\u00e9e\" \/>\n\t<meta name=\"twitter:data2\" content=\"3 minutes\" \/>\n<script type=\"application\/ld+json\" class=\"yoast-schema-graph\">{\"@context\":\"https:\/\/schema.org\",\"@graph\":[{\"@type\":\"WebPage\",\"@id\":\"https:\/\/mag.abracadaroom.com\/fr\/sejourner-dans-une-cabane-vegetalisee-la-nouvelle-tendance-ecologique\/\",\"url\":\"https:\/\/mag.abracadaroom.com\/fr\/sejourner-dans-une-cabane-vegetalisee-la-nouvelle-tendance-ecologique\/\",\"name\":\"Se\u0301journer dans une Cabane Ve\u0301ge\u0301talise\u0301e : la Nouvelle Tendance \u00c9cologique\",\"isPartOf\":{\"@id\":\"https:\/\/mag.abracadaroom.com\/fr\/#website\"},\"datePublished\":\"2021-04-21T14:00:31+00:00\",\"dateModified\":\"2021-04-28T09:43:54+00:00\",\"author\":{\"@id\":\"https:\/\/mag.abracadaroom.com\/fr\/#\/schema\/person\/fa197b9cb690e32885539872f2a20b04\"},\"description\":\"Envie de vous \u00e9vader en pleine nature le temps d\u2019un week-end ou plus ? D\u00e9couvrez toutes nos cabanes v\u00e9g\u00e9talis\u00e9es pour vivre une aventure insolite et \u00e9cologique !\",\"breadcrumb\":{\"@id\":\"https:\/\/mag.abracadaroom.com\/fr\/sejourner-dans-une-cabane-vegetalisee-la-nouvelle-tendance-ecologique\/#breadcrumb\"},\"inLanguage\":\"fr-FR\",\"potentialAction\":[{\"@type\":\"ReadAction\",\"target\":[\"https:\/\/mag.abracadaroom.com\/fr\/sejourner-dans-une-cabane-vegetalisee-la-nouvelle-tendance-ecologique\/\"]}]},{\"@type\":\"BreadcrumbList\",\"@id\":\"https:\/\/mag.abracadaroom.com\/fr\/sejourner-dans-une-cabane-vegetalisee-la-nouvelle-tendance-ecologique\/#breadcrumb\",\"itemListElement\":[{\"@type\":\"ListItem\",\"position\":1,\"name\":\"Home\",\"item\":\"https:\/\/mag.abracadaroom.com\/fr\/\"},{\"@type\":\"ListItem\",\"position\":2,\"name\":\"Se\u0301journer dans une Cabane Ve\u0301ge\u0301talise\u0301e : la Nouvelle Tendance \u00c9cologique\"}]},{\"@type\":\"WebSite\",\"@id\":\"https:\/\/mag.abracadaroom.com\/fr\/#website\",\"url\":\"https:\/\/mag.abracadaroom.com\/fr\/\",\"name\":\"Le blog du tourisme insolite\",\"description\":\"\",\"potentialAction\":[{\"@type\":\"SearchAction\",\"target\":{\"@type\":\"EntryPoint\",\"urlTemplate\":\"https:\/\/mag.abracadaroom.com\/fr\/?s={search_term_string}\"},\"query-input\":\"required name=search_term_string\"}],\"inLanguage\":\"fr-FR\"},{\"@type\":\"Person\",\"@id\":\"https:\/\/mag.abracadaroom.com\/fr\/#\/schema\/person\/fa197b9cb690e32885539872f2a20b04\",\"name\":\"Juliana\",\"image\":{\"@type\":\"ImageObject\",\"inLanguage\":\"fr-FR\",\"@id\":\"https:\/\/mag.abracadaroom.com\/fr\/#\/schema\/person\/image\/\",\"url\":\"https:\/\/secure.gravatar.com\/avatar\/dca21c981e2ed4df4fe0d23a8e98b31e?s=96&d=mm&r=g\",\"contentUrl\":\"https:\/\/secure.gravatar.com\/avatar\/dca21c981e2ed4df4fe0d23a8e98b31e?s=96&d=mm&r=g\",\"caption\":\"Juliana\"},\"url\":\"https:\/\/mag.abracadaroom.com\/fr\/author\/juliana\/\"}]}<\/script>\n<!-- \/ Yoast SEO plugin. -->","yoast_head_json":{"title":"Se\u0301journer dans une Cabane Ve\u0301ge\u0301talise\u0301e : la Nouvelle Tendance \u00c9cologique","description":"Envie de vous \u00e9vader en pleine nature le temps d\u2019un week-end ou plus ? D\u00e9couvrez toutes nos cabanes v\u00e9g\u00e9talis\u00e9es pour vivre une aventure insolite et \u00e9cologique !","robots":{"index":"index","follow":"follow","max-snippet":"max-snippet:-1","max-image-preview":"max-image-preview:large","max-video-preview":"max-video-preview:-1"},"canonical":"https:\/\/mag.abracadaroom.com\/fr\/sejourner-dans-une-cabane-vegetalisee-la-nouvelle-tendance-ecologique\/","og_locale":"fr_FR","og_type":"article","og_title":"Se\u0301journer dans une Cabane Ve\u0301ge\u0301talise\u0301e : la Nouvelle Tendance \u00c9cologique","og_description":"Envie de vous \u00e9vader en pleine nature le temps d\u2019un week-end ou plus ? D\u00e9couvrez toutes nos cabanes v\u00e9g\u00e9talis\u00e9es pour vivre une aventure insolite et \u00e9cologique !","og_url":"https:\/\/mag.abracadaroom.com\/fr\/sejourner-dans-une-cabane-vegetalisee-la-nouvelle-tendance-ecologique\/","og_site_name":"Le blog du tourisme insolite","article_publisher":"https:\/\/www.facebook.com\/abracadaroom","article_published_time":"2021-04-21T14:00:31+00:00","article_modified_time":"2021-04-28T09:43:54+00:00","og_image":[{"width":2000,"height":1292,"url":"https:\/\/mag.abracadaroom.com\/fr\/wp-content\/uploads\/2021\/04\/Lyo3fjxZD3S0c2qCZkbdw0rzjEZILLOV6p2WtYay.jpeg","type":"image\/jpeg"}],"author":"Juliana","twitter_card":"summary_large_image","twitter_creator":"@abracadaroom","twitter_site":"@abracadaroom","twitter_misc":{"\u00c9crit par":"Juliana","Dur\u00e9e de lecture estim\u00e9e":"3 minutes"},"schema":{"@context":"https:\/\/schema.org","@graph":[{"@type":"WebPage","@id":"https:\/\/mag.abracadaroom.com\/fr\/sejourner-dans-une-cabane-vegetalisee-la-nouvelle-tendance-ecologique\/","url":"https:\/\/mag.abracadaroom.com\/fr\/sejourner-dans-une-cabane-vegetalisee-la-nouvelle-tendance-ecologique\/","name":"Se\u0301journer dans une Cabane Ve\u0301ge\u0301talise\u0301e : la Nouvelle Tendance \u00c9cologique","isPartOf":{"@id":"https:\/\/mag.abracadaroom.com\/fr\/#website"},"datePublished":"2021-04-21T14:00:31+00:00","dateModified":"2021-04-28T09:43:54+00:00","author":{"@id":"https:\/\/mag.abracadaroom.com\/fr\/#\/schema\/person\/fa197b9cb690e32885539872f2a20b04"},"description":"Envie de vous \u00e9vader en pleine nature le temps d\u2019un week-end ou plus ? D\u00e9couvrez toutes nos cabanes v\u00e9g\u00e9talis\u00e9es pour vivre une aventure insolite et \u00e9cologique !","breadcrumb":{"@id":"https:\/\/mag.abracadaroom.com\/fr\/sejourner-dans-une-cabane-vegetalisee-la-nouvelle-tendance-ecologique\/#breadcrumb"},"inLanguage":"fr-FR","potentialAction":[{"@type":"ReadAction","target":["https:\/\/mag.abracadaroom.com\/fr\/sejourner-dans-une-cabane-vegetalisee-la-nouvelle-tendance-ecologique\/"]}]},{"@type":"BreadcrumbList","@id":"https:\/\/mag.abracadaroom.com\/fr\/sejourner-dans-une-cabane-vegetalisee-la-nouvelle-tendance-ecologique\/#breadcrumb","itemListElement":[{"@type":"ListItem","position":1,"name":"Home","item":"https:\/\/mag.abracadaroom.com\/fr\/"},{"@type":"ListItem","position":2,"name":"Se\u0301journer dans une Cabane Ve\u0301ge\u0301talise\u0301e : la Nouvelle Tendance \u00c9cologique"}]},{"@type":"WebSite","@id":"https:\/\/mag.abracadaroom.com\/fr\/#website","url":"https:\/\/mag.abracadaroom.com\/fr\/","name":"Le blog du tourisme insolite","description":"","potentialAction":[{"@type":"SearchAction","target":{"@type":"EntryPoint","urlTemplate":"https:\/\/mag.abracadaroom.com\/fr\/?s={search_term_string}"},"query-input":"required name=search_term_string"}],"inLanguage":"fr-FR"},{"@type":"Person","@id":"https:\/\/mag.abracadaroom.com\/fr\/#\/schema\/person\/fa197b9cb690e32885539872f2a20b04","name":"Juliana","image":{"@type":"ImageObject","inLanguage":"fr-FR","@id":"https:\/\/mag.abracadaroom.com\/fr\/#\/schema\/person\/image\/","url":"https:\/\/secure.gravatar.com\/avatar\/dca21c981e2ed4df4fe0d23a8e98b31e?s=96&d=mm&r=g","contentUrl":"https:\/\/secure.gravatar.com\/avatar\/dca21c981e2ed4df4fe0d23a8e98b31e?s=96&d=mm&r=g","caption":"Juliana"},"url":"https:\/\/mag.abracadaroom.com\/fr\/author\/juliana\/"}]}},"_links":{"self":[{"href":"https:\/\/mag.abracadaroom.com\/fr\/wp-json\/wp\/v2\/posts\/9858"}],"collection":[{"href":"https:\/\/mag.abracadaroom.com\/fr\/wp-json\/wp\/v2\/posts"}],"about":[{"href":"https:\/\/mag.abracadaroom.com\/fr\/wp-json\/wp\/v2\/types\/post"}],"author":[{"embeddable":true,"href":"https:\/\/mag.abracadaroom.com\/fr\/wp-json\/wp\/v2\/users\/12"}],"replies":[{"embeddable":true,"href":"https:\/\/mag.abracadaroom.com\/fr\/wp-json\/wp\/v2\/comments?post=9858"}],"version-history":[{"count":4,"href":"https:\/\/mag.abracadaroom.com\/fr\/wp-json\/wp\/v2\/posts\/9858\/revisions"}],"predecessor-version":[{"id":9889,"href":"https:\/\/mag.abracadaroom.com\/fr\/wp-json\/wp\/v2\/posts\/9858\/revisions\/9889"}],"wp:featuredmedia":[{"embeddable":true,"href":"https:\/\/mag.abracadaroom.com\/fr\/wp-json\/wp\/v2\/media\/9865"}],"wp:attachment":[{"href":"https:\/\/mag.abracadaroom.com\/fr\/wp-json\/wp\/v2\/media?parent=9858"}],"wp:term":[{"taxonomy":"category","embeddable":true,"href":"https:\/\/mag.abracadaroom.com\/fr\/wp-json\/wp\/v2\/categories?post=9858"},{"taxonomy":"post_tag","embeddable":true,"href":"https:\/\/mag.abracadaroom.com\/fr\/wp-json\/wp\/v2\/tags?post=9858"}],"curies":[{"name":"wp","href":"https:\/\/api.w.org\/{rel}","templated":true}]}}